{"id":8493,"date":"2022-02-17T11:39:12","date_gmt":"2022-02-17T10:39:12","guid":{"rendered":"https:\/\/kwp.at\/pensionistenklubs\/?p=8493"},"modified":"2026-07-23T14:22:27","modified_gmt":"2026-07-23T12:22:27","slug":"jakob-wandert-und-die-klubs-wandern-mit","status":"publish","type":"post","link":"https:\/\/kwp.at\/pensionistenklubs\/jakob-wandert-und-die-klubs-wandern-mit\/","title":{"rendered":"Jakob wandert und die Klubs wandern mit!"},"content":{"rendered":"\n<p class=\"wp-block-paragraph\"><strong>Die PensionistInnenklubs setzen mit ihrem mobilen Klubstandort, dem<a href=\"https:\/\/kwp.at\/pensionistenklubs\/unsere-klubs-2\/unsere-klubs\/klub-im-freien\/\"> Klub+ Im Freien<\/a>, wienweit Angebote f\u00fcr Bewegung und Zusammenhalt im Freien.<\/strong><\/p>\n\n\n\n<p class=\"wp-block-paragraph\">Klubmitarbeiter und Qi Gong Trainer Jakob Trousil bietet vielf\u00e4ltige <strong>Bewegungsm\u00f6glichkeiten f\u00fcr SeniorInnen<\/strong> an. Neben seinen Qi Gong Einheiten ist Jakob auch gerne in der Natur unterwegs. <\/p>\n\n\n\n<p class=\"wp-block-paragraph\"><strong>Darum l\u00e4dt Jakob ab Februar 2022 1x im Monat KlubbesucherInnen und KlubmitarbeiterInnen ein, gemeinsam zu wandern.<\/strong><\/p>\n\n\n\n<h2 class=\"wp-block-heading\">Auf geht&#8217;s! <\/h2>\n\n\n\n<p class=\"wp-block-paragraph\">Von einem gemeinsamen Treffpunkt aus f\u00fchren Jakobs <strong>Wanderrouten durch beliebte Naherholungsgebiete in und um Wien<\/strong>. <\/p>\n\n\n\n<p class=\"wp-block-paragraph\">Die Strecken sind jeweils zwischen 7km und 12km lang und haben einen mittleren Schwierigkeitsgrad. Die <strong>Touren dauern etwa 3 Stunden <\/strong>(mit Pausen). Eine Trinkflasche, gutes Schuhwerk und Wanderst\u00f6cke sind dabei empfehlenswert. <\/p>\n\n\n\n<div style=\"background-color: #80c677\" class=\"wp-block-kwp-blocks-infobox\"><h3>Wandern Sie mit!<\/h3><p>\n<p class=\"wp-block-paragraph\">Die erste Tour startet am <strong>24.2.2022 um 10:00 Uhr<\/strong>. <\/p>\n\n\n\n<p class=\"wp-block-paragraph\"><strong>Treffpunkt ist in Neuwaldegg<\/strong> bei der Endhaltestelle der Stra\u00dfenbahnline 43. Danach geht es zu Fu\u00df Richtung Schloss Neuwaldegg. Entlang der Schwarzenbergallee f\u00fchrt die Route bis zum Hameau und anschlie\u00dfend \u00fcber die Paula Wiese wieder retour. <\/p>\n\n\n\n<p class=\"wp-block-paragraph\"><strong>Folgetermine: <\/strong><\/p>\n\n\n\n<ul class=\"wp-block-list\">\n<li>24. M\u00e4rz 2022, ab 10:00 Uhr<\/li>\n\n\n\n<li>28. April 2022, ab 10:00 Uhr<\/li>\n\n\n\n<li>19. Mai 2022, ab 10:00 Uhr<\/li>\n\n\n\n<li>23. Juni 2022, ab 10:00 Uhr<\/li>\n<\/ul>\n<\/p><\/div>\n\n\n\n<p class=\"wp-block-paragraph\">Um w\u00e4hrend der Teilnahme an unseren Klubaktivit\u00e4ten f\u00fcr Ihre pers\u00f6nliche Sicherheit zu garantieren, sorgen die PensionistInnenklubs im Rahmen der Covid-19-Ma\u00dfnahmen f\u00fcr ein umfangreiches <a href=\"https:\/\/kwp.at\/pensionistenklubs\/covid-19-sicherheitskonzept\/\">Sicherheitskonzept<\/a>. <\/p>\n","protected":false},"excerpt":{"rendered":"<p>Die PensionistInnenklubs setzen mit ihrem mobilen Klubstandort, dem Klub+ Im Freien, wienweit Angebote f\u00fcr Bewegung und Zusammenhalt im Freien. Klubmitarbeiter und Qi Gong Trainer Jakob<\/p>\n","protected":false},"author":78,"featured_media":8501,"comment_status":"closed","ping_status":"closed","sticky":false,"template":"","format":"standard","meta":{"_acf_changed":false,"footnotes":""},"categories":[1,20,21],"tags":[],"class_list":["post-8493","post","type-post","status-publish","format-standard","has-post-thumbnail","hentry","category-allgemein","category-bewegung-im-freien","category-unterwegs-mit-den-klubs"],"acf":[],"yoast_head":"<!-- This site is optimized with the Yoast SEO plugin v28.2 - https:\/\/yoast.com\/product\/yoast-seo-wordpress\/ -->\n<title>Jakob wandert und die Klubs wandern mit! - Pensionist*innenklubs<\/title>\n<meta name=\"robots\" content=\"index, follow, max-snippet:-1, max-image-preview:large, max-video-preview:-1\" \/>\n<link rel=\"canonical\" href=\"https:\/\/kwp.at\/pensionistenklubs\/jakob-wandert-und-die-klubs-wandern-mit\/\" \/>\n<meta property=\"og:locale\" content=\"de_DE\" \/>\n<meta property=\"og:type\" content=\"article\" \/>\n<meta property=\"og:title\" content=\"Jakob wandert und die Klubs wandern mit! - Pensionist*innenklubs\" \/>\n<meta property=\"og:description\" content=\"Die PensionistInnenklubs setzen mit ihrem mobilen Klubstandort, dem Klub+ Im Freien, wienweit Angebote f\u00fcr Bewegung und Zusammenhalt im Freien. Klubmitarbeiter und Qi Gong Trainer Jakob\" \/>\n<meta property=\"og:url\" content=\"https:\/\/kwp.at\/pensionistenklubs\/jakob-wandert-und-die-klubs-wandern-mit\/\" \/>\n<meta property=\"og:site_name\" content=\"Pensionist*innenklubs\" \/>\n<meta property=\"article:published_time\" content=\"2022-02-17T10:39:12+00:00\" \/>\n<meta property=\"article:modified_time\" content=\"2026-07-23T12:22:27+00:00\" \/>\n<meta property=\"og:image\" content=\"https:\/\/kwp.at\/pensionistenklubs\/wp-content\/uploads\/sites\/2\/2022\/02\/JPG_Klein_Kampagne_PK_NEU-4845-e1644570682338.jpg\" \/>\n\t<meta property=\"og:image:width\" content=\"1024\" \/>\n\t<meta property=\"og:image:height\" content=\"517\" \/>\n\t<meta property=\"og:image:type\" content=\"image\/jpeg\" \/>\n<meta name=\"author\" content=\"jgreger\" \/>\n<meta name=\"twitter:card\" content=\"summary_large_image\" \/>\n<meta name=\"twitter:label1\" content=\"Geschrieben von\" \/>\n\t<meta name=\"twitter:data1\" content=\"jgreger\" \/>\n\t<meta name=\"twitter:label2\" content=\"Gesch\u00e4tzte Lesezeit\" \/>\n\t<meta name=\"twitter:data2\" content=\"2\u00a0Minuten\" \/>\n<script type=\"application\/ld+json\" class=\"yoast-schema-graph\">{\"@context\":\"https:\\\/\\\/schema.org\",\"@graph\":[{\"@type\":\"Article\",\"@id\":\"https:\\\/\\\/kwp.at\\\/pensionistenklubs\\\/jakob-wandert-und-die-klubs-wandern-mit\\\/#article\",\"isPartOf\":{\"@id\":\"https:\\\/\\\/kwp.at\\\/pensionistenklubs\\\/jakob-wandert-und-die-klubs-wandern-mit\\\/\"},\"author\":{\"name\":\"jgreger\",\"@id\":\"https:\\\/\\\/kwp.at\\\/pensionistenklubs\\\/#\\\/schema\\\/person\\\/61cf2d6446ddb6c1b29073be14a63b67\"},\"headline\":\"Jakob wandert und die Klubs wandern mit!\",\"datePublished\":\"2022-02-17T10:39:12+00:00\",\"dateModified\":\"2026-07-23T12:22:27+00:00\",\"mainEntityOfPage\":{\"@id\":\"https:\\\/\\\/kwp.at\\\/pensionistenklubs\\\/jakob-wandert-und-die-klubs-wandern-mit\\\/\"},\"wordCount\":214,\"publisher\":{\"@id\":\"https:\\\/\\\/kwp.at\\\/pensionistenklubs\\\/#organization\"},\"image\":{\"@id\":\"https:\\\/\\\/kwp.at\\\/pensionistenklubs\\\/jakob-wandert-und-die-klubs-wandern-mit\\\/#primaryimage\"},\"thumbnailUrl\":\"https:\\\/\\\/kwp.at\\\/pensionistenklubs\\\/wp-content\\\/uploads\\\/sites\\\/2\\\/2022\\\/02\\\/JPG_Klein_Kampagne_PK_NEU-4845-e1644570682338.jpg\",\"articleSection\":{\"1\":\"Bewegung im Freien\",\"2\":\"Unterwegs mit den Klubs\"},\"inLanguage\":\"de\"},{\"@type\":\"WebPage\",\"@id\":\"https:\\\/\\\/kwp.at\\\/pensionistenklubs\\\/jakob-wandert-und-die-klubs-wandern-mit\\\/\",\"url\":\"https:\\\/\\\/kwp.at\\\/pensionistenklubs\\\/jakob-wandert-und-die-klubs-wandern-mit\\\/\",\"name\":\"Jakob wandert und die Klubs wandern mit! - Pensionist*innenklubs\",\"isPartOf\":{\"@id\":\"https:\\\/\\\/kwp.at\\\/pensionistenklubs\\\/#website\"},\"primaryImageOfPage\":{\"@id\":\"https:\\\/\\\/kwp.at\\\/pensionistenklubs\\\/jakob-wandert-und-die-klubs-wandern-mit\\\/#primaryimage\"},\"image\":{\"@id\":\"https:\\\/\\\/kwp.at\\\/pensionistenklubs\\\/jakob-wandert-und-die-klubs-wandern-mit\\\/#primaryimage\"},\"thumbnailUrl\":\"https:\\\/\\\/kwp.at\\\/pensionistenklubs\\\/wp-content\\\/uploads\\\/sites\\\/2\\\/2022\\\/02\\\/JPG_Klein_Kampagne_PK_NEU-4845-e1644570682338.jpg\",\"datePublished\":\"2022-02-17T10:39:12+00:00\",\"dateModified\":\"2026-07-23T12:22:27+00:00\",\"inLanguage\":\"de\",\"potentialAction\":[{\"@type\":\"ReadAction\",\"target\":[\"https:\\\/\\\/kwp.at\\\/pensionistenklubs\\\/jakob-wandert-und-die-klubs-wandern-mit\\\/\"]}]},{\"@type\":\"ImageObject\",\"inLanguage\":\"de\",\"@id\":\"https:\\\/\\\/kwp.at\\\/pensionistenklubs\\\/jakob-wandert-und-die-klubs-wandern-mit\\\/#primaryimage\",\"url\":\"https:\\\/\\\/kwp.at\\\/pensionistenklubs\\\/wp-content\\\/uploads\\\/sites\\\/2\\\/2022\\\/02\\\/JPG_Klein_Kampagne_PK_NEU-4845-e1644570682338.jpg\",\"contentUrl\":\"https:\\\/\\\/kwp.at\\\/pensionistenklubs\\\/wp-content\\\/uploads\\\/sites\\\/2\\\/2022\\\/02\\\/JPG_Klein_Kampagne_PK_NEU-4845-e1644570682338.jpg\",\"width\":7677,\"height\":3876},{\"@type\":\"WebSite\",\"@id\":\"https:\\\/\\\/kwp.at\\\/pensionistenklubs\\\/#website\",\"url\":\"https:\\\/\\\/kwp.at\\\/pensionistenklubs\\\/\",\"name\":\"Pensionist*innenklubs\",\"description\":\"F\u00fcr die Stadt Wien\",\"publisher\":{\"@id\":\"https:\\\/\\\/kwp.at\\\/pensionistenklubs\\\/#organization\"},\"potentialAction\":[{\"@type\":\"SearchAction\",\"target\":{\"@type\":\"EntryPoint\",\"urlTemplate\":\"https:\\\/\\\/kwp.at\\\/pensionistenklubs\\\/?s={search_term_string}\"},\"query-input\":{\"@type\":\"PropertyValueSpecification\",\"valueRequired\":true,\"valueName\":\"search_term_string\"}}],\"inLanguage\":\"de\"},{\"@type\":\"Organization\",\"@id\":\"https:\\\/\\\/kwp.at\\\/pensionistenklubs\\\/#organization\",\"name\":\"PensionistInnenklubs f\u00fcr die Stadt Wien\",\"url\":\"https:\\\/\\\/kwp.at\\\/pensionistenklubs\\\/\",\"logo\":{\"@type\":\"ImageObject\",\"inLanguage\":\"de\",\"@id\":\"https:\\\/\\\/kwp.at\\\/pensionistenklubs\\\/#\\\/schema\\\/logo\\\/image\\\/\",\"url\":\"https:\\\/\\\/kwp.at\\\/pensionistenklubs\\\/wp-content\\\/uploads\\\/sites\\\/2\\\/2022\\\/08\\\/Logo-Pensionistenklubs-scaled-1.jpeg\",\"contentUrl\":\"https:\\\/\\\/kwp.at\\\/pensionistenklubs\\\/wp-content\\\/uploads\\\/sites\\\/2\\\/2022\\\/08\\\/Logo-Pensionistenklubs-scaled-1.jpeg\",\"width\":2560,\"height\":610,\"caption\":\"PensionistInnenklubs f\u00fcr die Stadt Wien\"},\"image\":{\"@id\":\"https:\\\/\\\/kwp.at\\\/pensionistenklubs\\\/#\\\/schema\\\/logo\\\/image\\\/\"}},{\"@type\":\"Person\",\"@id\":\"https:\\\/\\\/kwp.at\\\/pensionistenklubs\\\/#\\\/schema\\\/person\\\/61cf2d6446ddb6c1b29073be14a63b67\",\"name\":\"jgreger\",\"image\":{\"@type\":\"ImageObject\",\"inLanguage\":\"de\",\"@id\":\"https:\\\/\\\/secure.gravatar.com\\\/avatar\\\/9684a2cbe3b4eafe5f601756fda0a28c737f31d3356c28616a94c17141dfb8c4?s=96&d=mm&r=g\",\"url\":\"https:\\\/\\\/secure.gravatar.com\\\/avatar\\\/9684a2cbe3b4eafe5f601756fda0a28c737f31d3356c28616a94c17141dfb8c4?s=96&d=mm&r=g\",\"contentUrl\":\"https:\\\/\\\/secure.gravatar.com\\\/avatar\\\/9684a2cbe3b4eafe5f601756fda0a28c737f31d3356c28616a94c17141dfb8c4?s=96&d=mm&r=g\",\"caption\":\"jgreger\"}}]}<\/script>\n<!-- \/ Yoast SEO plugin. -->","yoast_head_json":{"title":"Jakob wandert und die Klubs wandern mit! - Pensionist*innenklubs","robots":{"index":"index","follow":"follow","max-snippet":"max-snippet:-1","max-image-preview":"max-image-preview:large","max-video-preview":"max-video-preview:-1"},"canonical":"https:\/\/kwp.at\/pensionistenklubs\/jakob-wandert-und-die-klubs-wandern-mit\/","og_locale":"de_DE","og_type":"article","og_title":"Jakob wandert und die Klubs wandern mit! - Pensionist*innenklubs","og_description":"Die PensionistInnenklubs setzen mit ihrem mobilen Klubstandort, dem Klub+ Im Freien, wienweit Angebote f\u00fcr Bewegung und Zusammenhalt im Freien. Klubmitarbeiter und Qi Gong Trainer Jakob","og_url":"https:\/\/kwp.at\/pensionistenklubs\/jakob-wandert-und-die-klubs-wandern-mit\/","og_site_name":"Pensionist*innenklubs","article_published_time":"2022-02-17T10:39:12+00:00","article_modified_time":"2026-07-23T12:22:27+00:00","og_image":[{"url":"https:\/\/kwp.at\/pensionistenklubs\/wp-content\/uploads\/sites\/2\/2022\/02\/JPG_Klein_Kampagne_PK_NEU-4845-e1644570682338.jpg","width":1024,"height":517,"type":"image\/jpeg"}],"author":"jgreger","twitter_card":"summary_large_image","twitter_misc":{"Geschrieben von":"jgreger","Gesch\u00e4tzte Lesezeit":"2\u00a0Minuten"},"schema":{"@context":"https:\/\/schema.org","@graph":[{"@type":"Article","@id":"https:\/\/kwp.at\/pensionistenklubs\/jakob-wandert-und-die-klubs-wandern-mit\/#article","isPartOf":{"@id":"https:\/\/kwp.at\/pensionistenklubs\/jakob-wandert-und-die-klubs-wandern-mit\/"},"author":{"name":"jgreger","@id":"https:\/\/kwp.at\/pensionistenklubs\/#\/schema\/person\/61cf2d6446ddb6c1b29073be14a63b67"},"headline":"Jakob wandert und die Klubs wandern mit!","datePublished":"2022-02-17T10:39:12+00:00","dateModified":"2026-07-23T12:22:27+00:00","mainEntityOfPage":{"@id":"https:\/\/kwp.at\/pensionistenklubs\/jakob-wandert-und-die-klubs-wandern-mit\/"},"wordCount":214,"publisher":{"@id":"https:\/\/kwp.at\/pensionistenklubs\/#organization"},"image":{"@id":"https:\/\/kwp.at\/pensionistenklubs\/jakob-wandert-und-die-klubs-wandern-mit\/#primaryimage"},"thumbnailUrl":"https:\/\/kwp.at\/pensionistenklubs\/wp-content\/uploads\/sites\/2\/2022\/02\/JPG_Klein_Kampagne_PK_NEU-4845-e1644570682338.jpg","articleSection":{"1":"Bewegung im Freien","2":"Unterwegs mit den Klubs"},"inLanguage":"de"},{"@type":"WebPage","@id":"https:\/\/kwp.at\/pensionistenklubs\/jakob-wandert-und-die-klubs-wandern-mit\/","url":"https:\/\/kwp.at\/pensionistenklubs\/jakob-wandert-und-die-klubs-wandern-mit\/","name":"Jakob wandert und die Klubs wandern mit! - Pensionist*innenklubs","isPartOf":{"@id":"https:\/\/kwp.at\/pensionistenklubs\/#website"},"primaryImageOfPage":{"@id":"https:\/\/kwp.at\/pensionistenklubs\/jakob-wandert-und-die-klubs-wandern-mit\/#primaryimage"},"image":{"@id":"https:\/\/kwp.at\/pensionistenklubs\/jakob-wandert-und-die-klubs-wandern-mit\/#primaryimage"},"thumbnailUrl":"https:\/\/kwp.at\/pensionistenklubs\/wp-content\/uploads\/sites\/2\/2022\/02\/JPG_Klein_Kampagne_PK_NEU-4845-e1644570682338.jpg","datePublished":"2022-02-17T10:39:12+00:00","dateModified":"2026-07-23T12:22:27+00:00","inLanguage":"de","potentialAction":[{"@type":"ReadAction","target":["https:\/\/kwp.at\/pensionistenklubs\/jakob-wandert-und-die-klubs-wandern-mit\/"]}]},{"@type":"ImageObject","inLanguage":"de","@id":"https:\/\/kwp.at\/pensionistenklubs\/jakob-wandert-und-die-klubs-wandern-mit\/#primaryimage","url":"https:\/\/kwp.at\/pensionistenklubs\/wp-content\/uploads\/sites\/2\/2022\/02\/JPG_Klein_Kampagne_PK_NEU-4845-e1644570682338.jpg","contentUrl":"https:\/\/kwp.at\/pensionistenklubs\/wp-content\/uploads\/sites\/2\/2022\/02\/JPG_Klein_Kampagne_PK_NEU-4845-e1644570682338.jpg","width":7677,"height":3876},{"@type":"WebSite","@id":"https:\/\/kwp.at\/pensionistenklubs\/#website","url":"https:\/\/kwp.at\/pensionistenklubs\/","name":"Pensionist*innenklubs","description":"F\u00fcr die Stadt Wien","publisher":{"@id":"https:\/\/kwp.at\/pensionistenklubs\/#organization"},"potentialAction":[{"@type":"SearchAction","target":{"@type":"EntryPoint","urlTemplate":"https:\/\/kwp.at\/pensionistenklubs\/?s={search_term_string}"},"query-input":{"@type":"PropertyValueSpecification","valueRequired":true,"valueName":"search_term_string"}}],"inLanguage":"de"},{"@type":"Organization","@id":"https:\/\/kwp.at\/pensionistenklubs\/#organization","name":"PensionistInnenklubs f\u00fcr die Stadt Wien","url":"https:\/\/kwp.at\/pensionistenklubs\/","logo":{"@type":"ImageObject","inLanguage":"de","@id":"https:\/\/kwp.at\/pensionistenklubs\/#\/schema\/logo\/image\/","url":"https:\/\/kwp.at\/pensionistenklubs\/wp-content\/uploads\/sites\/2\/2022\/08\/Logo-Pensionistenklubs-scaled-1.jpeg","contentUrl":"https:\/\/kwp.at\/pensionistenklubs\/wp-content\/uploads\/sites\/2\/2022\/08\/Logo-Pensionistenklubs-scaled-1.jpeg","width":2560,"height":610,"caption":"PensionistInnenklubs f\u00fcr die Stadt Wien"},"image":{"@id":"https:\/\/kwp.at\/pensionistenklubs\/#\/schema\/logo\/image\/"}},{"@type":"Person","@id":"https:\/\/kwp.at\/pensionistenklubs\/#\/schema\/person\/61cf2d6446ddb6c1b29073be14a63b67","name":"jgreger","image":{"@type":"ImageObject","inLanguage":"de","@id":"https:\/\/secure.gravatar.com\/avatar\/9684a2cbe3b4eafe5f601756fda0a28c737f31d3356c28616a94c17141dfb8c4?s=96&d=mm&r=g","url":"https:\/\/secure.gravatar.com\/avatar\/9684a2cbe3b4eafe5f601756fda0a28c737f31d3356c28616a94c17141dfb8c4?s=96&d=mm&r=g","contentUrl":"https:\/\/secure.gravatar.com\/avatar\/9684a2cbe3b4eafe5f601756fda0a28c737f31d3356c28616a94c17141dfb8c4?s=96&d=mm&r=g","caption":"jgreger"}}]}},"_links":{"self":[{"href":"https:\/\/kwp.at\/pensionistenklubs\/wp-json\/wp\/v2\/posts\/8493","targetHints":{"allow":["GET"]}}],"collection":[{"href":"https:\/\/kwp.at\/pensionistenklubs\/wp-json\/wp\/v2\/posts"}],"about":[{"href":"https:\/\/kwp.at\/pensionistenklubs\/wp-json\/wp\/v2\/types\/post"}],"author":[{"embeddable":true,"href":"https:\/\/kwp.at\/pensionistenklubs\/wp-json\/wp\/v2\/users\/78"}],"replies":[{"embeddable":true,"href":"https:\/\/kwp.at\/pensionistenklubs\/wp-json\/wp\/v2\/comments?post=8493"}],"version-history":[{"count":24,"href":"https:\/\/kwp.at\/pensionistenklubs\/wp-json\/wp\/v2\/posts\/8493\/revisions"}],"predecessor-version":[{"id":21907,"href":"https:\/\/kwp.at\/pensionistenklubs\/wp-json\/wp\/v2\/posts\/8493\/revisions\/21907"}],"wp:featuredmedia":[{"embeddable":true,"href":"https:\/\/kwp.at\/pensionistenklubs\/wp-json\/wp\/v2\/media\/8501"}],"wp:attachment":[{"href":"https:\/\/kwp.at\/pensionistenklubs\/wp-json\/wp\/v2\/media?parent=8493"}],"wp:term":[{"taxonomy":"category","embeddable":true,"href":"https:\/\/kwp.at\/pensionistenklubs\/wp-json\/wp\/v2\/categories?post=8493"},{"taxonomy":"post_tag","embeddable":true,"href":"https:\/\/kwp.at\/pensionistenklubs\/wp-json\/wp\/v2\/tags?post=8493"}],"curies":[{"name":"wp","href":"https:\/\/api.w.org\/{rel}","templated":true}]}}