{"id":6516,"date":"2021-09-09T11:11:34","date_gmt":"2021-09-09T09:11:34","guid":{"rendered":"https:\/\/kwp.at\/pensionistenklubs\/?p=6516"},"modified":"2021-09-21T11:33:11","modified_gmt":"2021-09-21T09:33:11","slug":"aktionswoche-demenz","status":"publish","type":"post","link":"https:\/\/kwp.at\/pensionistenklubs\/aktionswoche-demenz\/","title":{"rendered":"Aktionswoche Demenz"},"content":{"rendered":"\n<p><strong>Im Rahmen einer Aktionswoche vom 20. bis zum 24. September machen die PensionistInnenklubs f\u00fcr die Stadt Wien und die <a href=\"https:\/\/kwp.at\/aktionswoche-demenz-hzl\/\" target=\"_blank\" rel=\"noreferrer noopener\">H\u00e4user zum Leben<\/a> auf die Themen Vergesslichkeit und dementielle Erkrankung aufmerksam.<\/strong><\/p>\n\n\n\n<h2 class=\"wp-block-heading\">Unsere Highlights zum Welt-Alzheimertag<\/h2>\n\n\n\n<p>Anl\u00e4sslich des Welt-Alzheimertages am 21. September bieten die PensionistInnenklubs ein abwechslungsreiches Programm. <\/p>\n\n\n\n<div style=\"background-color: #00a18e\" class=\"wp-block-kwp-blocks-infobox\"><h3>Programm am 21. September 2021<\/h3><p>\n<p><strong>Rikschafahren<\/strong><\/p>\n\n\n\n<ul class=\"wp-block-list\"><li>Klub 2., Bl\u00f6cklingstra\u00dfe 43<\/li><li>Von 10 bis 16 Uhr<\/li><li>D\u00fcsen Sie mit den Klubs eine Runde durch den Prater. Mit FahrerIn, f\u00fcr 2 Personen, bitte um Anmeldung.<\/li><\/ul>\n\n\n\n<p><strong>Sitzyoga<\/strong><\/p>\n\n\n\n<ul class=\"wp-block-list\"><li>Klub 12., Meidlinger Hauptstra\u00dfe<\/li><li>14 Uhr<\/li><li>Enstspannung f\u00fcr K\u00f6rper und Geist. Ohne Anmeldung, einfach vorbeikommen.<\/li><\/ul>\n\n\n\n<p><strong>Musikalischer Nachmittag<\/strong><\/p>\n\n\n\n<ul class=\"wp-block-list\"><li>Klub 18., Gersthofer Stra\u00dfe 75<\/li><li>15 Uhr<\/li><li>Gemeinsam Erinnerungen wecken. Ohne Anmeldung, einfach vorbeikommen.<\/li><\/ul>\n\n\n\n<a target=\"_blank\" href=\"https:\/\/kwp.at\/veranstaltungen\/?filter=club&amp;club_style=1&amp;event_search=&amp;start_date=2021-09-21&amp;end_date=\" rel=\"noopener noreferrer\" class=\"wp-block-kwp-blocks-button-block\">Zum Programm<\/a>\n<\/p><\/div>\n\n\n\n<div style=\"background-color: #80c677\" class=\"wp-block-kwp-blocks-infobox\"><h3>Beratung in den H\u00e4usern zum Leben<\/h3><p>\n<p>In der Aktionswoche bieten die H\u00e4user zum Leben zus\u00e4tzliche Beratungstermine f\u00fcr Betroffene, Zu- und Angeh\u00f6rige und Interessierte an. Termine k\u00f6nnen Sie telefonisch direkt in einem der 30 H\u00e4user zum Leben buchen.<\/p>\n\n\n\n<a target=\"_blank\" href=\"https:\/\/kwp.at\/haeuser\/\" rel=\"noopener noreferrer\" class=\"wp-block-kwp-blocks-button-block\">Termin buchen<\/a>\n<\/p><\/div>\n\n\n\n<div style=\"background-color: #70c4e5\" class=\"wp-block-kwp-blocks-infobox\"><h3>Sonderfolge #demenzRAUM am 21.9.2021<\/h3><p>\n<p>In der Sonderfolge zum Thema &#8222;Framing Demenz&#8220; diskutiert ein hochkar\u00e4tig besetztes Panel \u00fcber das Wort &#8222;Demenz&#8220; und seinen Ruf. TeilnehmerInnen der Diskussionsrunde im <a href=\"https:\/\/kwp.at\/mitwirken\/demenzraum\/\" target=\"_blank\" rel=\"noreferrer noopener\">#demenzRAUM<\/a> sind: Helga Rohra, Angela Pototschnigg, Vicki de Klerk-Rubin, Petra R\u00f6sler, Peter Wi\u00dfman u.v.m.<\/p>\n\n\n\n<ul class=\"wp-block-list\"><li>21.9.2021<\/li><li>17:00 bis 19:00 Uhr<\/li><li>online im #demenzRAUM<\/li><\/ul>\n\n\n\n<a target=\"_blank\" href=\"https:\/\/wrk-at.zoom.us\/j\/82651823100\" rel=\"noopener noreferrer\" class=\"wp-block-kwp-blocks-button-block\">\u00dcber Zoom teilnehmen<\/a>\n<\/p><\/div>\n","protected":false},"excerpt":{"rendered":"<p>Im Rahmen einer Aktionswoche vom 20. bis zum 24. September machen die PensionistInnenklubs f\u00fcr die Stadt Wien und die H\u00e4user zum Leben auf die Themen<\/p>\n","protected":false},"author":105,"featured_media":6368,"comment_status":"closed","ping_status":"closed","sticky":false,"template":"","format":"standard","meta":{"_acf_changed":false,"footnotes":""},"categories":[1],"tags":[],"class_list":["post-6516","post","type-post","status-publish","format-standard","has-post-thumbnail","hentry","category-allgemein"],"acf":[],"yoast_head":"<!-- This site is optimized with the Yoast SEO plugin v27.4 - https:\/\/yoast.com\/product\/yoast-seo-wordpress\/ -->\n<title>Aktionswoche Demenz - Pensionist*innenklubs<\/title>\n<meta name=\"robots\" content=\"index, follow, max-snippet:-1, max-image-preview:large, max-video-preview:-1\" \/>\n<link rel=\"canonical\" href=\"https:\/\/kwp.at\/pensionistenklubs\/aktionswoche-demenz\/\" \/>\n<meta property=\"og:locale\" content=\"de_DE\" \/>\n<meta property=\"og:type\" content=\"article\" \/>\n<meta property=\"og:title\" content=\"Aktionswoche Demenz - Pensionist*innenklubs\" \/>\n<meta property=\"og:description\" content=\"Im Rahmen einer Aktionswoche vom 20. bis zum 24. September machen die PensionistInnenklubs f\u00fcr die Stadt Wien und die H\u00e4user zum Leben auf die Themen\" \/>\n<meta property=\"og:url\" content=\"https:\/\/kwp.at\/pensionistenklubs\/aktionswoche-demenz\/\" \/>\n<meta property=\"og:site_name\" content=\"Pensionist*innenklubs\" \/>\n<meta property=\"article:published_time\" content=\"2021-09-09T09:11:34+00:00\" \/>\n<meta property=\"article:modified_time\" content=\"2021-09-21T09:33:11+00:00\" \/>\n<meta property=\"og:image\" content=\"https:\/\/kwp.at\/pensionistenklubs\/wp-content\/uploads\/sites\/2\/2021\/09\/WA-Tag-c-KWP_Horak-scaled-e1630654650786.jpg\" \/>\n\t<meta property=\"og:image:width\" content=\"2560\" \/>\n\t<meta property=\"og:image:height\" content=\"1106\" \/>\n\t<meta property=\"og:image:type\" content=\"image\/jpeg\" \/>\n<meta name=\"twitter:card\" content=\"summary_large_image\" \/>\n<meta name=\"twitter:label1\" content=\"Geschrieben von\" \/>\n\t<meta name=\"twitter:data1\" content=\"\" \/>\n\t<meta name=\"twitter:label2\" content=\"Gesch\u00e4tzte Lesezeit\" \/>\n\t<meta name=\"twitter:data2\" content=\"1\u00a0Minute\" \/>\n<script type=\"application\/ld+json\" class=\"yoast-schema-graph\">{\"@context\":\"https:\\\/\\\/schema.org\",\"@graph\":[{\"@type\":\"Article\",\"@id\":\"https:\\\/\\\/kwp.at\\\/pensionistenklubs\\\/aktionswoche-demenz\\\/#article\",\"isPartOf\":{\"@id\":\"https:\\\/\\\/kwp.at\\\/pensionistenklubs\\\/aktionswoche-demenz\\\/\"},\"author\":{\"name\":\"\",\"@id\":\"\"},\"headline\":\"Aktionswoche Demenz\",\"datePublished\":\"2021-09-09T09:11:34+00:00\",\"dateModified\":\"2021-09-21T09:33:11+00:00\",\"mainEntityOfPage\":{\"@id\":\"https:\\\/\\\/kwp.at\\\/pensionistenklubs\\\/aktionswoche-demenz\\\/\"},\"wordCount\":209,\"publisher\":{\"@id\":\"https:\\\/\\\/kwp.at\\\/pensionistenklubs\\\/#organization\"},\"image\":{\"@id\":\"https:\\\/\\\/kwp.at\\\/pensionistenklubs\\\/aktionswoche-demenz\\\/#primaryimage\"},\"thumbnailUrl\":\"https:\\\/\\\/kwp.at\\\/pensionistenklubs\\\/wp-content\\\/uploads\\\/sites\\\/2\\\/2021\\\/09\\\/WA-Tag-c-KWP_Horak-scaled-e1630654650786.jpg\",\"inLanguage\":\"de\"},{\"@type\":\"WebPage\",\"@id\":\"https:\\\/\\\/kwp.at\\\/pensionistenklubs\\\/aktionswoche-demenz\\\/\",\"url\":\"https:\\\/\\\/kwp.at\\\/pensionistenklubs\\\/aktionswoche-demenz\\\/\",\"name\":\"Aktionswoche Demenz - Pensionist*innenklubs\",\"isPartOf\":{\"@id\":\"https:\\\/\\\/kwp.at\\\/pensionistenklubs\\\/#website\"},\"primaryImageOfPage\":{\"@id\":\"https:\\\/\\\/kwp.at\\\/pensionistenklubs\\\/aktionswoche-demenz\\\/#primaryimage\"},\"image\":{\"@id\":\"https:\\\/\\\/kwp.at\\\/pensionistenklubs\\\/aktionswoche-demenz\\\/#primaryimage\"},\"thumbnailUrl\":\"https:\\\/\\\/kwp.at\\\/pensionistenklubs\\\/wp-content\\\/uploads\\\/sites\\\/2\\\/2021\\\/09\\\/WA-Tag-c-KWP_Horak-scaled-e1630654650786.jpg\",\"datePublished\":\"2021-09-09T09:11:34+00:00\",\"dateModified\":\"2021-09-21T09:33:11+00:00\",\"inLanguage\":\"de\",\"potentialAction\":[{\"@type\":\"ReadAction\",\"target\":[\"https:\\\/\\\/kwp.at\\\/pensionistenklubs\\\/aktionswoche-demenz\\\/\"]}]},{\"@type\":\"ImageObject\",\"inLanguage\":\"de\",\"@id\":\"https:\\\/\\\/kwp.at\\\/pensionistenklubs\\\/aktionswoche-demenz\\\/#primaryimage\",\"url\":\"https:\\\/\\\/kwp.at\\\/pensionistenklubs\\\/wp-content\\\/uploads\\\/sites\\\/2\\\/2021\\\/09\\\/WA-Tag-c-KWP_Horak-scaled-e1630654650786.jpg\",\"contentUrl\":\"https:\\\/\\\/kwp.at\\\/pensionistenklubs\\\/wp-content\\\/uploads\\\/sites\\\/2\\\/2021\\\/09\\\/WA-Tag-c-KWP_Horak-scaled-e1630654650786.jpg\",\"width\":2560,\"height\":1106},{\"@type\":\"WebSite\",\"@id\":\"https:\\\/\\\/kwp.at\\\/pensionistenklubs\\\/#website\",\"url\":\"https:\\\/\\\/kwp.at\\\/pensionistenklubs\\\/\",\"name\":\"Pensionist*innenklubs\",\"description\":\"F\u00fcr die Stadt Wien\",\"publisher\":{\"@id\":\"https:\\\/\\\/kwp.at\\\/pensionistenklubs\\\/#organization\"},\"potentialAction\":[{\"@type\":\"SearchAction\",\"target\":{\"@type\":\"EntryPoint\",\"urlTemplate\":\"https:\\\/\\\/kwp.at\\\/pensionistenklubs\\\/?s={search_term_string}\"},\"query-input\":{\"@type\":\"PropertyValueSpecification\",\"valueRequired\":true,\"valueName\":\"search_term_string\"}}],\"inLanguage\":\"de\"},{\"@type\":\"Organization\",\"@id\":\"https:\\\/\\\/kwp.at\\\/pensionistenklubs\\\/#organization\",\"name\":\"PensionistInnenklubs f\u00fcr die Stadt Wien\",\"url\":\"https:\\\/\\\/kwp.at\\\/pensionistenklubs\\\/\",\"logo\":{\"@type\":\"ImageObject\",\"inLanguage\":\"de\",\"@id\":\"https:\\\/\\\/kwp.at\\\/pensionistenklubs\\\/#\\\/schema\\\/logo\\\/image\\\/\",\"url\":\"https:\\\/\\\/kwp.at\\\/pensionistenklubs\\\/wp-content\\\/uploads\\\/sites\\\/2\\\/2022\\\/08\\\/Logo-Pensionistenklubs-scaled-1.jpeg\",\"contentUrl\":\"https:\\\/\\\/kwp.at\\\/pensionistenklubs\\\/wp-content\\\/uploads\\\/sites\\\/2\\\/2022\\\/08\\\/Logo-Pensionistenklubs-scaled-1.jpeg\",\"width\":2560,\"height\":610,\"caption\":\"PensionistInnenklubs f\u00fcr die Stadt Wien\"},\"image\":{\"@id\":\"https:\\\/\\\/kwp.at\\\/pensionistenklubs\\\/#\\\/schema\\\/logo\\\/image\\\/\"}},{\"@type\":\"Person\",\"@id\":\"\"}]}<\/script>\n<!-- \/ Yoast SEO plugin. -->","yoast_head_json":{"title":"Aktionswoche Demenz - Pensionist*innenklubs","robots":{"index":"index","follow":"follow","max-snippet":"max-snippet:-1","max-image-preview":"max-image-preview:large","max-video-preview":"max-video-preview:-1"},"canonical":"https:\/\/kwp.at\/pensionistenklubs\/aktionswoche-demenz\/","og_locale":"de_DE","og_type":"article","og_title":"Aktionswoche Demenz - Pensionist*innenklubs","og_description":"Im Rahmen einer Aktionswoche vom 20. bis zum 24. September machen die PensionistInnenklubs f\u00fcr die Stadt Wien und die H\u00e4user zum Leben auf die Themen","og_url":"https:\/\/kwp.at\/pensionistenklubs\/aktionswoche-demenz\/","og_site_name":"Pensionist*innenklubs","article_published_time":"2021-09-09T09:11:34+00:00","article_modified_time":"2021-09-21T09:33:11+00:00","og_image":[{"width":2560,"height":1106,"url":"https:\/\/kwp.at\/pensionistenklubs\/wp-content\/uploads\/sites\/2\/2021\/09\/WA-Tag-c-KWP_Horak-scaled-e1630654650786.jpg","type":"image\/jpeg"}],"twitter_card":"summary_large_image","twitter_misc":{"Geschrieben von":"","Gesch\u00e4tzte Lesezeit":"1\u00a0Minute"},"schema":{"@context":"https:\/\/schema.org","@graph":[{"@type":"Article","@id":"https:\/\/kwp.at\/pensionistenklubs\/aktionswoche-demenz\/#article","isPartOf":{"@id":"https:\/\/kwp.at\/pensionistenklubs\/aktionswoche-demenz\/"},"author":{"name":"","@id":""},"headline":"Aktionswoche Demenz","datePublished":"2021-09-09T09:11:34+00:00","dateModified":"2021-09-21T09:33:11+00:00","mainEntityOfPage":{"@id":"https:\/\/kwp.at\/pensionistenklubs\/aktionswoche-demenz\/"},"wordCount":209,"publisher":{"@id":"https:\/\/kwp.at\/pensionistenklubs\/#organization"},"image":{"@id":"https:\/\/kwp.at\/pensionistenklubs\/aktionswoche-demenz\/#primaryimage"},"thumbnailUrl":"https:\/\/kwp.at\/pensionistenklubs\/wp-content\/uploads\/sites\/2\/2021\/09\/WA-Tag-c-KWP_Horak-scaled-e1630654650786.jpg","inLanguage":"de"},{"@type":"WebPage","@id":"https:\/\/kwp.at\/pensionistenklubs\/aktionswoche-demenz\/","url":"https:\/\/kwp.at\/pensionistenklubs\/aktionswoche-demenz\/","name":"Aktionswoche Demenz - Pensionist*innenklubs","isPartOf":{"@id":"https:\/\/kwp.at\/pensionistenklubs\/#website"},"primaryImageOfPage":{"@id":"https:\/\/kwp.at\/pensionistenklubs\/aktionswoche-demenz\/#primaryimage"},"image":{"@id":"https:\/\/kwp.at\/pensionistenklubs\/aktionswoche-demenz\/#primaryimage"},"thumbnailUrl":"https:\/\/kwp.at\/pensionistenklubs\/wp-content\/uploads\/sites\/2\/2021\/09\/WA-Tag-c-KWP_Horak-scaled-e1630654650786.jpg","datePublished":"2021-09-09T09:11:34+00:00","dateModified":"2021-09-21T09:33:11+00:00","inLanguage":"de","potentialAction":[{"@type":"ReadAction","target":["https:\/\/kwp.at\/pensionistenklubs\/aktionswoche-demenz\/"]}]},{"@type":"ImageObject","inLanguage":"de","@id":"https:\/\/kwp.at\/pensionistenklubs\/aktionswoche-demenz\/#primaryimage","url":"https:\/\/kwp.at\/pensionistenklubs\/wp-content\/uploads\/sites\/2\/2021\/09\/WA-Tag-c-KWP_Horak-scaled-e1630654650786.jpg","contentUrl":"https:\/\/kwp.at\/pensionistenklubs\/wp-content\/uploads\/sites\/2\/2021\/09\/WA-Tag-c-KWP_Horak-scaled-e1630654650786.jpg","width":2560,"height":1106},{"@type":"WebSite","@id":"https:\/\/kwp.at\/pensionistenklubs\/#website","url":"https:\/\/kwp.at\/pensionistenklubs\/","name":"Pensionist*innenklubs","description":"F\u00fcr die Stadt Wien","publisher":{"@id":"https:\/\/kwp.at\/pensionistenklubs\/#organization"},"potentialAction":[{"@type":"SearchAction","target":{"@type":"EntryPoint","urlTemplate":"https:\/\/kwp.at\/pensionistenklubs\/?s={search_term_string}"},"query-input":{"@type":"PropertyValueSpecification","valueRequired":true,"valueName":"search_term_string"}}],"inLanguage":"de"},{"@type":"Organization","@id":"https:\/\/kwp.at\/pensionistenklubs\/#organization","name":"PensionistInnenklubs f\u00fcr die Stadt Wien","url":"https:\/\/kwp.at\/pensionistenklubs\/","logo":{"@type":"ImageObject","inLanguage":"de","@id":"https:\/\/kwp.at\/pensionistenklubs\/#\/schema\/logo\/image\/","url":"https:\/\/kwp.at\/pensionistenklubs\/wp-content\/uploads\/sites\/2\/2022\/08\/Logo-Pensionistenklubs-scaled-1.jpeg","contentUrl":"https:\/\/kwp.at\/pensionistenklubs\/wp-content\/uploads\/sites\/2\/2022\/08\/Logo-Pensionistenklubs-scaled-1.jpeg","width":2560,"height":610,"caption":"PensionistInnenklubs f\u00fcr die Stadt Wien"},"image":{"@id":"https:\/\/kwp.at\/pensionistenklubs\/#\/schema\/logo\/image\/"}},{"@type":"Person","@id":""}]}},"_links":{"self":[{"href":"https:\/\/kwp.at\/pensionistenklubs\/wp-json\/wp\/v2\/posts\/6516","targetHints":{"allow":["GET"]}}],"collection":[{"href":"https:\/\/kwp.at\/pensionistenklubs\/wp-json\/wp\/v2\/posts"}],"about":[{"href":"https:\/\/kwp.at\/pensionistenklubs\/wp-json\/wp\/v2\/types\/post"}],"author":[{"embeddable":true,"href":"https:\/\/kwp.at\/pensionistenklubs\/wp-json\/wp\/v2\/users\/105"}],"replies":[{"embeddable":true,"href":"https:\/\/kwp.at\/pensionistenklubs\/wp-json\/wp\/v2\/comments?post=6516"}],"version-history":[{"count":11,"href":"https:\/\/kwp.at\/pensionistenklubs\/wp-json\/wp\/v2\/posts\/6516\/revisions"}],"predecessor-version":[{"id":6780,"href":"https:\/\/kwp.at\/pensionistenklubs\/wp-json\/wp\/v2\/posts\/6516\/revisions\/6780"}],"wp:featuredmedia":[{"embeddable":true,"href":"https:\/\/kwp.at\/pensionistenklubs\/wp-json\/wp\/v2\/media\/6368"}],"wp:attachment":[{"href":"https:\/\/kwp.at\/pensionistenklubs\/wp-json\/wp\/v2\/media?parent=6516"}],"wp:term":[{"taxonomy":"category","embeddable":true,"href":"https:\/\/kwp.at\/pensionistenklubs\/wp-json\/wp\/v2\/categories?post=6516"},{"taxonomy":"post_tag","embeddable":true,"href":"https:\/\/kwp.at\/pensionistenklubs\/wp-json\/wp\/v2\/tags?post=6516"}],"curies":[{"name":"wp","href":"https:\/\/api.w.org\/{rel}","templated":true}]}}