{"id":6422,"date":"2021-09-10T09:27:24","date_gmt":"2021-09-10T07:27:24","guid":{"rendered":"https:\/\/kwp.at\/pensionistenklubs\/?p=6422"},"modified":"2021-09-10T09:27:25","modified_gmt":"2021-09-10T07:27:25","slug":"jubilaeums-parade","status":"publish","type":"post","link":"https:\/\/kwp.at\/pensionistenklubs\/jubilaeums-parade\/","title":{"rendered":"Jubil\u00e4ums-Parade"},"content":{"rendered":"\n<p><strong>Die Klubs feiern heuer ihren 75-j\u00e4hrigen Geburtstag. Anl\u00e4sslich des Jubil\u00e4ums findet von 27.9. bis 3.10. eine Aktionswoche mit vielen Veranstaltungen statt. Unter anderem eine bunte Klub-Parade. Feiern Sie mit uns!<\/strong><\/p>\n\n\n\n<div style=\"background-color: #f9b233\" class=\"wp-block-kwp-blocks-infobox\"><h3>Abmarsch!<\/h3><p>\n<p><strong>Wann: <\/strong>Mittwoch, 29. September, 11:00 Uhr<\/p>\n\n\n\n<p><strong>Wo:<\/strong> Museumsquartier, Platz der Menschenrechte<\/p>\n<\/p><\/div>\n\n\n\n<p>Unter dem Motto &#8222;<em>Fit mach mit<\/em>&#8220; veranstalten wir gemeinsam mit unseren SeniorInnen und unter der Anleitung von SeniorInnen-TrainerIn Helga Robnik am <strong>29. Septeber eine Parade<\/strong>. Im Rahmen unseres Klubjubil\u00e4ums, wollen wir ein <strong>Zeichen in der \u00d6ffentlichkeit<\/strong> setzten und zeigen dass die Klubs auch nach 75 Jahren <strong>kein bisschen leise<\/strong> geworden sind! <\/p>\n\n\n\n<p>Kommen auch Sie am 29. September zum <strong>Platz der Menschenrechte<\/strong> beim Wiener Museumsquartier. Zum Auftakt der Parade werden Bezirksvorstehung, B\u00fcrgermeister Michael Ludwig und Stadtrat Peter Hacker erwartet. Der gemeinsame <strong>Abmarsch ist um 11:00 Uhr<\/strong>. <\/p>\n\n\n\n<p>Zusammen marschieren wir \u00fcber die Mariahilfer Stra\u00dfe. Endpunkt der Veranstaltung ist am Christian-Broda-Platz. Hier finden <strong>bis 13:00 Uhr die Abschlussfeierlichkeiten der Parade statt. <\/strong><\/p>\n\n\n\n<div class=\"c-youtube-embed\"><a class=\"c-youtube__link\" onclick=\"(function (node){node.parentNode.innerHTML =  unescape('%3Ciframe%20id%3D%22ytplayer%22%20class%3D%22c-youtube-embed__iframe%22%20type%3D%22text\/html%22%20src%3D%22https%3A\/\/www.youtube-nocookie.com\/embed\/XqvJV5ZyYU4%3Fautoplay%3D1%22%20allow%3D%27autoplay%27%20frameborder%3D%220%22\/%3E')}(this))\"><img decoding=\"async\" class=\"c-youtube-embed__thumbnail\" src=\"https:\/\/kwp.at\/pensionistenklubs\/wp-content\/uploads\/sites\/2\/2021\/09\/72dpi_Kampagne_PK_NEU-4400-e1631002299402.jpg\" alt=\"Klicken Sie um das Video zu starten\" srcset=\"https:\/\/kwp.at\/pensionistenklubs\/wp-content\/uploads\/sites\/2\/2021\/09\/72dpi_Kampagne_PK_NEU-4400-e1631002299402.jpg 7678w,\"\/><svg class=\"play-button\" enable-background=\"new 0 0 1920 1250\" version=\"1.1\" viewbox=\"0 0 1920 1250\" space=\"preserve\" xmlns=\"http:\/\/www.w3.org\/2000\/svg\"><g fill=\"white\"><path d=\"m1227.8 605.5l-447.59-258.42c-18.576-10.725-33.775-1.95-33.775 19.5v516.83c0 21.45 15.199 30.225 33.775 19.5l447.59-258.42c18.576-10.725 18.576-28.275 0-39z\"><\/path><path d=\"m1542.1 384.71c-31.093-73.512-75.6-139.53-132.28-196.21-56.684-56.685-122.7-101.19-196.21-132.28-76.12-32.197-156.97-48.521-240.29-48.521s-164.17 16.325-240.29 48.522c-73.512 31.093-139.53 75.599-196.21 132.28-56.685 56.684-101.19 122.7-132.28 196.21-32.196 76.12-48.521 156.97-48.521 240.29s16.325 164.17 48.521 240.29c31.093 73.512 75.599 139.53 132.28 196.21 56.684 56.685 122.7 101.19 196.21 132.28 76.121 32.196 156.97 48.521 240.29 48.521s164.17-16.325 240.29-48.521c73.512-31.093 139.53-75.6 196.21-132.28 56.685-56.684 101.19-122.7 132.28-196.21 32.196-76.12 48.521-156.97 48.521-240.29s-16.325-164.17-48.521-240.29zm-568.79 807.6c-312.81 0-567.31-254.49-567.31-567.31s254.49-567.31 567.31-567.31 567.31 254.49 567.31 567.31-254.49 567.31-567.31 567.31z\"><\/path><\/g><\/svg><\/a><\/div>\n\n\n\n<p><strong>Machen Sie mit &#8211; tolle Stimmung, zahlreiche Darbietungen und \u00dcberraschungen warten auf Sie!<\/strong><\/p>\n","protected":false},"excerpt":{"rendered":"<p>Die Klubs feiern heuer ihren 75-j\u00e4hrigen Geburtstag. Anl\u00e4sslich des Jubil\u00e4ums findet von 27.9. bis 3.10. eine Aktionswoche mit vielen Veranstaltungen statt. Unter anderem eine bunte<\/p>\n","protected":false},"author":78,"featured_media":6429,"comment_status":"closed","ping_status":"closed","sticky":false,"template":"","format":"standard","meta":{"_acf_changed":false,"footnotes":""},"categories":[1,20,21],"tags":[],"class_list":["post-6422","post","type-post","status-publish","format-standard","has-post-thumbnail","hentry","category-allgemein","category-bewegung-im-freien","category-unterwegs-mit-den-klubs"],"acf":[],"yoast_head":"<!-- This site is optimized with the Yoast SEO plugin v27.4 - https:\/\/yoast.com\/product\/yoast-seo-wordpress\/ -->\n<title>Jubil\u00e4ums-Parade - Pensionist*innenklubs<\/title>\n<meta name=\"robots\" content=\"index, follow, max-snippet:-1, max-image-preview:large, max-video-preview:-1\" \/>\n<link rel=\"canonical\" href=\"https:\/\/kwp.at\/pensionistenklubs\/jubilaeums-parade\/\" \/>\n<meta property=\"og:locale\" content=\"de_DE\" \/>\n<meta property=\"og:type\" content=\"article\" \/>\n<meta property=\"og:title\" content=\"Jubil\u00e4ums-Parade - Pensionist*innenklubs\" \/>\n<meta property=\"og:description\" content=\"Die Klubs feiern heuer ihren 75-j\u00e4hrigen Geburtstag. Anl\u00e4sslich des Jubil\u00e4ums findet von 27.9. bis 3.10. eine Aktionswoche mit vielen Veranstaltungen statt. Unter anderem eine bunte\" \/>\n<meta property=\"og:url\" content=\"https:\/\/kwp.at\/pensionistenklubs\/jubilaeums-parade\/\" \/>\n<meta property=\"og:site_name\" content=\"Pensionist*innenklubs\" \/>\n<meta property=\"article:published_time\" content=\"2021-09-10T07:27:24+00:00\" \/>\n<meta property=\"article:modified_time\" content=\"2021-09-10T07:27:25+00:00\" \/>\n<meta property=\"og:image\" content=\"https:\/\/kwp.at\/pensionistenklubs\/wp-content\/uploads\/sites\/2\/2021\/09\/72dpi_Kampagne_PK_NEU-4454-e1631002644226.jpg\" \/>\n\t<meta property=\"og:image:width\" content=\"1024\" \/>\n\t<meta property=\"og:image:height\" content=\"497\" \/>\n\t<meta property=\"og:image:type\" content=\"image\/jpeg\" \/>\n<meta name=\"author\" content=\"jgreger\" \/>\n<meta name=\"twitter:card\" content=\"summary_large_image\" \/>\n<meta name=\"twitter:label1\" content=\"Geschrieben von\" \/>\n\t<meta name=\"twitter:data1\" content=\"jgreger\" \/>\n\t<meta name=\"twitter:label2\" content=\"Gesch\u00e4tzte Lesezeit\" \/>\n\t<meta name=\"twitter:data2\" content=\"1\u00a0Minute\" \/>\n<script type=\"application\/ld+json\" class=\"yoast-schema-graph\">{\"@context\":\"https:\\\/\\\/schema.org\",\"@graph\":[{\"@type\":\"Article\",\"@id\":\"https:\\\/\\\/kwp.at\\\/pensionistenklubs\\\/jubilaeums-parade\\\/#article\",\"isPartOf\":{\"@id\":\"https:\\\/\\\/kwp.at\\\/pensionistenklubs\\\/jubilaeums-parade\\\/\"},\"author\":{\"name\":\"jgreger\",\"@id\":\"https:\\\/\\\/kwp.at\\\/pensionistenklubs\\\/#\\\/schema\\\/person\\\/61cf2d6446ddb6c1b29073be14a63b67\"},\"headline\":\"Jubil\u00e4ums-Parade\",\"datePublished\":\"2021-09-10T07:27:24+00:00\",\"dateModified\":\"2021-09-10T07:27:25+00:00\",\"mainEntityOfPage\":{\"@id\":\"https:\\\/\\\/kwp.at\\\/pensionistenklubs\\\/jubilaeums-parade\\\/\"},\"wordCount\":162,\"publisher\":{\"@id\":\"https:\\\/\\\/kwp.at\\\/pensionistenklubs\\\/#organization\"},\"image\":{\"@id\":\"https:\\\/\\\/kwp.at\\\/pensionistenklubs\\\/jubilaeums-parade\\\/#primaryimage\"},\"thumbnailUrl\":\"https:\\\/\\\/kwp.at\\\/pensionistenklubs\\\/wp-content\\\/uploads\\\/sites\\\/2\\\/2021\\\/09\\\/72dpi_Kampagne_PK_NEU-4454-e1631002644226.jpg\",\"articleSection\":{\"1\":\"Bewegung im Freien\",\"2\":\"Unterwegs mit den Klubs\"},\"inLanguage\":\"de\"},{\"@type\":\"WebPage\",\"@id\":\"https:\\\/\\\/kwp.at\\\/pensionistenklubs\\\/jubilaeums-parade\\\/\",\"url\":\"https:\\\/\\\/kwp.at\\\/pensionistenklubs\\\/jubilaeums-parade\\\/\",\"name\":\"Jubil\u00e4ums-Parade - Pensionist*innenklubs\",\"isPartOf\":{\"@id\":\"https:\\\/\\\/kwp.at\\\/pensionistenklubs\\\/#website\"},\"primaryImageOfPage\":{\"@id\":\"https:\\\/\\\/kwp.at\\\/pensionistenklubs\\\/jubilaeums-parade\\\/#primaryimage\"},\"image\":{\"@id\":\"https:\\\/\\\/kwp.at\\\/pensionistenklubs\\\/jubilaeums-parade\\\/#primaryimage\"},\"thumbnailUrl\":\"https:\\\/\\\/kwp.at\\\/pensionistenklubs\\\/wp-content\\\/uploads\\\/sites\\\/2\\\/2021\\\/09\\\/72dpi_Kampagne_PK_NEU-4454-e1631002644226.jpg\",\"datePublished\":\"2021-09-10T07:27:24+00:00\",\"dateModified\":\"2021-09-10T07:27:25+00:00\",\"inLanguage\":\"de\",\"potentialAction\":[{\"@type\":\"ReadAction\",\"target\":[\"https:\\\/\\\/kwp.at\\\/pensionistenklubs\\\/jubilaeums-parade\\\/\"]}]},{\"@type\":\"ImageObject\",\"inLanguage\":\"de\",\"@id\":\"https:\\\/\\\/kwp.at\\\/pensionistenklubs\\\/jubilaeums-parade\\\/#primaryimage\",\"url\":\"https:\\\/\\\/kwp.at\\\/pensionistenklubs\\\/wp-content\\\/uploads\\\/sites\\\/2\\\/2021\\\/09\\\/72dpi_Kampagne_PK_NEU-4454-e1631002644226.jpg\",\"contentUrl\":\"https:\\\/\\\/kwp.at\\\/pensionistenklubs\\\/wp-content\\\/uploads\\\/sites\\\/2\\\/2021\\\/09\\\/72dpi_Kampagne_PK_NEU-4454-e1631002644226.jpg\",\"width\":7678,\"height\":3723},{\"@type\":\"WebSite\",\"@id\":\"https:\\\/\\\/kwp.at\\\/pensionistenklubs\\\/#website\",\"url\":\"https:\\\/\\\/kwp.at\\\/pensionistenklubs\\\/\",\"name\":\"Pensionist*innenklubs\",\"description\":\"F\u00fcr die Stadt Wien\",\"publisher\":{\"@id\":\"https:\\\/\\\/kwp.at\\\/pensionistenklubs\\\/#organization\"},\"potentialAction\":[{\"@type\":\"SearchAction\",\"target\":{\"@type\":\"EntryPoint\",\"urlTemplate\":\"https:\\\/\\\/kwp.at\\\/pensionistenklubs\\\/?s={search_term_string}\"},\"query-input\":{\"@type\":\"PropertyValueSpecification\",\"valueRequired\":true,\"valueName\":\"search_term_string\"}}],\"inLanguage\":\"de\"},{\"@type\":\"Organization\",\"@id\":\"https:\\\/\\\/kwp.at\\\/pensionistenklubs\\\/#organization\",\"name\":\"PensionistInnenklubs f\u00fcr die Stadt Wien\",\"url\":\"https:\\\/\\\/kwp.at\\\/pensionistenklubs\\\/\",\"logo\":{\"@type\":\"ImageObject\",\"inLanguage\":\"de\",\"@id\":\"https:\\\/\\\/kwp.at\\\/pensionistenklubs\\\/#\\\/schema\\\/logo\\\/image\\\/\",\"url\":\"https:\\\/\\\/kwp.at\\\/pensionistenklubs\\\/wp-content\\\/uploads\\\/sites\\\/2\\\/2022\\\/08\\\/Logo-Pensionistenklubs-scaled-1.jpeg\",\"contentUrl\":\"https:\\\/\\\/kwp.at\\\/pensionistenklubs\\\/wp-content\\\/uploads\\\/sites\\\/2\\\/2022\\\/08\\\/Logo-Pensionistenklubs-scaled-1.jpeg\",\"width\":2560,\"height\":610,\"caption\":\"PensionistInnenklubs f\u00fcr die Stadt Wien\"},\"image\":{\"@id\":\"https:\\\/\\\/kwp.at\\\/pensionistenklubs\\\/#\\\/schema\\\/logo\\\/image\\\/\"}},{\"@type\":\"Person\",\"@id\":\"https:\\\/\\\/kwp.at\\\/pensionistenklubs\\\/#\\\/schema\\\/person\\\/61cf2d6446ddb6c1b29073be14a63b67\",\"name\":\"jgreger\",\"image\":{\"@type\":\"ImageObject\",\"inLanguage\":\"de\",\"@id\":\"https:\\\/\\\/secure.gravatar.com\\\/avatar\\\/9684a2cbe3b4eafe5f601756fda0a28c737f31d3356c28616a94c17141dfb8c4?s=96&d=mm&r=g\",\"url\":\"https:\\\/\\\/secure.gravatar.com\\\/avatar\\\/9684a2cbe3b4eafe5f601756fda0a28c737f31d3356c28616a94c17141dfb8c4?s=96&d=mm&r=g\",\"contentUrl\":\"https:\\\/\\\/secure.gravatar.com\\\/avatar\\\/9684a2cbe3b4eafe5f601756fda0a28c737f31d3356c28616a94c17141dfb8c4?s=96&d=mm&r=g\",\"caption\":\"jgreger\"}}]}<\/script>\n<!-- \/ Yoast SEO plugin. -->","yoast_head_json":{"title":"Jubil\u00e4ums-Parade - Pensionist*innenklubs","robots":{"index":"index","follow":"follow","max-snippet":"max-snippet:-1","max-image-preview":"max-image-preview:large","max-video-preview":"max-video-preview:-1"},"canonical":"https:\/\/kwp.at\/pensionistenklubs\/jubilaeums-parade\/","og_locale":"de_DE","og_type":"article","og_title":"Jubil\u00e4ums-Parade - Pensionist*innenklubs","og_description":"Die Klubs feiern heuer ihren 75-j\u00e4hrigen Geburtstag. Anl\u00e4sslich des Jubil\u00e4ums findet von 27.9. bis 3.10. eine Aktionswoche mit vielen Veranstaltungen statt. Unter anderem eine bunte","og_url":"https:\/\/kwp.at\/pensionistenklubs\/jubilaeums-parade\/","og_site_name":"Pensionist*innenklubs","article_published_time":"2021-09-10T07:27:24+00:00","article_modified_time":"2021-09-10T07:27:25+00:00","og_image":[{"url":"https:\/\/kwp.at\/pensionistenklubs\/wp-content\/uploads\/sites\/2\/2021\/09\/72dpi_Kampagne_PK_NEU-4454-e1631002644226.jpg","width":1024,"height":497,"type":"image\/jpeg"}],"author":"jgreger","twitter_card":"summary_large_image","twitter_misc":{"Geschrieben von":"jgreger","Gesch\u00e4tzte Lesezeit":"1\u00a0Minute"},"schema":{"@context":"https:\/\/schema.org","@graph":[{"@type":"Article","@id":"https:\/\/kwp.at\/pensionistenklubs\/jubilaeums-parade\/#article","isPartOf":{"@id":"https:\/\/kwp.at\/pensionistenklubs\/jubilaeums-parade\/"},"author":{"name":"jgreger","@id":"https:\/\/kwp.at\/pensionistenklubs\/#\/schema\/person\/61cf2d6446ddb6c1b29073be14a63b67"},"headline":"Jubil\u00e4ums-Parade","datePublished":"2021-09-10T07:27:24+00:00","dateModified":"2021-09-10T07:27:25+00:00","mainEntityOfPage":{"@id":"https:\/\/kwp.at\/pensionistenklubs\/jubilaeums-parade\/"},"wordCount":162,"publisher":{"@id":"https:\/\/kwp.at\/pensionistenklubs\/#organization"},"image":{"@id":"https:\/\/kwp.at\/pensionistenklubs\/jubilaeums-parade\/#primaryimage"},"thumbnailUrl":"https:\/\/kwp.at\/pensionistenklubs\/wp-content\/uploads\/sites\/2\/2021\/09\/72dpi_Kampagne_PK_NEU-4454-e1631002644226.jpg","articleSection":{"1":"Bewegung im Freien","2":"Unterwegs mit den Klubs"},"inLanguage":"de"},{"@type":"WebPage","@id":"https:\/\/kwp.at\/pensionistenklubs\/jubilaeums-parade\/","url":"https:\/\/kwp.at\/pensionistenklubs\/jubilaeums-parade\/","name":"Jubil\u00e4ums-Parade - Pensionist*innenklubs","isPartOf":{"@id":"https:\/\/kwp.at\/pensionistenklubs\/#website"},"primaryImageOfPage":{"@id":"https:\/\/kwp.at\/pensionistenklubs\/jubilaeums-parade\/#primaryimage"},"image":{"@id":"https:\/\/kwp.at\/pensionistenklubs\/jubilaeums-parade\/#primaryimage"},"thumbnailUrl":"https:\/\/kwp.at\/pensionistenklubs\/wp-content\/uploads\/sites\/2\/2021\/09\/72dpi_Kampagne_PK_NEU-4454-e1631002644226.jpg","datePublished":"2021-09-10T07:27:24+00:00","dateModified":"2021-09-10T07:27:25+00:00","inLanguage":"de","potentialAction":[{"@type":"ReadAction","target":["https:\/\/kwp.at\/pensionistenklubs\/jubilaeums-parade\/"]}]},{"@type":"ImageObject","inLanguage":"de","@id":"https:\/\/kwp.at\/pensionistenklubs\/jubilaeums-parade\/#primaryimage","url":"https:\/\/kwp.at\/pensionistenklubs\/wp-content\/uploads\/sites\/2\/2021\/09\/72dpi_Kampagne_PK_NEU-4454-e1631002644226.jpg","contentUrl":"https:\/\/kwp.at\/pensionistenklubs\/wp-content\/uploads\/sites\/2\/2021\/09\/72dpi_Kampagne_PK_NEU-4454-e1631002644226.jpg","width":7678,"height":3723},{"@type":"WebSite","@id":"https:\/\/kwp.at\/pensionistenklubs\/#website","url":"https:\/\/kwp.at\/pensionistenklubs\/","name":"Pensionist*innenklubs","description":"F\u00fcr die Stadt Wien","publisher":{"@id":"https:\/\/kwp.at\/pensionistenklubs\/#organization"},"potentialAction":[{"@type":"SearchAction","target":{"@type":"EntryPoint","urlTemplate":"https:\/\/kwp.at\/pensionistenklubs\/?s={search_term_string}"},"query-input":{"@type":"PropertyValueSpecification","valueRequired":true,"valueName":"search_term_string"}}],"inLanguage":"de"},{"@type":"Organization","@id":"https:\/\/kwp.at\/pensionistenklubs\/#organization","name":"PensionistInnenklubs f\u00fcr die Stadt Wien","url":"https:\/\/kwp.at\/pensionistenklubs\/","logo":{"@type":"ImageObject","inLanguage":"de","@id":"https:\/\/kwp.at\/pensionistenklubs\/#\/schema\/logo\/image\/","url":"https:\/\/kwp.at\/pensionistenklubs\/wp-content\/uploads\/sites\/2\/2022\/08\/Logo-Pensionistenklubs-scaled-1.jpeg","contentUrl":"https:\/\/kwp.at\/pensionistenklubs\/wp-content\/uploads\/sites\/2\/2022\/08\/Logo-Pensionistenklubs-scaled-1.jpeg","width":2560,"height":610,"caption":"PensionistInnenklubs f\u00fcr die Stadt Wien"},"image":{"@id":"https:\/\/kwp.at\/pensionistenklubs\/#\/schema\/logo\/image\/"}},{"@type":"Person","@id":"https:\/\/kwp.at\/pensionistenklubs\/#\/schema\/person\/61cf2d6446ddb6c1b29073be14a63b67","name":"jgreger","image":{"@type":"ImageObject","inLanguage":"de","@id":"https:\/\/secure.gravatar.com\/avatar\/9684a2cbe3b4eafe5f601756fda0a28c737f31d3356c28616a94c17141dfb8c4?s=96&d=mm&r=g","url":"https:\/\/secure.gravatar.com\/avatar\/9684a2cbe3b4eafe5f601756fda0a28c737f31d3356c28616a94c17141dfb8c4?s=96&d=mm&r=g","contentUrl":"https:\/\/secure.gravatar.com\/avatar\/9684a2cbe3b4eafe5f601756fda0a28c737f31d3356c28616a94c17141dfb8c4?s=96&d=mm&r=g","caption":"jgreger"}}]}},"_links":{"self":[{"href":"https:\/\/kwp.at\/pensionistenklubs\/wp-json\/wp\/v2\/posts\/6422","targetHints":{"allow":["GET"]}}],"collection":[{"href":"https:\/\/kwp.at\/pensionistenklubs\/wp-json\/wp\/v2\/posts"}],"about":[{"href":"https:\/\/kwp.at\/pensionistenklubs\/wp-json\/wp\/v2\/types\/post"}],"author":[{"embeddable":true,"href":"https:\/\/kwp.at\/pensionistenklubs\/wp-json\/wp\/v2\/users\/78"}],"replies":[{"embeddable":true,"href":"https:\/\/kwp.at\/pensionistenklubs\/wp-json\/wp\/v2\/comments?post=6422"}],"version-history":[{"count":9,"href":"https:\/\/kwp.at\/pensionistenklubs\/wp-json\/wp\/v2\/posts\/6422\/revisions"}],"predecessor-version":[{"id":6449,"href":"https:\/\/kwp.at\/pensionistenklubs\/wp-json\/wp\/v2\/posts\/6422\/revisions\/6449"}],"wp:featuredmedia":[{"embeddable":true,"href":"https:\/\/kwp.at\/pensionistenklubs\/wp-json\/wp\/v2\/media\/6429"}],"wp:attachment":[{"href":"https:\/\/kwp.at\/pensionistenklubs\/wp-json\/wp\/v2\/media?parent=6422"}],"wp:term":[{"taxonomy":"category","embeddable":true,"href":"https:\/\/kwp.at\/pensionistenklubs\/wp-json\/wp\/v2\/categories?post=6422"},{"taxonomy":"post_tag","embeddable":true,"href":"https:\/\/kwp.at\/pensionistenklubs\/wp-json\/wp\/v2\/tags?post=6422"}],"curies":[{"name":"wp","href":"https:\/\/api.w.org\/{rel}","templated":true}]}}