{"id":5983,"date":"2021-08-31T15:14:51","date_gmt":"2021-08-31T13:14:51","guid":{"rendered":"https:\/\/kwp.at\/pensionistenklubs\/?p=5983"},"modified":"2021-09-20T09:56:10","modified_gmt":"2021-09-20T07:56:10","slug":"zurueck-aus-der-sommerpause","status":"publish","type":"post","link":"https:\/\/kwp.at\/pensionistenklubs\/zurueck-aus-der-sommerpause\/","title":{"rendered":"Zur\u00fcck aus der Sommerpause!"},"content":{"rendered":"\n<p><strong>Klub\u00f6ffnung: Gut erholt, mit gebr\u00e4untem Teint und rundum fr\u00f6hlich starten die Klubs in die neue Saison: Ab September haben viele unserer Klublokale wieder f\u00fcr Sie ge\u00f6ffnet!<\/strong><\/p>\n\n\n\n<h3 class=\"wp-block-heading\">Abwechslungsreiches Programm<\/h3>\n\n\n\n<p>Ab September \u00f6ffnen viele Standorte der PensionistInnenklubs endlich wieder ihre Pforten und sorgen mit einem bunten <a href=\"https:\/\/kwp.at\/veranstaltungen\/\">Programm<\/a> f\u00fcr Unterhaltung und Geselligkeit. Neben der beliebten Kaffeejause bieten die Klubs zahlreiche M\u00f6glichkeiten f\u00fcr Ihre individuelle Freizeitgestaltung. <\/p>\n\n\n\n<p>Kommen Sie in den PensionistInnenklub in Ihrer N\u00e4he oder besuchen Sie uns im <a href=\"https:\/\/kwp.at\/pensionistenklubs\/unsere-klubs-2\/unsere-klubs\/\">Klub+<\/a>. <\/p>\n\n\n\n<a target=\"_blank\" href=\"https:\/\/kwp.at\/pensionistenklubs\/clubs\/\" rel=\"noopener noreferrer\" class=\"wp-block-kwp-blocks-button-block\">alle Klubstandorte ansehen<\/a>\n\n\n\n<p><\/p>\n\n\n\n<p>Der <a href=\"https:\/\/kwp.at\/pensionistenklubs\/unsere-klubs-2\/unsere-klubs\/\">KLUB+<\/a> bietet neben einem liebevoll gestalteten Klubprogramm, einer Vielzahl an Ausfl\u00fcgen und Freizeitangeboten, auch jeweils einen besonderen Themenschwerpunkt. <strong>Besuchen Sie uns!<\/strong><\/p>\n\n\n\n<h3 class=\"wp-block-heading\">75 Jahre und kein bisschen leise! <\/h3>\n\n\n\n<p>Diesen Herbst feiern die PensionistInnenklubs der Stadt ihr 75-j\u00e4hriges Bestehen. Was im Gr\u00fcndungsjahr 1946 als W\u00e4rmestuben der Nachkriegszeit ins Leben gerufen wurde, sind heute moderne Freizeiteinrichtungen f\u00fcr die Seniorinnen und Senioren Wiens.<\/p>\n\n\n\n<p>Die Klubs stehen seit jeher f\u00fcr Unterhaltung, Bewegeung und Zusammenhalt &#8211; dies bezeugen auch die vergangenen 75 Jahre. Unser Unternehmen ist \u00fcber die Jahre gewachsen, hat sich stetig den Bed\u00fcrfnissen der SeniorInnen angepasst und bietet ein zeitgem\u00e4\u00dfes und abwechslungsreiches Programm f\u00fcr eine lustbetonte Freizeitgestaltung.  <\/p>\n\n\n\n<p>Zur Feier unseres Jubil\u00e4umsjahres gibt es eine Aktionswoche Ende September. Diese findet sieben Tage lang in allen Wiener PensionistInnenklubs statt und sorgt f\u00fcr Unterhaltung und Action.<\/p>\n\n\n\n<a target=\"_blank\" href=\"https:\/\/kwp.at\/pensionistenklubs\/75-jahre-klubs\/\" rel=\"noopener noreferrer\" class=\"wp-block-kwp-blocks-button-block\">Feiern Sie mit!<\/a>\n\n\n\n<p><\/p>\n\n\n\n<h3 class=\"wp-block-heading\">Besuchsregelung im Klub<\/h3>\n\n\n\n<p>\u00dcber die Sommermonate und aufgrund der warmen Temperaturen konnten wir in Hinblick auf die Covid-19-Pandemie etwas durchatmen. <\/p>\n\n\n\n<p>Dennoch lassen wir auch weiterhin Vorsicht walten, wenn es um die Gesundheit unserer BesucherInnen geht: <\/p>\n\n\n\n<div style=\"background-color: #ef4c22\" class=\"wp-block-kwp-blocks-infobox\"><h3>Covid-19 Sicherheitsma\u00dfnahmen<\/h3><p>\n<p><strong>Maskenpflicht ab 20. September 2021:<\/strong><\/p>\n\n\n\n<ul class=\"wp-block-list\"><li>Die Maskenpflicht entf\u00e4llt f\u00fcr KlubbesucherInnen<\/li><\/ul>\n\n\n\n<p>Alle Personen, die den Klubbereich betreten oder an einer Klubveranstaltung teilnehmen, m\u00fcssen im Sinne der <strong>3G-Regel<\/strong> einen <strong>Nachweis der geringen epidemiologischen Gefahr<\/strong> erbringen. Folgende Nachweise werden akzeptiert:<\/p>\n\n\n\n<p><strong>Aaktuell g\u00fcltiger, negativer SARS-CoV-2 Test: <\/strong>(Es gilt der Zeitpunkt der Testung.) <\/p>\n\n\n\n<ul class=\"wp-block-list\"><li>Antigentest max. 24 Stunden alt, <\/li><li>PCR-Test max. 48 Stunden alt.<\/li><\/ul>\n\n\n\n<p><strong>Nachweis \u00fcber erhaltene Schutzimpfung<\/strong>: <\/p>\n\n\n\n<ul class=\"wp-block-list\"><li>Eine Impfung gilt erst bei vollst\u00e4ndiger Immunisierung als Nachweis einer geringen epidemiologischen Gefahr. <\/li><li>Die Impfnachweise sind ab der vollst\u00e4ndigen Immunisierung 360 Tage g\u00fcltig.<\/li><\/ul>\n\n\n\n<p><strong>Nachweis auf SARS-CoV-2 Antik\u00f6rper<\/strong>: Ab dem Testzeitpunkt f\u00fcr 90 Tage g\u00fcltig.<\/p>\n\n\n\n<p><strong>Nachweis einer \u00fcberstandenen Covid-19 Erkrankung: <\/strong>G\u00fcltig f\u00fcr 180 Tage ab Ende der Absonderung.<\/p>\n\n\n\n<p><\/p>\n\n\n\n<p><strong>Regelungen f\u00fcr T\u00e4nze und Tanveranstaltungen:<\/strong><\/p>\n\n\n\n<p>Bei Tanzveranstaltungen gelten gesonderte Bestimmungen:<\/p>\n\n\n\n<ul class=\"wp-block-list\"><li>Keine Maskenpflicht f\u00fcr KlubbesucherInnen<\/li><li><strong>3G Nachweis:<\/strong> Akzeptiert werden der <strong>Impfnachweise, Genesungszertifikat und PCR-Testbefund<\/strong>.<\/li><li><strong>Achtung:<\/strong> Antigen-Testbefunde und Antik\u00f6rpernachweise alleine sind nicht ausreichend!<\/li><\/ul>\n\n\n\n<p><\/p>\n\n\n\n<p><strong>Tischordnung und BesucherInnenanzahl:<\/strong><\/p>\n\n\n\n<p>An einem Klubtisch d\u00fcrfen max. 4 Personen Platz nehmen. An zwei zusammengestellten Tischen sind max. 6 Personen getattet. Zwischen den einzelnen Tischgruppen muss der Sicherheitsabstand von 1 Meter eingehalten werden.<\/p>\n\n\n\n<p>Die <strong>Gesamt-BesucherInnenanzahl variiert je nach Klub und Veranstaltung<\/strong> und ist auf den jewiligen <a href=\"https:\/\/kwp.at\/pensionistenklubs\/clubs\/\">Klubseiten<\/a> oder in den Buchungshinweisen der <a href=\"https:\/\/kwp.at\/veranstaltungen\/\">Veranstaltungen<\/a> n\u00e4her beschrieben.<\/p>\n\n\n\n<p><\/p>\n\n\n\n<p><strong>Symptom- und Beschwerdefrei<\/strong>:<\/p>\n\n\n\n<p>BesucherInnen d\u00fcrfen den Klub nur betreten oder an Klubveranstaltungen teilnehmen, wenn sie <strong>keine Symptome von Covid-19<\/strong> aufweisen (Fieber, Husten, Kurzatmigkeit, Atembeschwerden, Halsschmerzen, pl\u00f6tzlicher Verlust des Geschmacks- oder Geruchssinns).<\/p>\n<\/p><\/div>\n","protected":false},"excerpt":{"rendered":"<p>Klub\u00f6ffnung: Gut erholt, mit gebr\u00e4untem Teint und rundum fr\u00f6hlich starten die Klubs in die neue Saison: Ab September haben viele unserer Klublokale wieder f\u00fcr Sie<\/p>\n","protected":false},"author":78,"featured_media":5988,"comment_status":"closed","ping_status":"closed","sticky":false,"template":"","format":"standard","meta":{"_acf_changed":false,"footnotes":""},"categories":[1,22],"tags":[],"class_list":["post-5983","post","type-post","status-publish","format-standard","has-post-thumbnail","hentry","category-allgemein","category-willkommen-im-klub"],"acf":[],"yoast_head":"<!-- This site is optimized with the Yoast SEO plugin v27.4 - https:\/\/yoast.com\/product\/yoast-seo-wordpress\/ -->\n<title>Zur\u00fcck aus der Sommerpause! - Pensionist*innenklubs<\/title>\n<meta name=\"robots\" content=\"index, follow, max-snippet:-1, max-image-preview:large, max-video-preview:-1\" \/>\n<link rel=\"canonical\" href=\"https:\/\/kwp.at\/pensionistenklubs\/zurueck-aus-der-sommerpause\/\" \/>\n<meta property=\"og:locale\" content=\"de_DE\" \/>\n<meta property=\"og:type\" content=\"article\" \/>\n<meta property=\"og:title\" content=\"Zur\u00fcck aus der Sommerpause! - Pensionist*innenklubs\" \/>\n<meta property=\"og:description\" content=\"Klub\u00f6ffnung: Gut erholt, mit gebr\u00e4untem Teint und rundum fr\u00f6hlich starten die Klubs in die neue Saison: Ab September haben viele unserer Klublokale wieder f\u00fcr Sie\" \/>\n<meta property=\"og:url\" content=\"https:\/\/kwp.at\/pensionistenklubs\/zurueck-aus-der-sommerpause\/\" \/>\n<meta property=\"og:site_name\" content=\"Pensionist*innenklubs\" \/>\n<meta property=\"article:published_time\" content=\"2021-08-31T13:14:51+00:00\" \/>\n<meta property=\"article:modified_time\" content=\"2021-09-20T07:56:10+00:00\" \/>\n<meta property=\"og:image\" content=\"https:\/\/kwp.at\/pensionistenklubs\/wp-content\/uploads\/sites\/2\/2021\/08\/Header-Kluboeffnung_Sep2021-c-Bruckner.png\" \/>\n\t<meta property=\"og:image:width\" content=\"1220\" \/>\n\t<meta property=\"og:image:height\" content=\"500\" \/>\n\t<meta property=\"og:image:type\" content=\"image\/png\" \/>\n<meta name=\"author\" content=\"jgreger\" \/>\n<meta name=\"twitter:card\" content=\"summary_large_image\" \/>\n<meta name=\"twitter:label1\" content=\"Geschrieben von\" \/>\n\t<meta name=\"twitter:data1\" content=\"jgreger\" \/>\n\t<meta name=\"twitter:label2\" content=\"Gesch\u00e4tzte Lesezeit\" \/>\n\t<meta name=\"twitter:data2\" content=\"3\u00a0Minuten\" \/>\n<script type=\"application\/ld+json\" class=\"yoast-schema-graph\">{\"@context\":\"https:\\\/\\\/schema.org\",\"@graph\":[{\"@type\":\"Article\",\"@id\":\"https:\\\/\\\/kwp.at\\\/pensionistenklubs\\\/zurueck-aus-der-sommerpause\\\/#article\",\"isPartOf\":{\"@id\":\"https:\\\/\\\/kwp.at\\\/pensionistenklubs\\\/zurueck-aus-der-sommerpause\\\/\"},\"author\":{\"name\":\"jgreger\",\"@id\":\"https:\\\/\\\/kwp.at\\\/pensionistenklubs\\\/#\\\/schema\\\/person\\\/61cf2d6446ddb6c1b29073be14a63b67\"},\"headline\":\"Zur\u00fcck aus der Sommerpause!\",\"datePublished\":\"2021-08-31T13:14:51+00:00\",\"dateModified\":\"2021-09-20T07:56:10+00:00\",\"mainEntityOfPage\":{\"@id\":\"https:\\\/\\\/kwp.at\\\/pensionistenklubs\\\/zurueck-aus-der-sommerpause\\\/\"},\"wordCount\":509,\"publisher\":{\"@id\":\"https:\\\/\\\/kwp.at\\\/pensionistenklubs\\\/#organization\"},\"image\":{\"@id\":\"https:\\\/\\\/kwp.at\\\/pensionistenklubs\\\/zurueck-aus-der-sommerpause\\\/#primaryimage\"},\"thumbnailUrl\":\"https:\\\/\\\/kwp.at\\\/pensionistenklubs\\\/wp-content\\\/uploads\\\/sites\\\/2\\\/2021\\\/08\\\/Header-Kluboeffnung_Sep2021-c-Bruckner.png\",\"articleSection\":{\"1\":\"Willkommen im Klub\"},\"inLanguage\":\"de\"},{\"@type\":\"WebPage\",\"@id\":\"https:\\\/\\\/kwp.at\\\/pensionistenklubs\\\/zurueck-aus-der-sommerpause\\\/\",\"url\":\"https:\\\/\\\/kwp.at\\\/pensionistenklubs\\\/zurueck-aus-der-sommerpause\\\/\",\"name\":\"Zur\u00fcck aus der Sommerpause! - Pensionist*innenklubs\",\"isPartOf\":{\"@id\":\"https:\\\/\\\/kwp.at\\\/pensionistenklubs\\\/#website\"},\"primaryImageOfPage\":{\"@id\":\"https:\\\/\\\/kwp.at\\\/pensionistenklubs\\\/zurueck-aus-der-sommerpause\\\/#primaryimage\"},\"image\":{\"@id\":\"https:\\\/\\\/kwp.at\\\/pensionistenklubs\\\/zurueck-aus-der-sommerpause\\\/#primaryimage\"},\"thumbnailUrl\":\"https:\\\/\\\/kwp.at\\\/pensionistenklubs\\\/wp-content\\\/uploads\\\/sites\\\/2\\\/2021\\\/08\\\/Header-Kluboeffnung_Sep2021-c-Bruckner.png\",\"datePublished\":\"2021-08-31T13:14:51+00:00\",\"dateModified\":\"2021-09-20T07:56:10+00:00\",\"inLanguage\":\"de\",\"potentialAction\":[{\"@type\":\"ReadAction\",\"target\":[\"https:\\\/\\\/kwp.at\\\/pensionistenklubs\\\/zurueck-aus-der-sommerpause\\\/\"]}]},{\"@type\":\"ImageObject\",\"inLanguage\":\"de\",\"@id\":\"https:\\\/\\\/kwp.at\\\/pensionistenklubs\\\/zurueck-aus-der-sommerpause\\\/#primaryimage\",\"url\":\"https:\\\/\\\/kwp.at\\\/pensionistenklubs\\\/wp-content\\\/uploads\\\/sites\\\/2\\\/2021\\\/08\\\/Header-Kluboeffnung_Sep2021-c-Bruckner.png\",\"contentUrl\":\"https:\\\/\\\/kwp.at\\\/pensionistenklubs\\\/wp-content\\\/uploads\\\/sites\\\/2\\\/2021\\\/08\\\/Header-Kluboeffnung_Sep2021-c-Bruckner.png\",\"width\":1220,\"height\":500},{\"@type\":\"WebSite\",\"@id\":\"https:\\\/\\\/kwp.at\\\/pensionistenklubs\\\/#website\",\"url\":\"https:\\\/\\\/kwp.at\\\/pensionistenklubs\\\/\",\"name\":\"Pensionist*innenklubs\",\"description\":\"F\u00fcr die Stadt Wien\",\"publisher\":{\"@id\":\"https:\\\/\\\/kwp.at\\\/pensionistenklubs\\\/#organization\"},\"potentialAction\":[{\"@type\":\"SearchAction\",\"target\":{\"@type\":\"EntryPoint\",\"urlTemplate\":\"https:\\\/\\\/kwp.at\\\/pensionistenklubs\\\/?s={search_term_string}\"},\"query-input\":{\"@type\":\"PropertyValueSpecification\",\"valueRequired\":true,\"valueName\":\"search_term_string\"}}],\"inLanguage\":\"de\"},{\"@type\":\"Organization\",\"@id\":\"https:\\\/\\\/kwp.at\\\/pensionistenklubs\\\/#organization\",\"name\":\"PensionistInnenklubs f\u00fcr die Stadt Wien\",\"url\":\"https:\\\/\\\/kwp.at\\\/pensionistenklubs\\\/\",\"logo\":{\"@type\":\"ImageObject\",\"inLanguage\":\"de\",\"@id\":\"https:\\\/\\\/kwp.at\\\/pensionistenklubs\\\/#\\\/schema\\\/logo\\\/image\\\/\",\"url\":\"https:\\\/\\\/kwp.at\\\/pensionistenklubs\\\/wp-content\\\/uploads\\\/sites\\\/2\\\/2022\\\/08\\\/Logo-Pensionistenklubs-scaled-1.jpeg\",\"contentUrl\":\"https:\\\/\\\/kwp.at\\\/pensionistenklubs\\\/wp-content\\\/uploads\\\/sites\\\/2\\\/2022\\\/08\\\/Logo-Pensionistenklubs-scaled-1.jpeg\",\"width\":2560,\"height\":610,\"caption\":\"PensionistInnenklubs f\u00fcr die Stadt Wien\"},\"image\":{\"@id\":\"https:\\\/\\\/kwp.at\\\/pensionistenklubs\\\/#\\\/schema\\\/logo\\\/image\\\/\"}},{\"@type\":\"Person\",\"@id\":\"https:\\\/\\\/kwp.at\\\/pensionistenklubs\\\/#\\\/schema\\\/person\\\/61cf2d6446ddb6c1b29073be14a63b67\",\"name\":\"jgreger\",\"image\":{\"@type\":\"ImageObject\",\"inLanguage\":\"de\",\"@id\":\"https:\\\/\\\/secure.gravatar.com\\\/avatar\\\/9684a2cbe3b4eafe5f601756fda0a28c737f31d3356c28616a94c17141dfb8c4?s=96&d=mm&r=g\",\"url\":\"https:\\\/\\\/secure.gravatar.com\\\/avatar\\\/9684a2cbe3b4eafe5f601756fda0a28c737f31d3356c28616a94c17141dfb8c4?s=96&d=mm&r=g\",\"contentUrl\":\"https:\\\/\\\/secure.gravatar.com\\\/avatar\\\/9684a2cbe3b4eafe5f601756fda0a28c737f31d3356c28616a94c17141dfb8c4?s=96&d=mm&r=g\",\"caption\":\"jgreger\"}}]}<\/script>\n<!-- \/ Yoast SEO plugin. -->","yoast_head_json":{"title":"Zur\u00fcck aus der Sommerpause! - Pensionist*innenklubs","robots":{"index":"index","follow":"follow","max-snippet":"max-snippet:-1","max-image-preview":"max-image-preview:large","max-video-preview":"max-video-preview:-1"},"canonical":"https:\/\/kwp.at\/pensionistenklubs\/zurueck-aus-der-sommerpause\/","og_locale":"de_DE","og_type":"article","og_title":"Zur\u00fcck aus der Sommerpause! - Pensionist*innenklubs","og_description":"Klub\u00f6ffnung: Gut erholt, mit gebr\u00e4untem Teint und rundum fr\u00f6hlich starten die Klubs in die neue Saison: Ab September haben viele unserer Klublokale wieder f\u00fcr Sie","og_url":"https:\/\/kwp.at\/pensionistenklubs\/zurueck-aus-der-sommerpause\/","og_site_name":"Pensionist*innenklubs","article_published_time":"2021-08-31T13:14:51+00:00","article_modified_time":"2021-09-20T07:56:10+00:00","og_image":[{"width":1220,"height":500,"url":"https:\/\/kwp.at\/pensionistenklubs\/wp-content\/uploads\/sites\/2\/2021\/08\/Header-Kluboeffnung_Sep2021-c-Bruckner.png","type":"image\/png"}],"author":"jgreger","twitter_card":"summary_large_image","twitter_misc":{"Geschrieben von":"jgreger","Gesch\u00e4tzte Lesezeit":"3\u00a0Minuten"},"schema":{"@context":"https:\/\/schema.org","@graph":[{"@type":"Article","@id":"https:\/\/kwp.at\/pensionistenklubs\/zurueck-aus-der-sommerpause\/#article","isPartOf":{"@id":"https:\/\/kwp.at\/pensionistenklubs\/zurueck-aus-der-sommerpause\/"},"author":{"name":"jgreger","@id":"https:\/\/kwp.at\/pensionistenklubs\/#\/schema\/person\/61cf2d6446ddb6c1b29073be14a63b67"},"headline":"Zur\u00fcck aus der Sommerpause!","datePublished":"2021-08-31T13:14:51+00:00","dateModified":"2021-09-20T07:56:10+00:00","mainEntityOfPage":{"@id":"https:\/\/kwp.at\/pensionistenklubs\/zurueck-aus-der-sommerpause\/"},"wordCount":509,"publisher":{"@id":"https:\/\/kwp.at\/pensionistenklubs\/#organization"},"image":{"@id":"https:\/\/kwp.at\/pensionistenklubs\/zurueck-aus-der-sommerpause\/#primaryimage"},"thumbnailUrl":"https:\/\/kwp.at\/pensionistenklubs\/wp-content\/uploads\/sites\/2\/2021\/08\/Header-Kluboeffnung_Sep2021-c-Bruckner.png","articleSection":{"1":"Willkommen im Klub"},"inLanguage":"de"},{"@type":"WebPage","@id":"https:\/\/kwp.at\/pensionistenklubs\/zurueck-aus-der-sommerpause\/","url":"https:\/\/kwp.at\/pensionistenklubs\/zurueck-aus-der-sommerpause\/","name":"Zur\u00fcck aus der Sommerpause! - Pensionist*innenklubs","isPartOf":{"@id":"https:\/\/kwp.at\/pensionistenklubs\/#website"},"primaryImageOfPage":{"@id":"https:\/\/kwp.at\/pensionistenklubs\/zurueck-aus-der-sommerpause\/#primaryimage"},"image":{"@id":"https:\/\/kwp.at\/pensionistenklubs\/zurueck-aus-der-sommerpause\/#primaryimage"},"thumbnailUrl":"https:\/\/kwp.at\/pensionistenklubs\/wp-content\/uploads\/sites\/2\/2021\/08\/Header-Kluboeffnung_Sep2021-c-Bruckner.png","datePublished":"2021-08-31T13:14:51+00:00","dateModified":"2021-09-20T07:56:10+00:00","inLanguage":"de","potentialAction":[{"@type":"ReadAction","target":["https:\/\/kwp.at\/pensionistenklubs\/zurueck-aus-der-sommerpause\/"]}]},{"@type":"ImageObject","inLanguage":"de","@id":"https:\/\/kwp.at\/pensionistenklubs\/zurueck-aus-der-sommerpause\/#primaryimage","url":"https:\/\/kwp.at\/pensionistenklubs\/wp-content\/uploads\/sites\/2\/2021\/08\/Header-Kluboeffnung_Sep2021-c-Bruckner.png","contentUrl":"https:\/\/kwp.at\/pensionistenklubs\/wp-content\/uploads\/sites\/2\/2021\/08\/Header-Kluboeffnung_Sep2021-c-Bruckner.png","width":1220,"height":500},{"@type":"WebSite","@id":"https:\/\/kwp.at\/pensionistenklubs\/#website","url":"https:\/\/kwp.at\/pensionistenklubs\/","name":"Pensionist*innenklubs","description":"F\u00fcr die Stadt Wien","publisher":{"@id":"https:\/\/kwp.at\/pensionistenklubs\/#organization"},"potentialAction":[{"@type":"SearchAction","target":{"@type":"EntryPoint","urlTemplate":"https:\/\/kwp.at\/pensionistenklubs\/?s={search_term_string}"},"query-input":{"@type":"PropertyValueSpecification","valueRequired":true,"valueName":"search_term_string"}}],"inLanguage":"de"},{"@type":"Organization","@id":"https:\/\/kwp.at\/pensionistenklubs\/#organization","name":"PensionistInnenklubs f\u00fcr die Stadt Wien","url":"https:\/\/kwp.at\/pensionistenklubs\/","logo":{"@type":"ImageObject","inLanguage":"de","@id":"https:\/\/kwp.at\/pensionistenklubs\/#\/schema\/logo\/image\/","url":"https:\/\/kwp.at\/pensionistenklubs\/wp-content\/uploads\/sites\/2\/2022\/08\/Logo-Pensionistenklubs-scaled-1.jpeg","contentUrl":"https:\/\/kwp.at\/pensionistenklubs\/wp-content\/uploads\/sites\/2\/2022\/08\/Logo-Pensionistenklubs-scaled-1.jpeg","width":2560,"height":610,"caption":"PensionistInnenklubs f\u00fcr die Stadt Wien"},"image":{"@id":"https:\/\/kwp.at\/pensionistenklubs\/#\/schema\/logo\/image\/"}},{"@type":"Person","@id":"https:\/\/kwp.at\/pensionistenklubs\/#\/schema\/person\/61cf2d6446ddb6c1b29073be14a63b67","name":"jgreger","image":{"@type":"ImageObject","inLanguage":"de","@id":"https:\/\/secure.gravatar.com\/avatar\/9684a2cbe3b4eafe5f601756fda0a28c737f31d3356c28616a94c17141dfb8c4?s=96&d=mm&r=g","url":"https:\/\/secure.gravatar.com\/avatar\/9684a2cbe3b4eafe5f601756fda0a28c737f31d3356c28616a94c17141dfb8c4?s=96&d=mm&r=g","contentUrl":"https:\/\/secure.gravatar.com\/avatar\/9684a2cbe3b4eafe5f601756fda0a28c737f31d3356c28616a94c17141dfb8c4?s=96&d=mm&r=g","caption":"jgreger"}}]}},"_links":{"self":[{"href":"https:\/\/kwp.at\/pensionistenklubs\/wp-json\/wp\/v2\/posts\/5983","targetHints":{"allow":["GET"]}}],"collection":[{"href":"https:\/\/kwp.at\/pensionistenklubs\/wp-json\/wp\/v2\/posts"}],"about":[{"href":"https:\/\/kwp.at\/pensionistenklubs\/wp-json\/wp\/v2\/types\/post"}],"author":[{"embeddable":true,"href":"https:\/\/kwp.at\/pensionistenklubs\/wp-json\/wp\/v2\/users\/78"}],"replies":[{"embeddable":true,"href":"https:\/\/kwp.at\/pensionistenklubs\/wp-json\/wp\/v2\/comments?post=5983"}],"version-history":[{"count":24,"href":"https:\/\/kwp.at\/pensionistenklubs\/wp-json\/wp\/v2\/posts\/5983\/revisions"}],"predecessor-version":[{"id":6764,"href":"https:\/\/kwp.at\/pensionistenklubs\/wp-json\/wp\/v2\/posts\/5983\/revisions\/6764"}],"wp:featuredmedia":[{"embeddable":true,"href":"https:\/\/kwp.at\/pensionistenklubs\/wp-json\/wp\/v2\/media\/5988"}],"wp:attachment":[{"href":"https:\/\/kwp.at\/pensionistenklubs\/wp-json\/wp\/v2\/media?parent=5983"}],"wp:term":[{"taxonomy":"category","embeddable":true,"href":"https:\/\/kwp.at\/pensionistenklubs\/wp-json\/wp\/v2\/categories?post=5983"},{"taxonomy":"post_tag","embeddable":true,"href":"https:\/\/kwp.at\/pensionistenklubs\/wp-json\/wp\/v2\/tags?post=5983"}],"curies":[{"name":"wp","href":"https:\/\/api.w.org\/{rel}","templated":true}]}}