{"id":5843,"date":"2021-07-14T11:14:36","date_gmt":"2021-07-14T09:14:36","guid":{"rendered":"https:\/\/kwp.at\/pensionistenklubs\/?p=5843"},"modified":"2021-07-14T11:14:38","modified_gmt":"2021-07-14T09:14:38","slug":"internationales-frauensprachcafe","status":"publish","type":"post","link":"https:\/\/kwp.at\/pensionistenklubs\/internationales-frauensprachcafe\/","title":{"rendered":"Internationales Frauensprachcaf\u00e9"},"content":{"rendered":"\n<p><strong>Im PensionistInnenklub Wehlistra\u00dfe und Greiseneckergasse findet w\u00f6chentlich eine gemischt-kulturelle Damenplauderrunde mit Frauen aus der Nachbarschaft statt.<\/strong> <strong>Eine transkulturelle Vernetzung im Gr\u00e4tzel soll somit erm\u00f6glicht werden, wobei bei den Plauderrunden eine spielerische und wertfreie Auseinandersetzung mit der deutschen Sprache im Mittelpunkt steht. <\/strong><\/p>\n\n\n\n<div style=\"background-color: #7c81d8\" class=\"wp-block-kwp-blocks-infobox\"><h3>Besuchen Sie uns im Frauensprachcaf\u00e9!<\/h3><p>\n<p>Um Anmeldung im Klub wird gebeten: <\/p>\n\n\n\n<p><a href=\"https:\/\/kwp.at\/pensionistenklubs\/clubs\/bunte-vielfalt-greiseneckergasse-5-copy\/\">Frauensprachcaf\u00e9 im Klub+ Weitblick, Greiseneckergasse 5<\/a><\/p>\n\n\n\n<p><a href=\"https:\/\/kwp.at\/pensionistenklubs\/clubs\/klub-wehlinstrase\/\">Fauensprachcafe im Klub Wehlistra\u00dfe 164<\/a><\/p>\n\n\n\n<a target=\"_blank\" href=\"https:\/\/kwp.at\/veranstaltungen\/?filter=club&amp;club_style=1&amp;event_search=frauensprachcafe&amp;start_date=&amp;end_date=\" rel=\"noopener noreferrer\" class=\"wp-block-kwp-blocks-button-block\">Termine im Detail<\/a>\n<\/p><\/div>\n\n\n\n<p>In den PensionistInnenklubs Wehlistra\u00dfe und Greiseneckergasse findet einmal w\u00f6chentlich eine <strong>Plauderrunde f\u00fcr Damen mit gemischt-kulturellem Hintergrund <\/strong>statt. Hier trifft man sich, um einander kennenzulernen, neuen Anschluss oder gar neue Freundinnen zu finden und um <strong>transkulturelle Gemeinsamkeiten<\/strong> zu entdecken. <\/p>\n\n\n\n<p>Ein wersch\u00e4tzendes Miteinander sowie eine spielerische und wertfereie Auseinandersetzung mit der deutschen Sprache stehen bei den gemeinsamen Plauderrunden im Mittelpunkt.<\/p>\n\n\n\n<blockquote class=\"wp-block-quote is-layout-flow wp-block-quote-is-layout-flow\"><p>Durch diese Runden wollen wir den Damen der Nachbarschaft einen sicheren Rahmen bieten, in dem sie sich ausprobieren k\u00f6nnen, plaudern und Anschluss finden k\u00f6nnen, denn wir haben gemerkt, dass Migration die Betroffenen nicht nur vor die Herausforderung stellt eine neue Sprache zu erlernen, sondern dass es auch ganz andere Probleme gibt, die oft auch verhindern, dass Teilhabe am gesellschaftlichen Leben stattfindet.<\/p><cite>Elena Sideres | Teamleitung 2. Bez. <\/cite><\/blockquote>\n\n\n\n<h3 class=\"wp-block-heading\">Ort der Begegnung<\/h3>\n\n\n\n<p>Im internationalen Frauensprachcaf\u00e9 sind Damen jeglichen Alters und jeglicher Herkunft herzlich willkommen! <\/p>\n\n\n\n<p>Die gemeinsamen Treffen werden dabei von unseren KlubmitarbeiterInnen betreut und moderiert. Ausgew\u00e4hlte und saisonal relevate Themen sollen den Enstieg in die gesellige Plauderrunde erleichtern.<\/p>\n\n\n\n<p> Ziel ist es, einen Ort der Begegnung f\u00fcr <strong>generationen\u00fcbergreifenden Austausch<\/strong> zu schaffen, bei dem alle voneinander lernen k\u00f6nnen. Dabei gehen die KlubbetreuerInnen vor Ort auch auf etwaige Bed\u00fcrfnisse der Damen ein, indem sie im Rahmen der Plaudercaf\u00e9s die <strong>M\u00f6glichkeit zur kostenlosen Kinderbetreeung f\u00fcr alle Teilnehmerinnen<\/strong> anbieten. <\/p>\n\n\n\n<p>Besuchen Sie uns im internationalen Frauencaf\u00e9!<\/p>\n","protected":false},"excerpt":{"rendered":"<p>Im PensionistInnenklub Wehlistra\u00dfe und Greiseneckergasse findet w\u00f6chentlich eine gemischt-kulturelle Damenplauderrunde mit Frauen aus der Nachbarschaft statt. Eine transkulturelle Vernetzung im Gr\u00e4tzel soll somit erm\u00f6glicht werden,<\/p>\n","protected":false},"author":78,"featured_media":5846,"comment_status":"closed","ping_status":"closed","sticky":false,"template":"","format":"standard","meta":{"_acf_changed":false,"footnotes":""},"categories":[1,22],"tags":[],"class_list":["post-5843","post","type-post","status-publish","format-standard","has-post-thumbnail","hentry","category-allgemein","category-willkommen-im-klub"],"acf":[],"yoast_head":"<!-- This site is optimized with the Yoast SEO plugin v27.4 - https:\/\/yoast.com\/product\/yoast-seo-wordpress\/ -->\n<title>Internationales Frauensprachcaf\u00e9 - Pensionist*innenklubs<\/title>\n<meta name=\"robots\" content=\"index, follow, max-snippet:-1, max-image-preview:large, max-video-preview:-1\" \/>\n<link rel=\"canonical\" href=\"https:\/\/kwp.at\/pensionistenklubs\/internationales-frauensprachcafe\/\" \/>\n<meta property=\"og:locale\" content=\"de_DE\" \/>\n<meta property=\"og:type\" content=\"article\" \/>\n<meta property=\"og:title\" content=\"Internationales Frauensprachcaf\u00e9 - Pensionist*innenklubs\" \/>\n<meta property=\"og:description\" content=\"Im PensionistInnenklub Wehlistra\u00dfe und Greiseneckergasse findet w\u00f6chentlich eine gemischt-kulturelle Damenplauderrunde mit Frauen aus der Nachbarschaft statt. Eine transkulturelle Vernetzung im Gr\u00e4tzel soll somit erm\u00f6glicht werden,\" \/>\n<meta property=\"og:url\" content=\"https:\/\/kwp.at\/pensionistenklubs\/internationales-frauensprachcafe\/\" \/>\n<meta property=\"og:site_name\" content=\"Pensionist*innenklubs\" \/>\n<meta property=\"article:published_time\" content=\"2021-07-14T09:14:36+00:00\" \/>\n<meta property=\"article:modified_time\" content=\"2021-07-14T09:14:38+00:00\" \/>\n<meta property=\"og:image\" content=\"https:\/\/kwp.at\/pensionistenklubs\/wp-content\/uploads\/sites\/2\/2021\/07\/pexels-dominika-roseclay-977882-scaled.jpg\" \/>\n\t<meta property=\"og:image:width\" content=\"2560\" \/>\n\t<meta property=\"og:image:height\" content=\"1696\" \/>\n\t<meta property=\"og:image:type\" content=\"image\/jpeg\" \/>\n<meta name=\"author\" content=\"jgreger\" \/>\n<meta name=\"twitter:card\" content=\"summary_large_image\" \/>\n<meta name=\"twitter:label1\" content=\"Geschrieben von\" \/>\n\t<meta name=\"twitter:data1\" content=\"jgreger\" \/>\n\t<meta name=\"twitter:label2\" content=\"Gesch\u00e4tzte Lesezeit\" \/>\n\t<meta name=\"twitter:data2\" content=\"2\u00a0Minuten\" \/>\n<script type=\"application\/ld+json\" class=\"yoast-schema-graph\">{\"@context\":\"https:\\\/\\\/schema.org\",\"@graph\":[{\"@type\":\"Article\",\"@id\":\"https:\\\/\\\/kwp.at\\\/pensionistenklubs\\\/internationales-frauensprachcafe\\\/#article\",\"isPartOf\":{\"@id\":\"https:\\\/\\\/kwp.at\\\/pensionistenklubs\\\/internationales-frauensprachcafe\\\/\"},\"author\":{\"name\":\"jgreger\",\"@id\":\"https:\\\/\\\/kwp.at\\\/pensionistenklubs\\\/#\\\/schema\\\/person\\\/61cf2d6446ddb6c1b29073be14a63b67\"},\"headline\":\"Internationales Frauensprachcaf\u00e9\",\"datePublished\":\"2021-07-14T09:14:36+00:00\",\"dateModified\":\"2021-07-14T09:14:38+00:00\",\"mainEntityOfPage\":{\"@id\":\"https:\\\/\\\/kwp.at\\\/pensionistenklubs\\\/internationales-frauensprachcafe\\\/\"},\"wordCount\":299,\"publisher\":{\"@id\":\"https:\\\/\\\/kwp.at\\\/pensionistenklubs\\\/#organization\"},\"image\":{\"@id\":\"https:\\\/\\\/kwp.at\\\/pensionistenklubs\\\/internationales-frauensprachcafe\\\/#primaryimage\"},\"thumbnailUrl\":\"https:\\\/\\\/kwp.at\\\/pensionistenklubs\\\/wp-content\\\/uploads\\\/sites\\\/2\\\/2021\\\/07\\\/pexels-dominika-roseclay-977882-scaled.jpg\",\"articleSection\":{\"1\":\"Willkommen im Klub\"},\"inLanguage\":\"de\"},{\"@type\":\"WebPage\",\"@id\":\"https:\\\/\\\/kwp.at\\\/pensionistenklubs\\\/internationales-frauensprachcafe\\\/\",\"url\":\"https:\\\/\\\/kwp.at\\\/pensionistenklubs\\\/internationales-frauensprachcafe\\\/\",\"name\":\"Internationales Frauensprachcaf\u00e9 - Pensionist*innenklubs\",\"isPartOf\":{\"@id\":\"https:\\\/\\\/kwp.at\\\/pensionistenklubs\\\/#website\"},\"primaryImageOfPage\":{\"@id\":\"https:\\\/\\\/kwp.at\\\/pensionistenklubs\\\/internationales-frauensprachcafe\\\/#primaryimage\"},\"image\":{\"@id\":\"https:\\\/\\\/kwp.at\\\/pensionistenklubs\\\/internationales-frauensprachcafe\\\/#primaryimage\"},\"thumbnailUrl\":\"https:\\\/\\\/kwp.at\\\/pensionistenklubs\\\/wp-content\\\/uploads\\\/sites\\\/2\\\/2021\\\/07\\\/pexels-dominika-roseclay-977882-scaled.jpg\",\"datePublished\":\"2021-07-14T09:14:36+00:00\",\"dateModified\":\"2021-07-14T09:14:38+00:00\",\"inLanguage\":\"de\",\"potentialAction\":[{\"@type\":\"ReadAction\",\"target\":[\"https:\\\/\\\/kwp.at\\\/pensionistenklubs\\\/internationales-frauensprachcafe\\\/\"]}]},{\"@type\":\"ImageObject\",\"inLanguage\":\"de\",\"@id\":\"https:\\\/\\\/kwp.at\\\/pensionistenklubs\\\/internationales-frauensprachcafe\\\/#primaryimage\",\"url\":\"https:\\\/\\\/kwp.at\\\/pensionistenklubs\\\/wp-content\\\/uploads\\\/sites\\\/2\\\/2021\\\/07\\\/pexels-dominika-roseclay-977882-scaled.jpg\",\"contentUrl\":\"https:\\\/\\\/kwp.at\\\/pensionistenklubs\\\/wp-content\\\/uploads\\\/sites\\\/2\\\/2021\\\/07\\\/pexels-dominika-roseclay-977882-scaled.jpg\",\"width\":2560,\"height\":1696},{\"@type\":\"WebSite\",\"@id\":\"https:\\\/\\\/kwp.at\\\/pensionistenklubs\\\/#website\",\"url\":\"https:\\\/\\\/kwp.at\\\/pensionistenklubs\\\/\",\"name\":\"Pensionist*innenklubs\",\"description\":\"F\u00fcr die Stadt Wien\",\"publisher\":{\"@id\":\"https:\\\/\\\/kwp.at\\\/pensionistenklubs\\\/#organization\"},\"potentialAction\":[{\"@type\":\"SearchAction\",\"target\":{\"@type\":\"EntryPoint\",\"urlTemplate\":\"https:\\\/\\\/kwp.at\\\/pensionistenklubs\\\/?s={search_term_string}\"},\"query-input\":{\"@type\":\"PropertyValueSpecification\",\"valueRequired\":true,\"valueName\":\"search_term_string\"}}],\"inLanguage\":\"de\"},{\"@type\":\"Organization\",\"@id\":\"https:\\\/\\\/kwp.at\\\/pensionistenklubs\\\/#organization\",\"name\":\"PensionistInnenklubs f\u00fcr die Stadt Wien\",\"url\":\"https:\\\/\\\/kwp.at\\\/pensionistenklubs\\\/\",\"logo\":{\"@type\":\"ImageObject\",\"inLanguage\":\"de\",\"@id\":\"https:\\\/\\\/kwp.at\\\/pensionistenklubs\\\/#\\\/schema\\\/logo\\\/image\\\/\",\"url\":\"https:\\\/\\\/kwp.at\\\/pensionistenklubs\\\/wp-content\\\/uploads\\\/sites\\\/2\\\/2022\\\/08\\\/Logo-Pensionistenklubs-scaled-1.jpeg\",\"contentUrl\":\"https:\\\/\\\/kwp.at\\\/pensionistenklubs\\\/wp-content\\\/uploads\\\/sites\\\/2\\\/2022\\\/08\\\/Logo-Pensionistenklubs-scaled-1.jpeg\",\"width\":2560,\"height\":610,\"caption\":\"PensionistInnenklubs f\u00fcr die Stadt Wien\"},\"image\":{\"@id\":\"https:\\\/\\\/kwp.at\\\/pensionistenklubs\\\/#\\\/schema\\\/logo\\\/image\\\/\"}},{\"@type\":\"Person\",\"@id\":\"https:\\\/\\\/kwp.at\\\/pensionistenklubs\\\/#\\\/schema\\\/person\\\/61cf2d6446ddb6c1b29073be14a63b67\",\"name\":\"jgreger\",\"image\":{\"@type\":\"ImageObject\",\"inLanguage\":\"de\",\"@id\":\"https:\\\/\\\/secure.gravatar.com\\\/avatar\\\/9684a2cbe3b4eafe5f601756fda0a28c737f31d3356c28616a94c17141dfb8c4?s=96&d=mm&r=g\",\"url\":\"https:\\\/\\\/secure.gravatar.com\\\/avatar\\\/9684a2cbe3b4eafe5f601756fda0a28c737f31d3356c28616a94c17141dfb8c4?s=96&d=mm&r=g\",\"contentUrl\":\"https:\\\/\\\/secure.gravatar.com\\\/avatar\\\/9684a2cbe3b4eafe5f601756fda0a28c737f31d3356c28616a94c17141dfb8c4?s=96&d=mm&r=g\",\"caption\":\"jgreger\"}}]}<\/script>\n<!-- \/ Yoast SEO plugin. -->","yoast_head_json":{"title":"Internationales Frauensprachcaf\u00e9 - Pensionist*innenklubs","robots":{"index":"index","follow":"follow","max-snippet":"max-snippet:-1","max-image-preview":"max-image-preview:large","max-video-preview":"max-video-preview:-1"},"canonical":"https:\/\/kwp.at\/pensionistenklubs\/internationales-frauensprachcafe\/","og_locale":"de_DE","og_type":"article","og_title":"Internationales Frauensprachcaf\u00e9 - Pensionist*innenklubs","og_description":"Im PensionistInnenklub Wehlistra\u00dfe und Greiseneckergasse findet w\u00f6chentlich eine gemischt-kulturelle Damenplauderrunde mit Frauen aus der Nachbarschaft statt. Eine transkulturelle Vernetzung im Gr\u00e4tzel soll somit erm\u00f6glicht werden,","og_url":"https:\/\/kwp.at\/pensionistenklubs\/internationales-frauensprachcafe\/","og_site_name":"Pensionist*innenklubs","article_published_time":"2021-07-14T09:14:36+00:00","article_modified_time":"2021-07-14T09:14:38+00:00","og_image":[{"width":2560,"height":1696,"url":"https:\/\/kwp.at\/pensionistenklubs\/wp-content\/uploads\/sites\/2\/2021\/07\/pexels-dominika-roseclay-977882-scaled.jpg","type":"image\/jpeg"}],"author":"jgreger","twitter_card":"summary_large_image","twitter_misc":{"Geschrieben von":"jgreger","Gesch\u00e4tzte Lesezeit":"2\u00a0Minuten"},"schema":{"@context":"https:\/\/schema.org","@graph":[{"@type":"Article","@id":"https:\/\/kwp.at\/pensionistenklubs\/internationales-frauensprachcafe\/#article","isPartOf":{"@id":"https:\/\/kwp.at\/pensionistenklubs\/internationales-frauensprachcafe\/"},"author":{"name":"jgreger","@id":"https:\/\/kwp.at\/pensionistenklubs\/#\/schema\/person\/61cf2d6446ddb6c1b29073be14a63b67"},"headline":"Internationales Frauensprachcaf\u00e9","datePublished":"2021-07-14T09:14:36+00:00","dateModified":"2021-07-14T09:14:38+00:00","mainEntityOfPage":{"@id":"https:\/\/kwp.at\/pensionistenklubs\/internationales-frauensprachcafe\/"},"wordCount":299,"publisher":{"@id":"https:\/\/kwp.at\/pensionistenklubs\/#organization"},"image":{"@id":"https:\/\/kwp.at\/pensionistenklubs\/internationales-frauensprachcafe\/#primaryimage"},"thumbnailUrl":"https:\/\/kwp.at\/pensionistenklubs\/wp-content\/uploads\/sites\/2\/2021\/07\/pexels-dominika-roseclay-977882-scaled.jpg","articleSection":{"1":"Willkommen im Klub"},"inLanguage":"de"},{"@type":"WebPage","@id":"https:\/\/kwp.at\/pensionistenklubs\/internationales-frauensprachcafe\/","url":"https:\/\/kwp.at\/pensionistenklubs\/internationales-frauensprachcafe\/","name":"Internationales Frauensprachcaf\u00e9 - Pensionist*innenklubs","isPartOf":{"@id":"https:\/\/kwp.at\/pensionistenklubs\/#website"},"primaryImageOfPage":{"@id":"https:\/\/kwp.at\/pensionistenklubs\/internationales-frauensprachcafe\/#primaryimage"},"image":{"@id":"https:\/\/kwp.at\/pensionistenklubs\/internationales-frauensprachcafe\/#primaryimage"},"thumbnailUrl":"https:\/\/kwp.at\/pensionistenklubs\/wp-content\/uploads\/sites\/2\/2021\/07\/pexels-dominika-roseclay-977882-scaled.jpg","datePublished":"2021-07-14T09:14:36+00:00","dateModified":"2021-07-14T09:14:38+00:00","inLanguage":"de","potentialAction":[{"@type":"ReadAction","target":["https:\/\/kwp.at\/pensionistenklubs\/internationales-frauensprachcafe\/"]}]},{"@type":"ImageObject","inLanguage":"de","@id":"https:\/\/kwp.at\/pensionistenklubs\/internationales-frauensprachcafe\/#primaryimage","url":"https:\/\/kwp.at\/pensionistenklubs\/wp-content\/uploads\/sites\/2\/2021\/07\/pexels-dominika-roseclay-977882-scaled.jpg","contentUrl":"https:\/\/kwp.at\/pensionistenklubs\/wp-content\/uploads\/sites\/2\/2021\/07\/pexels-dominika-roseclay-977882-scaled.jpg","width":2560,"height":1696},{"@type":"WebSite","@id":"https:\/\/kwp.at\/pensionistenklubs\/#website","url":"https:\/\/kwp.at\/pensionistenklubs\/","name":"Pensionist*innenklubs","description":"F\u00fcr die Stadt Wien","publisher":{"@id":"https:\/\/kwp.at\/pensionistenklubs\/#organization"},"potentialAction":[{"@type":"SearchAction","target":{"@type":"EntryPoint","urlTemplate":"https:\/\/kwp.at\/pensionistenklubs\/?s={search_term_string}"},"query-input":{"@type":"PropertyValueSpecification","valueRequired":true,"valueName":"search_term_string"}}],"inLanguage":"de"},{"@type":"Organization","@id":"https:\/\/kwp.at\/pensionistenklubs\/#organization","name":"PensionistInnenklubs f\u00fcr die Stadt Wien","url":"https:\/\/kwp.at\/pensionistenklubs\/","logo":{"@type":"ImageObject","inLanguage":"de","@id":"https:\/\/kwp.at\/pensionistenklubs\/#\/schema\/logo\/image\/","url":"https:\/\/kwp.at\/pensionistenklubs\/wp-content\/uploads\/sites\/2\/2022\/08\/Logo-Pensionistenklubs-scaled-1.jpeg","contentUrl":"https:\/\/kwp.at\/pensionistenklubs\/wp-content\/uploads\/sites\/2\/2022\/08\/Logo-Pensionistenklubs-scaled-1.jpeg","width":2560,"height":610,"caption":"PensionistInnenklubs f\u00fcr die Stadt Wien"},"image":{"@id":"https:\/\/kwp.at\/pensionistenklubs\/#\/schema\/logo\/image\/"}},{"@type":"Person","@id":"https:\/\/kwp.at\/pensionistenklubs\/#\/schema\/person\/61cf2d6446ddb6c1b29073be14a63b67","name":"jgreger","image":{"@type":"ImageObject","inLanguage":"de","@id":"https:\/\/secure.gravatar.com\/avatar\/9684a2cbe3b4eafe5f601756fda0a28c737f31d3356c28616a94c17141dfb8c4?s=96&d=mm&r=g","url":"https:\/\/secure.gravatar.com\/avatar\/9684a2cbe3b4eafe5f601756fda0a28c737f31d3356c28616a94c17141dfb8c4?s=96&d=mm&r=g","contentUrl":"https:\/\/secure.gravatar.com\/avatar\/9684a2cbe3b4eafe5f601756fda0a28c737f31d3356c28616a94c17141dfb8c4?s=96&d=mm&r=g","caption":"jgreger"}}]}},"_links":{"self":[{"href":"https:\/\/kwp.at\/pensionistenklubs\/wp-json\/wp\/v2\/posts\/5843","targetHints":{"allow":["GET"]}}],"collection":[{"href":"https:\/\/kwp.at\/pensionistenklubs\/wp-json\/wp\/v2\/posts"}],"about":[{"href":"https:\/\/kwp.at\/pensionistenklubs\/wp-json\/wp\/v2\/types\/post"}],"author":[{"embeddable":true,"href":"https:\/\/kwp.at\/pensionistenklubs\/wp-json\/wp\/v2\/users\/78"}],"replies":[{"embeddable":true,"href":"https:\/\/kwp.at\/pensionistenklubs\/wp-json\/wp\/v2\/comments?post=5843"}],"version-history":[{"count":1,"href":"https:\/\/kwp.at\/pensionistenklubs\/wp-json\/wp\/v2\/posts\/5843\/revisions"}],"predecessor-version":[{"id":5844,"href":"https:\/\/kwp.at\/pensionistenklubs\/wp-json\/wp\/v2\/posts\/5843\/revisions\/5844"}],"wp:featuredmedia":[{"embeddable":true,"href":"https:\/\/kwp.at\/pensionistenklubs\/wp-json\/wp\/v2\/media\/5846"}],"wp:attachment":[{"href":"https:\/\/kwp.at\/pensionistenklubs\/wp-json\/wp\/v2\/media?parent=5843"}],"wp:term":[{"taxonomy":"category","embeddable":true,"href":"https:\/\/kwp.at\/pensionistenklubs\/wp-json\/wp\/v2\/categories?post=5843"},{"taxonomy":"post_tag","embeddable":true,"href":"https:\/\/kwp.at\/pensionistenklubs\/wp-json\/wp\/v2\/tags?post=5843"}],"curies":[{"name":"wp","href":"https:\/\/api.w.org\/{rel}","templated":true}]}}