{"id":5472,"date":"2021-06-23T09:37:28","date_gmt":"2021-06-23T07:37:28","guid":{"rendered":"https:\/\/kwp.at\/pensionistenklubs\/?p=5472"},"modified":"2021-06-29T14:37:21","modified_gmt":"2021-06-29T12:37:21","slug":"partneraktion-im-juli-mit-den-klubs-zu-viktor-gernots-praterbuehne","status":"publish","type":"post","link":"https:\/\/kwp.at\/pensionistenklubs\/partneraktion-im-juli-mit-den-klubs-zu-viktor-gernots-praterbuehne\/","title":{"rendered":"Partneraktion im Juli: Mit den Klubs zu Viktor Gernots Praterb\u00fchne"},"content":{"rendered":"\n<p><strong>F\u00fcr alle Klubmitglieder der PensionistInnenklubs gibt es auch im Juli wieder ein tolles Angebot: Im Rahmen einer Partner-Aktion vergibt Viktor Gernots Praterb\u00fchne Tickets f\u00fcr zahlreiche Programmpunkte zu besonders verg\u00fcnstigten Konditionen.<\/strong><\/p>\n\n\n\n<div style=\"background-color: #f9b233\" class=\"wp-block-kwp-blocks-infobox\"><h3>Tickets sichern! <\/h3><p>\n<p>Senden Sie ein E-Mail an <a href=\"mailto:info@praterbuehne.at\">info@praterbuehne.at<\/a> oder bestellen Sie telefonisch unter der Nummer <a href=\"http:\/\/0664\/2337330\">0664\/2337330<\/a> (15-18Uhr).<\/p>\n\n\n\n<p>Geben Sie bei Ihrer Bestellung Ihren Namen, die gew\u00fcnschte Veranstaltung, die Anzahl der Karten und das <strong>Kennwort \u201eKWP-Senioren-Aktion\u201c<\/strong> an.<\/p>\n\n\n\n<a target=\"_blank\" href=\"mailto:info@praterbuehne.at\" rel=\"noopener noreferrer\" class=\"wp-block-kwp-blocks-button-block is-style-secondary-button\">Jetzt bestellen!<\/a>\n\n\n\n<p>Folgend erhalten Sie eine schriftliche Best\u00e4tigung. Die Karten werden an der Kassa vor Ort am Veranstaltungstag f\u00fcr Sie hinterlegt. (Die Bestellung ist verbindlich. Bitte bei Verhinderung um schriftliche Absage.) <em>Das Kuratorium Wiener Pensionisten-Wohnh\u00e4user (KWP) \u00fcbernimmt keine Gew\u00e4hr und Haftung f\u00fcr den Ticketkauf- und Abwicklung.<\/em><\/p>\n<\/p><\/div>\n\n\n\n<h4 class=\"wp-block-heading\">W\u00e4hlen Sie aus zahlreichen tollen Programmpunkten Ihr pers\u00f6nliches Highlight:<\/h4>\n\n\n\n<details class=\"wp-block-kwp-blocks-detail-block\"><summary>Das Kabarett-Angebot im Juli<\/summary><p><p>Einlass 18.00 Uhr. Beginn 19.30 Uhr<\/p><p><strong>Mi, 07.07. Gerald Fleischhacker &#8211; Am Sand<\/strong>: 20\u20ac statt 25\u20ac (inkl. 5\u20ac Gastro-Jeton)<\/p><p><strong>Fr, 09.07. Heilbutt &amp; Rosen &#8211; Best of<\/strong>: 30\u20ac statt 45\u20ac (inkl. 5\u20ac Gastro-Jeton) oder 25\u20ac statt 35\u20ac (in der Kategorie 2; inkl. 5\u20ac Gastro-Jeton)<\/p><p><strong>So, 11.07. Clemens M. Schreiner &#8211; Best of<\/strong>: 20\u20ac statt 25\u20ac (inkl. 5\u20ac Gastro-Jeton)<\/p><p><strong>Mi, 14.07. Barbara Balldini &#8211; Balldini\u00b4s Night<\/strong>: 20\u20ac statt 25\u20ac (inkl. 5\u20ac Gastro-Jeton)<\/p><p><strong>Mi, 21.07. Michael Buchinger &#8211; Lange Beine, kurze L\u00fcgen<\/strong>: 20\u20ac statt 25\u20ac (inkl. 5\u20ac Gastro-Jeton)<\/p><p><strong>Sa, 31.07. Lukas Resetarits &#8211; Das Letzte<\/strong>: 30\u20ac statt 45\u20ac (inkl. 5\u20ac Gastro-Jeton) oder 25\u20ac statt 35\u20ac (in der Kategorie 2; inkl. 5\u20ac Gastro-Jeton)<\/p><\/p><\/details>\n\n\n\n<details class=\"wp-block-kwp-blocks-detail-block\"><summary>Das Musik-Angebot im Juli<\/summary><p><p>Einlass 18.00 Uhr. Beginn 19.30 Uhr<\/p><p><strong>Mi, 23.06. T. Strobl &amp; R. Sokal \u2013 Weltrekord mir Pirron &amp; Knapp<\/strong>: 20\u20ac statt 25\u20ac (inkl. 5\u20ac Gastro-Jeton)<\/p><p><strong>Do, 24.06. Hot Pants Road Club \u2013 Move it up!<\/strong> 25\u20ac statt 35\u20ac\/45\u20ac (inkl. 5\u20ac Gastro-Jeton)<\/p><p><strong>Sa, 10.07. Una Festa Italiana-Mit Erik Arno &amp; Domenico Limardo &amp; Band<\/strong>: 30\u20ac statt 45\u20ac Euro (inkl. 5\u20ac Gastro-Jeton) oder 25\u20ac statt 35\u20ac (in der Kategorie 2; inkl. 5\u20ac Gastro-Jeton)<\/p><p><strong>So, 18.07. Katharina Stra\u00dfer &#8211; Alles f\u00fcrn Hugo<\/strong>: 25\u20ac statt 35\u20ac (inkl. 5\u20ac Gastro-Jeton)<\/p><p><strong>Sa, 24.07. Pete Art &amp; the Rock\u00b4n Roll Junkies &#8211; That\u00b4s Rock`n Roll<\/strong>: 30\u20ac statt 45\u20ac (inkl. 5\u20ac Gastro-Jeton)<\/p><p><strong>So, 25.07. Herrliche Damen &#8211; Lebensfroh<\/strong>: 30\u20ac statt 45\u20ac (inkl. 5\u20ac Gastro-Jeton) oder 25\u20ac statt 35\u20ac (in der Kategorie 2; inkl. 5\u20ac Gastro-Jeton)<\/p><p><strong>Di, 27.07. Familie L\u00e4ssig &#8211; Im Herzen des Kommerz<\/strong>: 30\u20ac statt 45\u20ac (inkl. 5\u20ac Gastro-Jeton) oder 25\u20ac statt 35\u20ac (in der Kategorie 2; inkl. 5\u20ac Euro Gastro-Jeton)<\/p><p><strong>Fr, 30.07. Michael Seida &amp; Sessions Band<\/strong>: 30\u20ac statt 45\u20ac (inkl. 5\u20ac Gastro-Jeton) oder 25\u20ac statt 35\u20ac (in der Kategorie 2; inkl. 5\u20ac Gastro-Jeton)<\/p><p><\/p><\/p><\/details>\n\n\n\n<details class=\"wp-block-kwp-blocks-detail-block\"><summary>Das Angebot der Kinderb\u00fchne im Juli<\/summary><p><p>Einlass 09.30 Uhr, Beginn 10.00 Uhr, Dauer ca. 60 Min.<\/p><p><strong>So, 04.07. Gernot Kranner &#8211; Die Bremer Stadtmusikanten<\/strong><\/p><p><strong>So, 18.07. Schmetterlinge Kindertheater &#8211; Die Geggis<\/strong><\/p><p><strong>So, 25.07. Theater Freispruch &#8211; Die Jackmicks und die Rache des Zauberers<\/strong><\/p><p>Inklusive Kindertageskarte f\u00fcr die Praterfee in der &#8222;Luftburg-Kolarik im Prater&#8220;, Kinder 10\u20ac statt 15\u20ac, Erwachsene 15\u20ac statt 20\u20ac (keine Gastro-Jetons)<\/p><\/p><\/details>\n","protected":false},"excerpt":{"rendered":"<p>F\u00fcr alle Klubmitglieder der PensionistInnenklubs gibt es auch im Juli wieder ein tolles Angebot: Im Rahmen einer Partner-Aktion vergibt Viktor Gernots Praterb\u00fchne Tickets f\u00fcr zahlreiche<\/p>\n","protected":false},"author":78,"featured_media":5177,"comment_status":"closed","ping_status":"closed","sticky":false,"template":"","format":"standard","meta":{"_acf_changed":false,"footnotes":""},"categories":[1,18,21],"tags":[],"class_list":["post-5472","post","type-post","status-publish","format-standard","has-post-thumbnail","hentry","category-allgemein","category-musik-und-tanz","category-unterwegs-mit-den-klubs"],"acf":[],"yoast_head":"<!-- This site is optimized with the Yoast SEO plugin v27.4 - https:\/\/yoast.com\/product\/yoast-seo-wordpress\/ -->\n<title>Partneraktion im Juli: Mit den Klubs zu Viktor Gernots Praterb\u00fchne - Pensionist*innenklubs<\/title>\n<meta name=\"robots\" content=\"index, follow, max-snippet:-1, max-image-preview:large, max-video-preview:-1\" \/>\n<link rel=\"canonical\" href=\"https:\/\/kwp.at\/pensionistenklubs\/partneraktion-im-juli-mit-den-klubs-zu-viktor-gernots-praterbuehne\/\" \/>\n<meta property=\"og:locale\" content=\"de_DE\" \/>\n<meta property=\"og:type\" content=\"article\" \/>\n<meta property=\"og:title\" content=\"Partneraktion im Juli: Mit den Klubs zu Viktor Gernots Praterb\u00fchne - Pensionist*innenklubs\" \/>\n<meta property=\"og:description\" content=\"F\u00fcr alle Klubmitglieder der PensionistInnenklubs gibt es auch im Juli wieder ein tolles Angebot: Im Rahmen einer Partner-Aktion vergibt Viktor Gernots Praterb\u00fchne Tickets f\u00fcr zahlreiche\" \/>\n<meta property=\"og:url\" content=\"https:\/\/kwp.at\/pensionistenklubs\/partneraktion-im-juli-mit-den-klubs-zu-viktor-gernots-praterbuehne\/\" \/>\n<meta property=\"og:site_name\" content=\"Pensionist*innenklubs\" \/>\n<meta property=\"article:published_time\" content=\"2021-06-23T07:37:28+00:00\" \/>\n<meta property=\"article:modified_time\" content=\"2021-06-29T12:37:21+00:00\" \/>\n<meta property=\"og:image\" content=\"https:\/\/kwp.at\/pensionistenklubs\/wp-content\/uploads\/sites\/2\/2021\/05\/Praterbuehne_4.jpg\" \/>\n\t<meta property=\"og:image:width\" content=\"960\" \/>\n\t<meta property=\"og:image:height\" content=\"540\" \/>\n\t<meta property=\"og:image:type\" content=\"image\/jpeg\" \/>\n<meta name=\"author\" content=\"jgreger\" \/>\n<meta name=\"twitter:card\" content=\"summary_large_image\" \/>\n<meta name=\"twitter:label1\" content=\"Geschrieben von\" \/>\n\t<meta name=\"twitter:data1\" content=\"jgreger\" \/>\n\t<meta name=\"twitter:label2\" content=\"Gesch\u00e4tzte Lesezeit\" \/>\n\t<meta name=\"twitter:data2\" content=\"3\u00a0Minuten\" \/>\n<script type=\"application\/ld+json\" class=\"yoast-schema-graph\">{\"@context\":\"https:\\\/\\\/schema.org\",\"@graph\":[{\"@type\":\"Article\",\"@id\":\"https:\\\/\\\/kwp.at\\\/pensionistenklubs\\\/partneraktion-im-juli-mit-den-klubs-zu-viktor-gernots-praterbuehne\\\/#article\",\"isPartOf\":{\"@id\":\"https:\\\/\\\/kwp.at\\\/pensionistenklubs\\\/partneraktion-im-juli-mit-den-klubs-zu-viktor-gernots-praterbuehne\\\/\"},\"author\":{\"name\":\"jgreger\",\"@id\":\"https:\\\/\\\/kwp.at\\\/pensionistenklubs\\\/#\\\/schema\\\/person\\\/61cf2d6446ddb6c1b29073be14a63b67\"},\"headline\":\"Partneraktion im Juli: Mit den Klubs zu Viktor Gernots Praterb\u00fchne\",\"datePublished\":\"2021-06-23T07:37:28+00:00\",\"dateModified\":\"2021-06-29T12:37:21+00:00\",\"mainEntityOfPage\":{\"@id\":\"https:\\\/\\\/kwp.at\\\/pensionistenklubs\\\/partneraktion-im-juli-mit-den-klubs-zu-viktor-gernots-praterbuehne\\\/\"},\"wordCount\":419,\"publisher\":{\"@id\":\"https:\\\/\\\/kwp.at\\\/pensionistenklubs\\\/#organization\"},\"image\":{\"@id\":\"https:\\\/\\\/kwp.at\\\/pensionistenklubs\\\/partneraktion-im-juli-mit-den-klubs-zu-viktor-gernots-praterbuehne\\\/#primaryimage\"},\"thumbnailUrl\":\"https:\\\/\\\/kwp.at\\\/pensionistenklubs\\\/wp-content\\\/uploads\\\/sites\\\/2\\\/2021\\\/05\\\/Praterbuehne_4.jpg\",\"articleSection\":{\"1\":\"Musik und Tanz\",\"2\":\"Unterwegs mit den Klubs\"},\"inLanguage\":\"de\"},{\"@type\":\"WebPage\",\"@id\":\"https:\\\/\\\/kwp.at\\\/pensionistenklubs\\\/partneraktion-im-juli-mit-den-klubs-zu-viktor-gernots-praterbuehne\\\/\",\"url\":\"https:\\\/\\\/kwp.at\\\/pensionistenklubs\\\/partneraktion-im-juli-mit-den-klubs-zu-viktor-gernots-praterbuehne\\\/\",\"name\":\"Partneraktion im Juli: Mit den Klubs zu Viktor Gernots Praterb\u00fchne - Pensionist*innenklubs\",\"isPartOf\":{\"@id\":\"https:\\\/\\\/kwp.at\\\/pensionistenklubs\\\/#website\"},\"primaryImageOfPage\":{\"@id\":\"https:\\\/\\\/kwp.at\\\/pensionistenklubs\\\/partneraktion-im-juli-mit-den-klubs-zu-viktor-gernots-praterbuehne\\\/#primaryimage\"},\"image\":{\"@id\":\"https:\\\/\\\/kwp.at\\\/pensionistenklubs\\\/partneraktion-im-juli-mit-den-klubs-zu-viktor-gernots-praterbuehne\\\/#primaryimage\"},\"thumbnailUrl\":\"https:\\\/\\\/kwp.at\\\/pensionistenklubs\\\/wp-content\\\/uploads\\\/sites\\\/2\\\/2021\\\/05\\\/Praterbuehne_4.jpg\",\"datePublished\":\"2021-06-23T07:37:28+00:00\",\"dateModified\":\"2021-06-29T12:37:21+00:00\",\"inLanguage\":\"de\",\"potentialAction\":[{\"@type\":\"ReadAction\",\"target\":[\"https:\\\/\\\/kwp.at\\\/pensionistenklubs\\\/partneraktion-im-juli-mit-den-klubs-zu-viktor-gernots-praterbuehne\\\/\"]}]},{\"@type\":\"ImageObject\",\"inLanguage\":\"de\",\"@id\":\"https:\\\/\\\/kwp.at\\\/pensionistenklubs\\\/partneraktion-im-juli-mit-den-klubs-zu-viktor-gernots-praterbuehne\\\/#primaryimage\",\"url\":\"https:\\\/\\\/kwp.at\\\/pensionistenklubs\\\/wp-content\\\/uploads\\\/sites\\\/2\\\/2021\\\/05\\\/Praterbuehne_4.jpg\",\"contentUrl\":\"https:\\\/\\\/kwp.at\\\/pensionistenklubs\\\/wp-content\\\/uploads\\\/sites\\\/2\\\/2021\\\/05\\\/Praterbuehne_4.jpg\",\"width\":960,\"height\":540},{\"@type\":\"WebSite\",\"@id\":\"https:\\\/\\\/kwp.at\\\/pensionistenklubs\\\/#website\",\"url\":\"https:\\\/\\\/kwp.at\\\/pensionistenklubs\\\/\",\"name\":\"Pensionist*innenklubs\",\"description\":\"F\u00fcr die Stadt Wien\",\"publisher\":{\"@id\":\"https:\\\/\\\/kwp.at\\\/pensionistenklubs\\\/#organization\"},\"potentialAction\":[{\"@type\":\"SearchAction\",\"target\":{\"@type\":\"EntryPoint\",\"urlTemplate\":\"https:\\\/\\\/kwp.at\\\/pensionistenklubs\\\/?s={search_term_string}\"},\"query-input\":{\"@type\":\"PropertyValueSpecification\",\"valueRequired\":true,\"valueName\":\"search_term_string\"}}],\"inLanguage\":\"de\"},{\"@type\":\"Organization\",\"@id\":\"https:\\\/\\\/kwp.at\\\/pensionistenklubs\\\/#organization\",\"name\":\"PensionistInnenklubs f\u00fcr die Stadt Wien\",\"url\":\"https:\\\/\\\/kwp.at\\\/pensionistenklubs\\\/\",\"logo\":{\"@type\":\"ImageObject\",\"inLanguage\":\"de\",\"@id\":\"https:\\\/\\\/kwp.at\\\/pensionistenklubs\\\/#\\\/schema\\\/logo\\\/image\\\/\",\"url\":\"https:\\\/\\\/kwp.at\\\/pensionistenklubs\\\/wp-content\\\/uploads\\\/sites\\\/2\\\/2022\\\/08\\\/Logo-Pensionistenklubs-scaled-1.jpeg\",\"contentUrl\":\"https:\\\/\\\/kwp.at\\\/pensionistenklubs\\\/wp-content\\\/uploads\\\/sites\\\/2\\\/2022\\\/08\\\/Logo-Pensionistenklubs-scaled-1.jpeg\",\"width\":2560,\"height\":610,\"caption\":\"PensionistInnenklubs f\u00fcr die Stadt Wien\"},\"image\":{\"@id\":\"https:\\\/\\\/kwp.at\\\/pensionistenklubs\\\/#\\\/schema\\\/logo\\\/image\\\/\"}},{\"@type\":\"Person\",\"@id\":\"https:\\\/\\\/kwp.at\\\/pensionistenklubs\\\/#\\\/schema\\\/person\\\/61cf2d6446ddb6c1b29073be14a63b67\",\"name\":\"jgreger\",\"image\":{\"@type\":\"ImageObject\",\"inLanguage\":\"de\",\"@id\":\"https:\\\/\\\/secure.gravatar.com\\\/avatar\\\/9684a2cbe3b4eafe5f601756fda0a28c737f31d3356c28616a94c17141dfb8c4?s=96&d=mm&r=g\",\"url\":\"https:\\\/\\\/secure.gravatar.com\\\/avatar\\\/9684a2cbe3b4eafe5f601756fda0a28c737f31d3356c28616a94c17141dfb8c4?s=96&d=mm&r=g\",\"contentUrl\":\"https:\\\/\\\/secure.gravatar.com\\\/avatar\\\/9684a2cbe3b4eafe5f601756fda0a28c737f31d3356c28616a94c17141dfb8c4?s=96&d=mm&r=g\",\"caption\":\"jgreger\"}}]}<\/script>\n<!-- \/ Yoast SEO plugin. -->","yoast_head_json":{"title":"Partneraktion im Juli: Mit den Klubs zu Viktor Gernots Praterb\u00fchne - Pensionist*innenklubs","robots":{"index":"index","follow":"follow","max-snippet":"max-snippet:-1","max-image-preview":"max-image-preview:large","max-video-preview":"max-video-preview:-1"},"canonical":"https:\/\/kwp.at\/pensionistenklubs\/partneraktion-im-juli-mit-den-klubs-zu-viktor-gernots-praterbuehne\/","og_locale":"de_DE","og_type":"article","og_title":"Partneraktion im Juli: Mit den Klubs zu Viktor Gernots Praterb\u00fchne - Pensionist*innenklubs","og_description":"F\u00fcr alle Klubmitglieder der PensionistInnenklubs gibt es auch im Juli wieder ein tolles Angebot: Im Rahmen einer Partner-Aktion vergibt Viktor Gernots Praterb\u00fchne Tickets f\u00fcr zahlreiche","og_url":"https:\/\/kwp.at\/pensionistenklubs\/partneraktion-im-juli-mit-den-klubs-zu-viktor-gernots-praterbuehne\/","og_site_name":"Pensionist*innenklubs","article_published_time":"2021-06-23T07:37:28+00:00","article_modified_time":"2021-06-29T12:37:21+00:00","og_image":[{"width":960,"height":540,"url":"https:\/\/kwp.at\/pensionistenklubs\/wp-content\/uploads\/sites\/2\/2021\/05\/Praterbuehne_4.jpg","type":"image\/jpeg"}],"author":"jgreger","twitter_card":"summary_large_image","twitter_misc":{"Geschrieben von":"jgreger","Gesch\u00e4tzte Lesezeit":"3\u00a0Minuten"},"schema":{"@context":"https:\/\/schema.org","@graph":[{"@type":"Article","@id":"https:\/\/kwp.at\/pensionistenklubs\/partneraktion-im-juli-mit-den-klubs-zu-viktor-gernots-praterbuehne\/#article","isPartOf":{"@id":"https:\/\/kwp.at\/pensionistenklubs\/partneraktion-im-juli-mit-den-klubs-zu-viktor-gernots-praterbuehne\/"},"author":{"name":"jgreger","@id":"https:\/\/kwp.at\/pensionistenklubs\/#\/schema\/person\/61cf2d6446ddb6c1b29073be14a63b67"},"headline":"Partneraktion im Juli: Mit den Klubs zu Viktor Gernots Praterb\u00fchne","datePublished":"2021-06-23T07:37:28+00:00","dateModified":"2021-06-29T12:37:21+00:00","mainEntityOfPage":{"@id":"https:\/\/kwp.at\/pensionistenklubs\/partneraktion-im-juli-mit-den-klubs-zu-viktor-gernots-praterbuehne\/"},"wordCount":419,"publisher":{"@id":"https:\/\/kwp.at\/pensionistenklubs\/#organization"},"image":{"@id":"https:\/\/kwp.at\/pensionistenklubs\/partneraktion-im-juli-mit-den-klubs-zu-viktor-gernots-praterbuehne\/#primaryimage"},"thumbnailUrl":"https:\/\/kwp.at\/pensionistenklubs\/wp-content\/uploads\/sites\/2\/2021\/05\/Praterbuehne_4.jpg","articleSection":{"1":"Musik und Tanz","2":"Unterwegs mit den Klubs"},"inLanguage":"de"},{"@type":"WebPage","@id":"https:\/\/kwp.at\/pensionistenklubs\/partneraktion-im-juli-mit-den-klubs-zu-viktor-gernots-praterbuehne\/","url":"https:\/\/kwp.at\/pensionistenklubs\/partneraktion-im-juli-mit-den-klubs-zu-viktor-gernots-praterbuehne\/","name":"Partneraktion im Juli: Mit den Klubs zu Viktor Gernots Praterb\u00fchne - Pensionist*innenklubs","isPartOf":{"@id":"https:\/\/kwp.at\/pensionistenklubs\/#website"},"primaryImageOfPage":{"@id":"https:\/\/kwp.at\/pensionistenklubs\/partneraktion-im-juli-mit-den-klubs-zu-viktor-gernots-praterbuehne\/#primaryimage"},"image":{"@id":"https:\/\/kwp.at\/pensionistenklubs\/partneraktion-im-juli-mit-den-klubs-zu-viktor-gernots-praterbuehne\/#primaryimage"},"thumbnailUrl":"https:\/\/kwp.at\/pensionistenklubs\/wp-content\/uploads\/sites\/2\/2021\/05\/Praterbuehne_4.jpg","datePublished":"2021-06-23T07:37:28+00:00","dateModified":"2021-06-29T12:37:21+00:00","inLanguage":"de","potentialAction":[{"@type":"ReadAction","target":["https:\/\/kwp.at\/pensionistenklubs\/partneraktion-im-juli-mit-den-klubs-zu-viktor-gernots-praterbuehne\/"]}]},{"@type":"ImageObject","inLanguage":"de","@id":"https:\/\/kwp.at\/pensionistenklubs\/partneraktion-im-juli-mit-den-klubs-zu-viktor-gernots-praterbuehne\/#primaryimage","url":"https:\/\/kwp.at\/pensionistenklubs\/wp-content\/uploads\/sites\/2\/2021\/05\/Praterbuehne_4.jpg","contentUrl":"https:\/\/kwp.at\/pensionistenklubs\/wp-content\/uploads\/sites\/2\/2021\/05\/Praterbuehne_4.jpg","width":960,"height":540},{"@type":"WebSite","@id":"https:\/\/kwp.at\/pensionistenklubs\/#website","url":"https:\/\/kwp.at\/pensionistenklubs\/","name":"Pensionist*innenklubs","description":"F\u00fcr die Stadt Wien","publisher":{"@id":"https:\/\/kwp.at\/pensionistenklubs\/#organization"},"potentialAction":[{"@type":"SearchAction","target":{"@type":"EntryPoint","urlTemplate":"https:\/\/kwp.at\/pensionistenklubs\/?s={search_term_string}"},"query-input":{"@type":"PropertyValueSpecification","valueRequired":true,"valueName":"search_term_string"}}],"inLanguage":"de"},{"@type":"Organization","@id":"https:\/\/kwp.at\/pensionistenklubs\/#organization","name":"PensionistInnenklubs f\u00fcr die Stadt Wien","url":"https:\/\/kwp.at\/pensionistenklubs\/","logo":{"@type":"ImageObject","inLanguage":"de","@id":"https:\/\/kwp.at\/pensionistenklubs\/#\/schema\/logo\/image\/","url":"https:\/\/kwp.at\/pensionistenklubs\/wp-content\/uploads\/sites\/2\/2022\/08\/Logo-Pensionistenklubs-scaled-1.jpeg","contentUrl":"https:\/\/kwp.at\/pensionistenklubs\/wp-content\/uploads\/sites\/2\/2022\/08\/Logo-Pensionistenklubs-scaled-1.jpeg","width":2560,"height":610,"caption":"PensionistInnenklubs f\u00fcr die Stadt Wien"},"image":{"@id":"https:\/\/kwp.at\/pensionistenklubs\/#\/schema\/logo\/image\/"}},{"@type":"Person","@id":"https:\/\/kwp.at\/pensionistenklubs\/#\/schema\/person\/61cf2d6446ddb6c1b29073be14a63b67","name":"jgreger","image":{"@type":"ImageObject","inLanguage":"de","@id":"https:\/\/secure.gravatar.com\/avatar\/9684a2cbe3b4eafe5f601756fda0a28c737f31d3356c28616a94c17141dfb8c4?s=96&d=mm&r=g","url":"https:\/\/secure.gravatar.com\/avatar\/9684a2cbe3b4eafe5f601756fda0a28c737f31d3356c28616a94c17141dfb8c4?s=96&d=mm&r=g","contentUrl":"https:\/\/secure.gravatar.com\/avatar\/9684a2cbe3b4eafe5f601756fda0a28c737f31d3356c28616a94c17141dfb8c4?s=96&d=mm&r=g","caption":"jgreger"}}]}},"_links":{"self":[{"href":"https:\/\/kwp.at\/pensionistenklubs\/wp-json\/wp\/v2\/posts\/5472","targetHints":{"allow":["GET"]}}],"collection":[{"href":"https:\/\/kwp.at\/pensionistenklubs\/wp-json\/wp\/v2\/posts"}],"about":[{"href":"https:\/\/kwp.at\/pensionistenklubs\/wp-json\/wp\/v2\/types\/post"}],"author":[{"embeddable":true,"href":"https:\/\/kwp.at\/pensionistenklubs\/wp-json\/wp\/v2\/users\/78"}],"replies":[{"embeddable":true,"href":"https:\/\/kwp.at\/pensionistenklubs\/wp-json\/wp\/v2\/comments?post=5472"}],"version-history":[{"count":10,"href":"https:\/\/kwp.at\/pensionistenklubs\/wp-json\/wp\/v2\/posts\/5472\/revisions"}],"predecessor-version":[{"id":5572,"href":"https:\/\/kwp.at\/pensionistenklubs\/wp-json\/wp\/v2\/posts\/5472\/revisions\/5572"}],"wp:featuredmedia":[{"embeddable":true,"href":"https:\/\/kwp.at\/pensionistenklubs\/wp-json\/wp\/v2\/media\/5177"}],"wp:attachment":[{"href":"https:\/\/kwp.at\/pensionistenklubs\/wp-json\/wp\/v2\/media?parent=5472"}],"wp:term":[{"taxonomy":"category","embeddable":true,"href":"https:\/\/kwp.at\/pensionistenklubs\/wp-json\/wp\/v2\/categories?post=5472"},{"taxonomy":"post_tag","embeddable":true,"href":"https:\/\/kwp.at\/pensionistenklubs\/wp-json\/wp\/v2\/tags?post=5472"}],"curies":[{"name":"wp","href":"https:\/\/api.w.org\/{rel}","templated":true}]}}