{"id":21112,"date":"2026-03-27T09:52:34","date_gmt":"2026-03-27T08:52:34","guid":{"rendered":"https:\/\/kwp.at\/pensionistenklubs\/?p=21112"},"modified":"2026-03-27T10:54:54","modified_gmt":"2026-03-27T09:54:54","slug":"vorlesetag-2026-promis-lasen-vor","status":"publish","type":"post","link":"https:\/\/kwp.at\/pensionistenklubs\/vorlesetag-2026-promis-lasen-vor\/","title":{"rendered":"Interessierte Zuh\u00f6rer*innen beim Vorlesetag"},"content":{"rendered":"\n<p><strong>Prominente Vorleser*innen waren am 26. M\u00e4rz 2026 in den H\u00e4usern zum Leben und den Klubs zu Gast. <\/strong><\/p>\n\n\n\n<p>Am <a href=\"https:\/\/echoevent.at\/vorlesetag\/\" id=\"https:\/\/echoevent.at\/vorlesetag\/\" target=\"_blank\" rel=\"noreferrer noopener\">\u00d6sterreichischen Vorlesetag<\/a> steht das Lesen im Fokus. Die <a href=\"https:\/\/kwp.at\/\" id=\"https:\/\/kwp.at\/\" target=\"_blank\" rel=\"noreferrer noopener\">H\u00e4user zum Leben<\/a> und die Pensionist*innenklubs haben sich auch heuer wieder an der Initiative beteiligt. In mehreren Pensionisten-Wohnh\u00e4usern und Pensionist*innenklubs wurde gelesen und aufmerksam zugeh\u00f6rt.<\/p>\n\n\n\n<p>An manchen Standorten waren auch prominente Vorleser*innen zu Gast. So las im <a href=\"https:\/\/kwp.at\/pensionistenklubs\/clubs\/neubauguertel-6a\/\" id=\"https:\/\/kwp.at\/pensionistenklubs\/clubs\/neubauguertel-6a\/\" target=\"_blank\" rel=\"noreferrer noopener\">Klub+ All in Neubau<\/a> die Schauspielerin Susi Stach (bekannt aus der ORF-Serie \u201eDie F\u00e4lle der Gerti B.&#8220;) unter anderem Texte von Mark Twain. <\/p>\n\n\n\n<h2 class=\"wp-block-heading\">Krimiautor im Klub<\/h2>\n\n\n\n<p>Im <a href=\"https:\/\/kwp.at\/pensionistenklubs\/clubs\/gumpendorfer-strase-117\/\" id=\"https:\/\/kwp.at\/pensionistenklubs\/clubs\/gumpendorfer-strase-117\/\" target=\"_blank\" rel=\"noreferrer noopener\">Klub+ RegenbogenTreff<\/a> in der Gumpendorfer Stra\u00dfe las der Krimiautor <a href=\"https:\/\/www.novumverlag.com\/autoren\/verlagsautoren\/detail\/kornelius-taxenbach.html\" id=\"https:\/\/www.novumverlag.com\/autoren\/verlagsautoren\/detail\/kornelius-taxenbach.html\" target=\"_blank\" rel=\"noreferrer noopener\">Kornelius Taxenbach<\/a> nicht nur aus seinem Krimi &#8222;Der Tote Panther&#8220; sondern auch aus einem Werk mit Bezug zur queeren Community. Im Anschluss an die Lesung tauschten sich die interessierten Teilnehmer*innen \u00fcber die gelesenen Passagen aus. F\u00fcr alle, die den Termin verpasst haben, gibt es <a href=\"https:\/\/kwp.at\/veranstaltungen\/?club_style=1&amp;event_search=taxenbach&amp;start_date=&amp;end_date=&amp;location_type=all\" type=\"link\" id=\"https:\/\/kwp.at\/veranstaltungen\/?club_style=1&amp;event_search=taxenbach&amp;start_date=&amp;end_date=&amp;location_type=all\" target=\"_blank\" rel=\"noreferrer noopener\">im April<\/a> noch weitere Gelegenheiten Taxenbach bei Lesungen in H\u00e4usern und Klubs zuzuh\u00f6ren.<\/p>\n\n\n\n<a target=\"_blank\" href=\"https:\/\/kwp.at\/veranstaltungen\/?club_style=1&amp;event_search=taxenbach&amp;start_date=&amp;end_date=&amp;location_type=all\" rel=\"noopener noreferrer\" class=\"wp-block-kwp-blocks-button-block\">Lesetermine Kornelius Taxenbach<\/a>\n\n\n\n<p><\/p>\n\n\n\n<p>Im <a href=\"https:\/\/kwp.at\/haeuser\/haus-alszeile\/\" id=\"https:\/\/kwp.at\/haeuser\/haus-alszeile\/\" target=\"_blank\" rel=\"noreferrer noopener\">Haus Alszeile<\/a> las die Autorin Marie-Theres Arnbom vor rund 60 interessierten Bewohner*innen und G\u00e4sten aus ihrem Buch \u201e<a href=\"https:\/\/amalthea.at\/produkt\/die-villen-von-dornbach\/\" id=\"https:\/\/amalthea.at\/produkt\/die-villen-von-dornbach\/\" target=\"_blank\" rel=\"noreferrer noopener\">Die Villen von Dornbach<\/a>: Wenn H\u00e4user Geschichten erz\u00e4hlen\u201c. Im <a href=\"https:\/\/kwp.at\/haeuser\/haus-augarten\/\" id=\"https:\/\/kwp.at\/haeuser\/haus-augarten\/\" target=\"_blank\" rel=\"noreferrer noopener\">Haus Augarten<\/a> war die Autorin <a href=\"http:\/\/patricia-brooks.marp.at\/\" id=\"http:\/\/patricia-brooks.marp.at\/\" target=\"_blank\" rel=\"noreferrer noopener\">Patricia Brooks<\/a> zu Gast. Bei Kaffee und Kuchen lauschten die Zuh\u00f6rer*innen aufmerksam.<\/p>\n\n\n\n<p>Eine Spezialveranstaltung gab es im <a href=\"https:\/\/kwp.at\/pensionistenklubs\/clubs\/ljuba-welitsch-promenade-12a-b\/\" id=\"https:\/\/kwp.at\/pensionistenklubs\/clubs\/ljuba-welitsch-promenade-12a-b\/\" target=\"_blank\" rel=\"noreferrer noopener\">Klub+ All in Village3<\/a>: Die ehemalige Schauspielerin und Klubr\u00e4tin Ingrid Mahl las ausschlie\u00dflich Texte, die Senior*innen bei unserem diesj\u00e4hrigen <a href=\"https:\/\/kwp.at\/wuerdige-preistraegerinnen-beim-literatur-contest-2026\/\" id=\"https:\/\/kwp.at\/wuerdige-preistraegerinnen-beim-literatur-contest-2026\/\" target=\"_blank\" rel=\"noreferrer noopener\">Literatur-Contest<\/a> eingereicht haben. Mahl sprang kurzfristig f\u00fcr Daniel Landau ein, der leider passen musste. <\/p>\n\n\n\n<blockquote class=\"wp-block-quote is-layout-flow wp-block-quote-is-layout-flow\">\n<p>Sie lesen so sch\u00f6n!<\/p>\n<cite>Besucherin Vorlesetag<\/cite><\/blockquote>\n\n\n\n<p>Anwesend waren auch mehrere Senior*innen, die selbst einen Text beim Literatur-Contest eingereicht hatten, darunter drei der f\u00fcnf Gewinner*innen. Zwei Einreicheer*innen lasen ihre Texte selbst vor. Die Geschichte einer Bewohnerin aus dem Haus Atzgersdorf \u00fcber das Ableben ihres Hundes r\u00fchrte mehrere Anwesende zu Tr\u00e4nen. <\/p>\n\n\n\n<p>Das Feedback war bei allen Veranstaltungen gro\u00dfartig. &#8222;Sie lesen so sch\u00f6n&#8220;, sagte etwa eine Besucherin zur Vorleserin. In der Bildergalerie sehen Sie ein paar Eindr\u00fccke von den Lesungen.<\/p>\n\n\n\n<div class=\"alignnormal\"><div id=\"metaslider-id-21125\" style=\"width: 100%;\" class=\"ml-slider-3-107-0 metaslider metaslider-flex metaslider-21125 ml-slider has-dots-nav ms-theme-default-base\" role=\"region\" aria-label=\"Vorlesetag 2026\" data-height=\"800\" data-width=\"700\">\n    <div id=\"metaslider_container_21125\">\n        <div id=\"metaslider_21125\">\n            <ul aria-live='off' class='slides'>\n                <li style=\"display: block; width: 100%;\" class=\"slide-21137 ms-image \" aria-roledescription=\"slide\" data-date=\"2026-03-27 10:44:08\" data-filename=\"vorlesetag_mahl_vill.jpg\" data-slide-type=\"image\"><img loading=\"lazy\" decoding=\"async\" width=\"1800\" height=\"1350\" src=\"https:\/\/kwp.at\/pensionistenklubs\/wp-content\/uploads\/sites\/2\/2026\/03\/vorlesetag_mahl_vill.jpg\" class=\"slider-21125 slide-21137 msDefaultImage\" alt=\"Ingrid Mahl liest und sitzt an einem Tisch mit Osterstrauch, im Vordergrund eine Zuh\u00f6rerin von hinten.\" rel=\"\" title=\"vorlesetag_mahl_vill\" srcset=\"https:\/\/kwp.at\/pensionistenklubs\/wp-content\/uploads\/sites\/2\/2026\/03\/vorlesetag_mahl_vill.jpg 1800w, https:\/\/kwp.at\/pensionistenklubs\/wp-content\/uploads\/sites\/2\/2026\/03\/vorlesetag_mahl_vill-300x225.jpg 300w, https:\/\/kwp.at\/pensionistenklubs\/wp-content\/uploads\/sites\/2\/2026\/03\/vorlesetag_mahl_vill-1024x768.jpg 1024w, https:\/\/kwp.at\/pensionistenklubs\/wp-content\/uploads\/sites\/2\/2026\/03\/vorlesetag_mahl_vill-768x576.jpg 768w, https:\/\/kwp.at\/pensionistenklubs\/wp-content\/uploads\/sites\/2\/2026\/03\/vorlesetag_mahl_vill-1536x1152.jpg 1536w, https:\/\/kwp.at\/pensionistenklubs\/wp-content\/uploads\/sites\/2\/2026\/03\/vorlesetag_mahl_vill-317x238.jpg 317w, https:\/\/kwp.at\/pensionistenklubs\/wp-content\/uploads\/sites\/2\/2026\/03\/vorlesetag_mahl_vill-648x486.jpg 648w, https:\/\/kwp.at\/pensionistenklubs\/wp-content\/uploads\/sites\/2\/2026\/03\/vorlesetag_mahl_vill-1296x972.jpg 1296w\" sizes=\"auto, (max-width: 1800px) 100vw, 1800px\" \/><\/li>\n                <li style=\"display: none; width: 100%;\" class=\"slide-21136 ms-image \" aria-roledescription=\"slide\" data-date=\"2026-03-27 10:44:08\" data-filename=\"vorlesetag_aug.jpg\" data-slide-type=\"image\"><img loading=\"lazy\" decoding=\"async\" width=\"2040\" height=\"1530\" src=\"https:\/\/kwp.at\/pensionistenklubs\/wp-content\/uploads\/sites\/2\/2026\/03\/vorlesetag_aug.jpg\" class=\"slider-21125 slide-21136 msDefaultImage\" alt=\"Zuh\u00f6rer*innen bei der Lesung der Autorin Marie-Theres Arnbom am Vorlesetag im Pensionisten-Wohnhaus Alszeile\" rel=\"\" title=\"vorlesetag_aug\" srcset=\"https:\/\/kwp.at\/pensionistenklubs\/wp-content\/uploads\/sites\/2\/2026\/03\/vorlesetag_aug.jpg 2040w, https:\/\/kwp.at\/pensionistenklubs\/wp-content\/uploads\/sites\/2\/2026\/03\/vorlesetag_aug-300x225.jpg 300w, https:\/\/kwp.at\/pensionistenklubs\/wp-content\/uploads\/sites\/2\/2026\/03\/vorlesetag_aug-1024x768.jpg 1024w, https:\/\/kwp.at\/pensionistenklubs\/wp-content\/uploads\/sites\/2\/2026\/03\/vorlesetag_aug-768x576.jpg 768w, https:\/\/kwp.at\/pensionistenklubs\/wp-content\/uploads\/sites\/2\/2026\/03\/vorlesetag_aug-1536x1152.jpg 1536w, https:\/\/kwp.at\/pensionistenklubs\/wp-content\/uploads\/sites\/2\/2026\/03\/vorlesetag_aug-317x238.jpg 317w, https:\/\/kwp.at\/pensionistenklubs\/wp-content\/uploads\/sites\/2\/2026\/03\/vorlesetag_aug-648x486.jpg 648w, https:\/\/kwp.at\/pensionistenklubs\/wp-content\/uploads\/sites\/2\/2026\/03\/vorlesetag_aug-1296x972.jpg 1296w\" sizes=\"auto, (max-width: 2040px) 100vw, 2040px\" \/><\/li>\n                <li style=\"display: none; width: 100%;\" class=\"slide-21141 ms-image \" aria-roledescription=\"slide\" data-date=\"2026-03-27 10:44:08\" data-filename=\"vorlesetag1_taxenbach_gump.jpg\" data-slide-type=\"image\"><img loading=\"lazy\" decoding=\"async\" width=\"1797\" height=\"1211\" src=\"https:\/\/kwp.at\/pensionistenklubs\/wp-content\/uploads\/sites\/2\/2026\/03\/vorlesetag1_taxenbach_gump.jpg\" class=\"slider-21125 slide-21141 msDefaultImage\" alt=\"Eine Runde von Teilnehmer*innen an einer Lesung am Vorlesetag im Pensionist*innenklub Gumpendorfer Stra\u00dfe sitzt auf bequemen St\u00fchlen. In der Mitte der Vorleser: Krimiautor Kornelius Taxenbach.\" rel=\"\" title=\"vorlesetag1_taxenbach_gump\" srcset=\"https:\/\/kwp.at\/pensionistenklubs\/wp-content\/uploads\/sites\/2\/2026\/03\/vorlesetag1_taxenbach_gump.jpg 1797w, https:\/\/kwp.at\/pensionistenklubs\/wp-content\/uploads\/sites\/2\/2026\/03\/vorlesetag1_taxenbach_gump-300x202.jpg 300w, https:\/\/kwp.at\/pensionistenklubs\/wp-content\/uploads\/sites\/2\/2026\/03\/vorlesetag1_taxenbach_gump-1024x690.jpg 1024w, https:\/\/kwp.at\/pensionistenklubs\/wp-content\/uploads\/sites\/2\/2026\/03\/vorlesetag1_taxenbach_gump-768x518.jpg 768w, https:\/\/kwp.at\/pensionistenklubs\/wp-content\/uploads\/sites\/2\/2026\/03\/vorlesetag1_taxenbach_gump-1536x1035.jpg 1536w, https:\/\/kwp.at\/pensionistenklubs\/wp-content\/uploads\/sites\/2\/2026\/03\/vorlesetag1_taxenbach_gump-317x214.jpg 317w, https:\/\/kwp.at\/pensionistenklubs\/wp-content\/uploads\/sites\/2\/2026\/03\/vorlesetag1_taxenbach_gump-648x437.jpg 648w, https:\/\/kwp.at\/pensionistenklubs\/wp-content\/uploads\/sites\/2\/2026\/03\/vorlesetag1_taxenbach_gump-1296x873.jpg 1296w\" sizes=\"auto, (max-width: 1797px) 100vw, 1797px\" \/><\/li>\n                <li style=\"display: none; width: 100%;\" class=\"slide-21138 ms-image \" aria-roledescription=\"slide\" data-date=\"2026-03-27 10:44:08\" data-filename=\"vorlesetag_stach_neubau.jpg\" data-slide-type=\"image\"><img loading=\"lazy\" decoding=\"async\" width=\"1800\" height=\"1125\" src=\"https:\/\/kwp.at\/pensionistenklubs\/wp-content\/uploads\/sites\/2\/2026\/03\/vorlesetag_stach_neubau.jpg\" class=\"slider-21125 slide-21138 msDefaultImage\" alt=\"Die Schauspielerin Susi Stach liest am Vorlesetag im Klub+ All in Neubau.\" rel=\"\" title=\"vorlesetag_stach_neubau\" srcset=\"https:\/\/kwp.at\/pensionistenklubs\/wp-content\/uploads\/sites\/2\/2026\/03\/vorlesetag_stach_neubau.jpg 1800w, https:\/\/kwp.at\/pensionistenklubs\/wp-content\/uploads\/sites\/2\/2026\/03\/vorlesetag_stach_neubau-300x188.jpg 300w, https:\/\/kwp.at\/pensionistenklubs\/wp-content\/uploads\/sites\/2\/2026\/03\/vorlesetag_stach_neubau-1024x640.jpg 1024w, https:\/\/kwp.at\/pensionistenklubs\/wp-content\/uploads\/sites\/2\/2026\/03\/vorlesetag_stach_neubau-768x480.jpg 768w, https:\/\/kwp.at\/pensionistenklubs\/wp-content\/uploads\/sites\/2\/2026\/03\/vorlesetag_stach_neubau-1536x960.jpg 1536w, https:\/\/kwp.at\/pensionistenklubs\/wp-content\/uploads\/sites\/2\/2026\/03\/vorlesetag_stach_neubau-317x198.jpg 317w, https:\/\/kwp.at\/pensionistenklubs\/wp-content\/uploads\/sites\/2\/2026\/03\/vorlesetag_stach_neubau-648x405.jpg 648w, https:\/\/kwp.at\/pensionistenklubs\/wp-content\/uploads\/sites\/2\/2026\/03\/vorlesetag_stach_neubau-1296x810.jpg 1296w\" sizes=\"auto, (max-width: 1800px) 100vw, 1800px\" \/><\/li>\n                <li style=\"display: none; width: 100%;\" class=\"slide-21139 ms-image \" aria-roledescription=\"slide\" data-date=\"2026-03-27 10:44:08\" data-filename=\"vorlesetag_vill.jpg\" data-slide-type=\"image\"><img loading=\"lazy\" decoding=\"async\" width=\"3891\" height=\"2648\" src=\"https:\/\/kwp.at\/pensionistenklubs\/wp-content\/uploads\/sites\/2\/2026\/03\/vorlesetag_vill.jpg\" class=\"slider-21125 slide-21139 msDefaultImage\" alt=\"Teilnehmer*innen einer Lesung am Vorlesetag im Klub+ All in Village3.\" rel=\"\" title=\"vorlesetag_vill\" srcset=\"https:\/\/kwp.at\/pensionistenklubs\/wp-content\/uploads\/sites\/2\/2026\/03\/vorlesetag_vill.jpg 3891w, https:\/\/kwp.at\/pensionistenklubs\/wp-content\/uploads\/sites\/2\/2026\/03\/vorlesetag_vill-300x204.jpg 300w, https:\/\/kwp.at\/pensionistenklubs\/wp-content\/uploads\/sites\/2\/2026\/03\/vorlesetag_vill-1024x697.jpg 1024w, https:\/\/kwp.at\/pensionistenklubs\/wp-content\/uploads\/sites\/2\/2026\/03\/vorlesetag_vill-768x523.jpg 768w, https:\/\/kwp.at\/pensionistenklubs\/wp-content\/uploads\/sites\/2\/2026\/03\/vorlesetag_vill-1536x1045.jpg 1536w, https:\/\/kwp.at\/pensionistenklubs\/wp-content\/uploads\/sites\/2\/2026\/03\/vorlesetag_vill-2048x1394.jpg 2048w, https:\/\/kwp.at\/pensionistenklubs\/wp-content\/uploads\/sites\/2\/2026\/03\/vorlesetag_vill-317x216.jpg 317w, https:\/\/kwp.at\/pensionistenklubs\/wp-content\/uploads\/sites\/2\/2026\/03\/vorlesetag_vill-648x441.jpg 648w, https:\/\/kwp.at\/pensionistenklubs\/wp-content\/uploads\/sites\/2\/2026\/03\/vorlesetag_vill-1296x882.jpg 1296w\" sizes=\"auto, (max-width: 3891px) 100vw, 3891px\" \/><\/li>\n                <li style=\"display: none; width: 100%;\" class=\"slide-21140 ms-image \" aria-roledescription=\"slide\" data-date=\"2026-03-27 10:44:08\" data-filename=\"vorlesetag_vill2.jpg\" data-slide-type=\"image\"><img loading=\"lazy\" decoding=\"async\" width=\"1800\" height=\"1194\" src=\"https:\/\/kwp.at\/pensionistenklubs\/wp-content\/uploads\/sites\/2\/2026\/03\/vorlesetag_vill2.jpg\" class=\"slider-21125 slide-21140 msDefaultImage\" alt=\"Martha Hansl, eine der Gewinnerinnen beim Literatur-Contest, liest bei einer Lesung am Vorlesetag 2026 im Klub+ All in Village3.\" rel=\"\" title=\"vorlesetag_vill2\" srcset=\"https:\/\/kwp.at\/pensionistenklubs\/wp-content\/uploads\/sites\/2\/2026\/03\/vorlesetag_vill2.jpg 1800w, https:\/\/kwp.at\/pensionistenklubs\/wp-content\/uploads\/sites\/2\/2026\/03\/vorlesetag_vill2-300x199.jpg 300w, https:\/\/kwp.at\/pensionistenklubs\/wp-content\/uploads\/sites\/2\/2026\/03\/vorlesetag_vill2-1024x679.jpg 1024w, https:\/\/kwp.at\/pensionistenklubs\/wp-content\/uploads\/sites\/2\/2026\/03\/vorlesetag_vill2-768x509.jpg 768w, https:\/\/kwp.at\/pensionistenklubs\/wp-content\/uploads\/sites\/2\/2026\/03\/vorlesetag_vill2-1536x1019.jpg 1536w, https:\/\/kwp.at\/pensionistenklubs\/wp-content\/uploads\/sites\/2\/2026\/03\/vorlesetag_vill2-317x210.jpg 317w, https:\/\/kwp.at\/pensionistenklubs\/wp-content\/uploads\/sites\/2\/2026\/03\/vorlesetag_vill2-648x430.jpg 648w, https:\/\/kwp.at\/pensionistenklubs\/wp-content\/uploads\/sites\/2\/2026\/03\/vorlesetag_vill2-1296x860.jpg 1296w\" sizes=\"auto, (max-width: 1800px) 100vw, 1800px\" \/><\/li>\n                <li style=\"display: none; width: 100%;\" class=\"slide-21142 ms-image \" aria-roledescription=\"slide\" data-date=\"2026-03-27 10:44:08\" data-filename=\"vorlesetag2_aug_brooks.jpg\" data-slide-type=\"image\"><img loading=\"lazy\" decoding=\"async\" width=\"1800\" height=\"1383\" src=\"https:\/\/kwp.at\/pensionistenklubs\/wp-content\/uploads\/sites\/2\/2026\/03\/vorlesetag2_aug_brooks.jpg\" class=\"slider-21125 slide-21142 msDefaultImage\" alt=\"Die Autorin Patricia Brooks liest im Rahmen des Vorlesetags 2026 im Haus Augarten.\" rel=\"\" title=\"vorlesetag2_aug_brooks\" srcset=\"https:\/\/kwp.at\/pensionistenklubs\/wp-content\/uploads\/sites\/2\/2026\/03\/vorlesetag2_aug_brooks.jpg 1800w, https:\/\/kwp.at\/pensionistenklubs\/wp-content\/uploads\/sites\/2\/2026\/03\/vorlesetag2_aug_brooks-300x231.jpg 300w, https:\/\/kwp.at\/pensionistenklubs\/wp-content\/uploads\/sites\/2\/2026\/03\/vorlesetag2_aug_brooks-1024x787.jpg 1024w, https:\/\/kwp.at\/pensionistenklubs\/wp-content\/uploads\/sites\/2\/2026\/03\/vorlesetag2_aug_brooks-768x590.jpg 768w, https:\/\/kwp.at\/pensionistenklubs\/wp-content\/uploads\/sites\/2\/2026\/03\/vorlesetag2_aug_brooks-1536x1180.jpg 1536w, https:\/\/kwp.at\/pensionistenklubs\/wp-content\/uploads\/sites\/2\/2026\/03\/vorlesetag2_aug_brooks-317x244.jpg 317w, https:\/\/kwp.at\/pensionistenklubs\/wp-content\/uploads\/sites\/2\/2026\/03\/vorlesetag2_aug_brooks-648x498.jpg 648w, https:\/\/kwp.at\/pensionistenklubs\/wp-content\/uploads\/sites\/2\/2026\/03\/vorlesetag2_aug_brooks-1296x996.jpg 1296w\" sizes=\"auto, (max-width: 1800px) 100vw, 1800px\" \/><\/li>\n                <li style=\"display: none; width: 100%;\" class=\"slide-21143 ms-image \" aria-roledescription=\"slide\" data-date=\"2026-03-27 10:44:08\" data-filename=\"vorlesetag3_aug.jpg\" data-slide-type=\"image\"><img loading=\"lazy\" decoding=\"async\" width=\"1800\" height=\"1350\" src=\"https:\/\/kwp.at\/pensionistenklubs\/wp-content\/uploads\/sites\/2\/2026\/03\/vorlesetag3_aug.jpg\" class=\"slider-21125 slide-21143 msDefaultImage\" alt=\"Zuh\u00f6rer*innen bei der Lesung der Autorin Patricia Brooks im Rahmen des Vorlesetags 2026 im Haus Augarten.\" rel=\"\" title=\"vorlesetag3_aug\" srcset=\"https:\/\/kwp.at\/pensionistenklubs\/wp-content\/uploads\/sites\/2\/2026\/03\/vorlesetag3_aug.jpg 1800w, https:\/\/kwp.at\/pensionistenklubs\/wp-content\/uploads\/sites\/2\/2026\/03\/vorlesetag3_aug-300x225.jpg 300w, https:\/\/kwp.at\/pensionistenklubs\/wp-content\/uploads\/sites\/2\/2026\/03\/vorlesetag3_aug-1024x768.jpg 1024w, https:\/\/kwp.at\/pensionistenklubs\/wp-content\/uploads\/sites\/2\/2026\/03\/vorlesetag3_aug-768x576.jpg 768w, https:\/\/kwp.at\/pensionistenklubs\/wp-content\/uploads\/sites\/2\/2026\/03\/vorlesetag3_aug-1536x1152.jpg 1536w, https:\/\/kwp.at\/pensionistenklubs\/wp-content\/uploads\/sites\/2\/2026\/03\/vorlesetag3_aug-317x238.jpg 317w, https:\/\/kwp.at\/pensionistenklubs\/wp-content\/uploads\/sites\/2\/2026\/03\/vorlesetag3_aug-648x486.jpg 648w, https:\/\/kwp.at\/pensionistenklubs\/wp-content\/uploads\/sites\/2\/2026\/03\/vorlesetag3_aug-1296x972.jpg 1296w\" sizes=\"auto, (max-width: 1800px) 100vw, 1800px\" \/><\/li>\n                <li style=\"display: none; width: 100%;\" class=\"slide-21144 ms-image \" aria-roledescription=\"slide\" data-date=\"2026-03-27 10:53:47\" data-filename=\"vorlesetag_auf_als_arnbom.jpg\" data-slide-type=\"image\"><img loading=\"lazy\" decoding=\"async\" width=\"2040\" height=\"1530\" src=\"https:\/\/kwp.at\/pensionistenklubs\/wp-content\/uploads\/sites\/2\/2026\/03\/vorlesetag_auf_als_arnbom.jpg\" class=\"slider-21125 slide-21144 msDefaultImage\" alt=\"Marie-Theres Arnbom liest auf der B\u00fchne des Pensionisten-Wohnhauses Alszeile vor Bewohner*innen und G\u00e4sten.\" rel=\"\" title=\"vorlesetag_auf_als_arnbom\" srcset=\"https:\/\/kwp.at\/pensionistenklubs\/wp-content\/uploads\/sites\/2\/2026\/03\/vorlesetag_auf_als_arnbom.jpg 2040w, https:\/\/kwp.at\/pensionistenklubs\/wp-content\/uploads\/sites\/2\/2026\/03\/vorlesetag_auf_als_arnbom-300x225.jpg 300w, https:\/\/kwp.at\/pensionistenklubs\/wp-content\/uploads\/sites\/2\/2026\/03\/vorlesetag_auf_als_arnbom-1024x768.jpg 1024w, https:\/\/kwp.at\/pensionistenklubs\/wp-content\/uploads\/sites\/2\/2026\/03\/vorlesetag_auf_als_arnbom-768x576.jpg 768w, https:\/\/kwp.at\/pensionistenklubs\/wp-content\/uploads\/sites\/2\/2026\/03\/vorlesetag_auf_als_arnbom-1536x1152.jpg 1536w, https:\/\/kwp.at\/pensionistenklubs\/wp-content\/uploads\/sites\/2\/2026\/03\/vorlesetag_auf_als_arnbom-317x238.jpg 317w, https:\/\/kwp.at\/pensionistenklubs\/wp-content\/uploads\/sites\/2\/2026\/03\/vorlesetag_auf_als_arnbom-648x486.jpg 648w, https:\/\/kwp.at\/pensionistenklubs\/wp-content\/uploads\/sites\/2\/2026\/03\/vorlesetag_auf_als_arnbom-1296x972.jpg 1296w\" sizes=\"auto, (max-width: 2040px) 100vw, 2040px\" \/><\/li>\n            <\/ul>\n        <\/div>\n        \n    <\/div>\n<\/div><\/div>\n","protected":false},"excerpt":{"rendered":"<p>Prominente Vorleser*innen waren am 26. M\u00e4rz 2026 in den H\u00e4usern zum Leben und den Klubs zu Gast. <\/p>\n","protected":false},"author":270,"featured_media":21117,"comment_status":"closed","ping_status":"closed","sticky":false,"template":"","format":"standard","meta":{"_acf_changed":false,"footnotes":""},"categories":[1],"tags":[711],"class_list":["post-21112","post","type-post","status-publish","format-standard","has-post-thumbnail","hentry","category-allgemein","tag-vorlesetag"],"acf":[],"yoast_head":"<!-- This site is optimized with the Yoast SEO plugin v27.4 - https:\/\/yoast.com\/product\/yoast-seo-wordpress\/ -->\n<title>Interessierte Zuh\u00f6rer*innen beim Vorlesetag - Pensionist*innenklubs<\/title>\n<meta name=\"description\" content=\"Prominente Vorleser*innen waren am 26. M\u00e4rz 2026 in den H\u00e4usern zum Leben und den Klubs zu Gast.\" \/>\n<meta name=\"robots\" content=\"index, follow, max-snippet:-1, max-image-preview:large, max-video-preview:-1\" \/>\n<link rel=\"canonical\" href=\"https:\/\/kwp.at\/pensionistenklubs\/vorlesetag-2026-promis-lasen-vor\/\" \/>\n<meta property=\"og:locale\" content=\"de_DE\" \/>\n<meta property=\"og:type\" content=\"article\" \/>\n<meta property=\"og:title\" content=\"Interessierte Zuh\u00f6rer*innen beim Vorlesetag - Pensionist*innenklubs\" \/>\n<meta property=\"og:description\" content=\"Prominente Vorleser*innen waren am 26. M\u00e4rz 2026 in den H\u00e4usern zum Leben und den Klubs zu Gast.\" \/>\n<meta property=\"og:url\" content=\"https:\/\/kwp.at\/pensionistenklubs\/vorlesetag-2026-promis-lasen-vor\/\" \/>\n<meta property=\"og:site_name\" content=\"Pensionist*innenklubs\" \/>\n<meta property=\"article:published_time\" content=\"2026-03-27T08:52:34+00:00\" \/>\n<meta property=\"article:modified_time\" content=\"2026-03-27T09:54:54+00:00\" \/>\n<meta property=\"og:image\" content=\"https:\/\/kwp.at\/pensionistenklubs\/wp-content\/uploads\/sites\/2\/2026\/03\/vorlesetag_auf_als_arnbom.jpg\" \/>\n\t<meta property=\"og:image:width\" content=\"2040\" \/>\n\t<meta property=\"og:image:height\" content=\"1530\" \/>\n\t<meta property=\"og:image:type\" content=\"image\/jpeg\" \/>\n<meta name=\"author\" content=\"Birgit Riezinger\" \/>\n<meta name=\"twitter:card\" content=\"summary_large_image\" \/>\n<meta name=\"twitter:label1\" content=\"Geschrieben von\" \/>\n\t<meta name=\"twitter:data1\" content=\"Birgit Riezinger\" \/>\n\t<meta name=\"twitter:label2\" content=\"Gesch\u00e4tzte Lesezeit\" \/>\n\t<meta name=\"twitter:data2\" content=\"2\u00a0Minuten\" \/>\n<script type=\"application\/ld+json\" class=\"yoast-schema-graph\">{\"@context\":\"https:\\\/\\\/schema.org\",\"@graph\":[{\"@type\":\"Article\",\"@id\":\"https:\\\/\\\/kwp.at\\\/pensionistenklubs\\\/vorlesetag-2026-promis-lasen-vor\\\/#article\",\"isPartOf\":{\"@id\":\"https:\\\/\\\/kwp.at\\\/pensionistenklubs\\\/vorlesetag-2026-promis-lasen-vor\\\/\"},\"author\":{\"name\":\"Birgit Riezinger\",\"@id\":\"https:\\\/\\\/kwp.at\\\/pensionistenklubs\\\/#\\\/schema\\\/person\\\/b69d4f9c907f5c6cc3b57ba47e0359b7\"},\"headline\":\"Interessierte Zuh\u00f6rer*innen beim Vorlesetag\",\"datePublished\":\"2026-03-27T08:52:34+00:00\",\"dateModified\":\"2026-03-27T09:54:54+00:00\",\"mainEntityOfPage\":{\"@id\":\"https:\\\/\\\/kwp.at\\\/pensionistenklubs\\\/vorlesetag-2026-promis-lasen-vor\\\/\"},\"wordCount\":359,\"publisher\":{\"@id\":\"https:\\\/\\\/kwp.at\\\/pensionistenklubs\\\/#organization\"},\"image\":{\"@id\":\"https:\\\/\\\/kwp.at\\\/pensionistenklubs\\\/vorlesetag-2026-promis-lasen-vor\\\/#primaryimage\"},\"thumbnailUrl\":\"https:\\\/\\\/kwp.at\\\/pensionistenklubs\\\/wp-content\\\/uploads\\\/sites\\\/2\\\/2026\\\/03\\\/vorlesetag_auf_als_arnbom.jpg\",\"keywords\":[\"Vorlesetag\"],\"inLanguage\":\"de\"},{\"@type\":\"WebPage\",\"@id\":\"https:\\\/\\\/kwp.at\\\/pensionistenklubs\\\/vorlesetag-2026-promis-lasen-vor\\\/\",\"url\":\"https:\\\/\\\/kwp.at\\\/pensionistenklubs\\\/vorlesetag-2026-promis-lasen-vor\\\/\",\"name\":\"Interessierte Zuh\u00f6rer*innen beim Vorlesetag - Pensionist*innenklubs\",\"isPartOf\":{\"@id\":\"https:\\\/\\\/kwp.at\\\/pensionistenklubs\\\/#website\"},\"primaryImageOfPage\":{\"@id\":\"https:\\\/\\\/kwp.at\\\/pensionistenklubs\\\/vorlesetag-2026-promis-lasen-vor\\\/#primaryimage\"},\"image\":{\"@id\":\"https:\\\/\\\/kwp.at\\\/pensionistenklubs\\\/vorlesetag-2026-promis-lasen-vor\\\/#primaryimage\"},\"thumbnailUrl\":\"https:\\\/\\\/kwp.at\\\/pensionistenklubs\\\/wp-content\\\/uploads\\\/sites\\\/2\\\/2026\\\/03\\\/vorlesetag_auf_als_arnbom.jpg\",\"datePublished\":\"2026-03-27T08:52:34+00:00\",\"dateModified\":\"2026-03-27T09:54:54+00:00\",\"description\":\"Prominente Vorleser*innen waren am 26. M\u00e4rz 2026 in den H\u00e4usern zum Leben und den Klubs zu Gast.\",\"inLanguage\":\"de\",\"potentialAction\":[{\"@type\":\"ReadAction\",\"target\":[\"https:\\\/\\\/kwp.at\\\/pensionistenklubs\\\/vorlesetag-2026-promis-lasen-vor\\\/\"]}]},{\"@type\":\"ImageObject\",\"inLanguage\":\"de\",\"@id\":\"https:\\\/\\\/kwp.at\\\/pensionistenklubs\\\/vorlesetag-2026-promis-lasen-vor\\\/#primaryimage\",\"url\":\"https:\\\/\\\/kwp.at\\\/pensionistenklubs\\\/wp-content\\\/uploads\\\/sites\\\/2\\\/2026\\\/03\\\/vorlesetag_auf_als_arnbom.jpg\",\"contentUrl\":\"https:\\\/\\\/kwp.at\\\/pensionistenklubs\\\/wp-content\\\/uploads\\\/sites\\\/2\\\/2026\\\/03\\\/vorlesetag_auf_als_arnbom.jpg\",\"width\":2040,\"height\":1530,\"caption\":\"Marie-Theres Arnbom liest auf der B\u00fchne des Pensionisten-Wohnhauses Alszeile vor Bewohner*innen und G\u00e4sten.\"},{\"@type\":\"WebSite\",\"@id\":\"https:\\\/\\\/kwp.at\\\/pensionistenklubs\\\/#website\",\"url\":\"https:\\\/\\\/kwp.at\\\/pensionistenklubs\\\/\",\"name\":\"Pensionist*innenklubs\",\"description\":\"F\u00fcr die Stadt Wien\",\"publisher\":{\"@id\":\"https:\\\/\\\/kwp.at\\\/pensionistenklubs\\\/#organization\"},\"potentialAction\":[{\"@type\":\"SearchAction\",\"target\":{\"@type\":\"EntryPoint\",\"urlTemplate\":\"https:\\\/\\\/kwp.at\\\/pensionistenklubs\\\/?s={search_term_string}\"},\"query-input\":{\"@type\":\"PropertyValueSpecification\",\"valueRequired\":true,\"valueName\":\"search_term_string\"}}],\"inLanguage\":\"de\"},{\"@type\":\"Organization\",\"@id\":\"https:\\\/\\\/kwp.at\\\/pensionistenklubs\\\/#organization\",\"name\":\"PensionistInnenklubs f\u00fcr die Stadt Wien\",\"url\":\"https:\\\/\\\/kwp.at\\\/pensionistenklubs\\\/\",\"logo\":{\"@type\":\"ImageObject\",\"inLanguage\":\"de\",\"@id\":\"https:\\\/\\\/kwp.at\\\/pensionistenklubs\\\/#\\\/schema\\\/logo\\\/image\\\/\",\"url\":\"https:\\\/\\\/kwp.at\\\/pensionistenklubs\\\/wp-content\\\/uploads\\\/sites\\\/2\\\/2022\\\/08\\\/Logo-Pensionistenklubs-scaled-1.jpeg\",\"contentUrl\":\"https:\\\/\\\/kwp.at\\\/pensionistenklubs\\\/wp-content\\\/uploads\\\/sites\\\/2\\\/2022\\\/08\\\/Logo-Pensionistenklubs-scaled-1.jpeg\",\"width\":2560,\"height\":610,\"caption\":\"PensionistInnenklubs f\u00fcr die Stadt Wien\"},\"image\":{\"@id\":\"https:\\\/\\\/kwp.at\\\/pensionistenklubs\\\/#\\\/schema\\\/logo\\\/image\\\/\"}},{\"@type\":\"Person\",\"@id\":\"https:\\\/\\\/kwp.at\\\/pensionistenklubs\\\/#\\\/schema\\\/person\\\/b69d4f9c907f5c6cc3b57ba47e0359b7\",\"name\":\"Birgit Riezinger\",\"image\":{\"@type\":\"ImageObject\",\"inLanguage\":\"de\",\"@id\":\"https:\\\/\\\/secure.gravatar.com\\\/avatar\\\/feec49cd8da2391eda4c174b5133afa640833b56deb9e58884198343495a430a?s=96&d=mm&r=g\",\"url\":\"https:\\\/\\\/secure.gravatar.com\\\/avatar\\\/feec49cd8da2391eda4c174b5133afa640833b56deb9e58884198343495a430a?s=96&d=mm&r=g\",\"contentUrl\":\"https:\\\/\\\/secure.gravatar.com\\\/avatar\\\/feec49cd8da2391eda4c174b5133afa640833b56deb9e58884198343495a430a?s=96&d=mm&r=g\",\"caption\":\"Birgit Riezinger\"}}]}<\/script>\n<!-- \/ Yoast SEO plugin. -->","yoast_head_json":{"title":"Interessierte Zuh\u00f6rer*innen beim Vorlesetag - Pensionist*innenklubs","description":"Prominente Vorleser*innen waren am 26. M\u00e4rz 2026 in den H\u00e4usern zum Leben und den Klubs zu Gast.","robots":{"index":"index","follow":"follow","max-snippet":"max-snippet:-1","max-image-preview":"max-image-preview:large","max-video-preview":"max-video-preview:-1"},"canonical":"https:\/\/kwp.at\/pensionistenklubs\/vorlesetag-2026-promis-lasen-vor\/","og_locale":"de_DE","og_type":"article","og_title":"Interessierte Zuh\u00f6rer*innen beim Vorlesetag - Pensionist*innenklubs","og_description":"Prominente Vorleser*innen waren am 26. M\u00e4rz 2026 in den H\u00e4usern zum Leben und den Klubs zu Gast.","og_url":"https:\/\/kwp.at\/pensionistenklubs\/vorlesetag-2026-promis-lasen-vor\/","og_site_name":"Pensionist*innenklubs","article_published_time":"2026-03-27T08:52:34+00:00","article_modified_time":"2026-03-27T09:54:54+00:00","og_image":[{"width":2040,"height":1530,"url":"https:\/\/kwp.at\/pensionistenklubs\/wp-content\/uploads\/sites\/2\/2026\/03\/vorlesetag_auf_als_arnbom.jpg","type":"image\/jpeg"}],"author":"Birgit Riezinger","twitter_card":"summary_large_image","twitter_misc":{"Geschrieben von":"Birgit Riezinger","Gesch\u00e4tzte Lesezeit":"2\u00a0Minuten"},"schema":{"@context":"https:\/\/schema.org","@graph":[{"@type":"Article","@id":"https:\/\/kwp.at\/pensionistenklubs\/vorlesetag-2026-promis-lasen-vor\/#article","isPartOf":{"@id":"https:\/\/kwp.at\/pensionistenklubs\/vorlesetag-2026-promis-lasen-vor\/"},"author":{"name":"Birgit Riezinger","@id":"https:\/\/kwp.at\/pensionistenklubs\/#\/schema\/person\/b69d4f9c907f5c6cc3b57ba47e0359b7"},"headline":"Interessierte Zuh\u00f6rer*innen beim Vorlesetag","datePublished":"2026-03-27T08:52:34+00:00","dateModified":"2026-03-27T09:54:54+00:00","mainEntityOfPage":{"@id":"https:\/\/kwp.at\/pensionistenklubs\/vorlesetag-2026-promis-lasen-vor\/"},"wordCount":359,"publisher":{"@id":"https:\/\/kwp.at\/pensionistenklubs\/#organization"},"image":{"@id":"https:\/\/kwp.at\/pensionistenklubs\/vorlesetag-2026-promis-lasen-vor\/#primaryimage"},"thumbnailUrl":"https:\/\/kwp.at\/pensionistenklubs\/wp-content\/uploads\/sites\/2\/2026\/03\/vorlesetag_auf_als_arnbom.jpg","keywords":["Vorlesetag"],"inLanguage":"de"},{"@type":"WebPage","@id":"https:\/\/kwp.at\/pensionistenklubs\/vorlesetag-2026-promis-lasen-vor\/","url":"https:\/\/kwp.at\/pensionistenklubs\/vorlesetag-2026-promis-lasen-vor\/","name":"Interessierte Zuh\u00f6rer*innen beim Vorlesetag - Pensionist*innenklubs","isPartOf":{"@id":"https:\/\/kwp.at\/pensionistenklubs\/#website"},"primaryImageOfPage":{"@id":"https:\/\/kwp.at\/pensionistenklubs\/vorlesetag-2026-promis-lasen-vor\/#primaryimage"},"image":{"@id":"https:\/\/kwp.at\/pensionistenklubs\/vorlesetag-2026-promis-lasen-vor\/#primaryimage"},"thumbnailUrl":"https:\/\/kwp.at\/pensionistenklubs\/wp-content\/uploads\/sites\/2\/2026\/03\/vorlesetag_auf_als_arnbom.jpg","datePublished":"2026-03-27T08:52:34+00:00","dateModified":"2026-03-27T09:54:54+00:00","description":"Prominente Vorleser*innen waren am 26. M\u00e4rz 2026 in den H\u00e4usern zum Leben und den Klubs zu Gast.","inLanguage":"de","potentialAction":[{"@type":"ReadAction","target":["https:\/\/kwp.at\/pensionistenklubs\/vorlesetag-2026-promis-lasen-vor\/"]}]},{"@type":"ImageObject","inLanguage":"de","@id":"https:\/\/kwp.at\/pensionistenklubs\/vorlesetag-2026-promis-lasen-vor\/#primaryimage","url":"https:\/\/kwp.at\/pensionistenklubs\/wp-content\/uploads\/sites\/2\/2026\/03\/vorlesetag_auf_als_arnbom.jpg","contentUrl":"https:\/\/kwp.at\/pensionistenklubs\/wp-content\/uploads\/sites\/2\/2026\/03\/vorlesetag_auf_als_arnbom.jpg","width":2040,"height":1530,"caption":"Marie-Theres Arnbom liest auf der B\u00fchne des Pensionisten-Wohnhauses Alszeile vor Bewohner*innen und G\u00e4sten."},{"@type":"WebSite","@id":"https:\/\/kwp.at\/pensionistenklubs\/#website","url":"https:\/\/kwp.at\/pensionistenklubs\/","name":"Pensionist*innenklubs","description":"F\u00fcr die Stadt Wien","publisher":{"@id":"https:\/\/kwp.at\/pensionistenklubs\/#organization"},"potentialAction":[{"@type":"SearchAction","target":{"@type":"EntryPoint","urlTemplate":"https:\/\/kwp.at\/pensionistenklubs\/?s={search_term_string}"},"query-input":{"@type":"PropertyValueSpecification","valueRequired":true,"valueName":"search_term_string"}}],"inLanguage":"de"},{"@type":"Organization","@id":"https:\/\/kwp.at\/pensionistenklubs\/#organization","name":"PensionistInnenklubs f\u00fcr die Stadt Wien","url":"https:\/\/kwp.at\/pensionistenklubs\/","logo":{"@type":"ImageObject","inLanguage":"de","@id":"https:\/\/kwp.at\/pensionistenklubs\/#\/schema\/logo\/image\/","url":"https:\/\/kwp.at\/pensionistenklubs\/wp-content\/uploads\/sites\/2\/2022\/08\/Logo-Pensionistenklubs-scaled-1.jpeg","contentUrl":"https:\/\/kwp.at\/pensionistenklubs\/wp-content\/uploads\/sites\/2\/2022\/08\/Logo-Pensionistenklubs-scaled-1.jpeg","width":2560,"height":610,"caption":"PensionistInnenklubs f\u00fcr die Stadt Wien"},"image":{"@id":"https:\/\/kwp.at\/pensionistenklubs\/#\/schema\/logo\/image\/"}},{"@type":"Person","@id":"https:\/\/kwp.at\/pensionistenklubs\/#\/schema\/person\/b69d4f9c907f5c6cc3b57ba47e0359b7","name":"Birgit Riezinger","image":{"@type":"ImageObject","inLanguage":"de","@id":"https:\/\/secure.gravatar.com\/avatar\/feec49cd8da2391eda4c174b5133afa640833b56deb9e58884198343495a430a?s=96&d=mm&r=g","url":"https:\/\/secure.gravatar.com\/avatar\/feec49cd8da2391eda4c174b5133afa640833b56deb9e58884198343495a430a?s=96&d=mm&r=g","contentUrl":"https:\/\/secure.gravatar.com\/avatar\/feec49cd8da2391eda4c174b5133afa640833b56deb9e58884198343495a430a?s=96&d=mm&r=g","caption":"Birgit Riezinger"}}]}},"_links":{"self":[{"href":"https:\/\/kwp.at\/pensionistenklubs\/wp-json\/wp\/v2\/posts\/21112","targetHints":{"allow":["GET"]}}],"collection":[{"href":"https:\/\/kwp.at\/pensionistenklubs\/wp-json\/wp\/v2\/posts"}],"about":[{"href":"https:\/\/kwp.at\/pensionistenklubs\/wp-json\/wp\/v2\/types\/post"}],"author":[{"embeddable":true,"href":"https:\/\/kwp.at\/pensionistenklubs\/wp-json\/wp\/v2\/users\/270"}],"replies":[{"embeddable":true,"href":"https:\/\/kwp.at\/pensionistenklubs\/wp-json\/wp\/v2\/comments?post=21112"}],"version-history":[{"count":12,"href":"https:\/\/kwp.at\/pensionistenklubs\/wp-json\/wp\/v2\/posts\/21112\/revisions"}],"predecessor-version":[{"id":21146,"href":"https:\/\/kwp.at\/pensionistenklubs\/wp-json\/wp\/v2\/posts\/21112\/revisions\/21146"}],"wp:featuredmedia":[{"embeddable":true,"href":"https:\/\/kwp.at\/pensionistenklubs\/wp-json\/wp\/v2\/media\/21117"}],"wp:attachment":[{"href":"https:\/\/kwp.at\/pensionistenklubs\/wp-json\/wp\/v2\/media?parent=21112"}],"wp:term":[{"taxonomy":"category","embeddable":true,"href":"https:\/\/kwp.at\/pensionistenklubs\/wp-json\/wp\/v2\/categories?post=21112"},{"taxonomy":"post_tag","embeddable":true,"href":"https:\/\/kwp.at\/pensionistenklubs\/wp-json\/wp\/v2\/tags?post=21112"}],"curies":[{"name":"wp","href":"https:\/\/api.w.org\/{rel}","templated":true}]}}