{"id":20143,"date":"2025-11-10T16:43:49","date_gmt":"2025-11-10T15:43:49","guid":{"rendered":"https:\/\/kwp.at\/pensionistenklubs\/?p=20143"},"modified":"2025-11-19T08:54:56","modified_gmt":"2025-11-19T07:54:56","slug":"unsere-seniorinnen-rockten-die-kult-disco-u4","status":"publish","type":"post","link":"https:\/\/kwp.at\/pensionistenklubs\/unsere-seniorinnen-rockten-die-kult-disco-u4\/","title":{"rendered":"Unsere Senior*innen rockten die Kult-Disco U4"},"content":{"rendered":"\n<p><strong>Der Klub66 gastierte im U4. Der Tanzabend f\u00fcr alle Generationen war ein fulminanter Erfolg.<\/strong><\/p>\n\n\n\n<p>Das hat selbst das <a href=\"https:\/\/www.u4.at\/\" target=\"_blank\" rel=\"noreferrer noopener\">U4<\/a> noch nicht erlebt: Bereits ab halb f\u00fcnf am Nachmittag bildete sich eine 100 Meter lange Menschenschlange vom Ausgang der U-Bahn bis zum Eingang der Wiener Kult-Disco U4, in der schon Falco Stammgast war und Musikgr\u00f6\u00dfen wie Prince, Kurt Cobain, Johnny Depp und Sade unvergessliche Auftritte hinlegten.<\/p>\n\n\n\n<p>Der Grund f\u00fcr den Ansturm: Die Premiere des Generationen-Miteinander-Tanzabends der Pensionist*innenklubs f\u00fcr die Stadt Wien \u2013 der Klub66. Dem Motto entsprechend kamen gro\u00dfteils tanzbegeisterte Senior*innen im Alter zwischen 60 und 85 Jahren. Aber auch Mitarbeiter*innen der Klubs und H\u00e4user zum Leben, die mal in ihrer Freizeit mit ihren Kolleg*innen ungezwungen feiern wollten, waren zahlreich erschienen.<\/p>\n\n\n\n<figure class=\"wp-block-embed is-type-video is-provider-youtube wp-block-embed-youtube wp-embed-aspect-16-9 wp-has-aspect-ratio\"><div class=\"wp-block-embed__wrapper\">\n<iframe loading=\"lazy\" title=\"Mit dem Klub66 ins U4 | Party mit den Pensionist*innenklubs f\u00fcr die Stadt Wien\" width=\"500\" height=\"281\" src=\"https:\/\/www.youtube.com\/embed\/4NgN8W3Uck0?feature=oembed\" frameborder=\"0\" allow=\"accelerometer; autoplay; clipboard-write; encrypted-media; gyroscope; picture-in-picture; web-share\" referrerpolicy=\"strict-origin-when-cross-origin\" allowfullscreen><\/iframe>\n<\/div><\/figure>\n\n\n\n<p>Der legend\u00e4re U4-T\u00fcrsteher Conny de Beauclair hatte also alle H\u00e4nde voll zu tun, bei 600 G\u00e4sten f\u00fcr einen geordneten Eingang zu sorgen. Denn an diesem besonderen Abend galt das Motto \u201esafety first!\u201c Die zwei Tanzfl\u00e4chen glichen einem brodelnden Party-Kessel! Die greatest Hits von Abba, Elvis und Gloria Gaynor sorgten f\u00fcr Discofeeling und Partystimmung mit einer Prise Nostalgie.<\/p>\n\n\n\n<h2 class=\"wp-block-heading\">Wiederholung folgt<\/h2>\n\n\n\n<p>Aufgrund des gro\u00dfen Erfolgs gibt es bereits am 15.01.2026 (17:00 bis 22:00 Uhr) eine Wiederholung des Klub66 im U4. Eine Anmeldung \u00fcber die <a href=\"https:\/\/kwp.at\/veranstaltungen\/product\/klub66-goes-u4-tanz-dich-gluecklich-2\/\" target=\"_blank\" rel=\"noreferrer noopener\">Website<\/a> ist erforderlich!<strong> <\/strong>Aufgrund der gro\u00dfen Nachfrage ist eine Anmeldung vorerst leider nicht mehr m\u00f6glich.<\/p>\n\n\n\n<p>Im Lokal selbst herrscht Selbstkonsumation laut Getr\u00e4nkekarte. Taxit\u00e4nzer am Dancefloor sorgen zus\u00e4tzlich f\u00fcr die richtige Stimmung, denn der Klub66 ist mehr als eine Party. Er ist ein lautes &#8222;Hallo&#8220; an alle, die wissen: Alter ist nur eine Zahl, und die beste Zeit zum Feiern ist jetzt!<\/p>\n\n\n\n<div class=\"alignnormal\"><div id=\"metaslider-id-20168\" style=\"width: 100%;\" class=\"ml-slider-3-107-0 metaslider metaslider-flex metaslider-20168 ml-slider has-dots-nav ms-theme-default-base\" role=\"region\" aria-label=\"Klub66 U4\" data-height=\"800\" data-width=\"700\">\n    <div id=\"metaslider_container_20168\">\n        <div id=\"metaslider_20168\">\n            <ul aria-live='off' class='slides'>\n                <li style=\"display: block; width: 100%;\" class=\"slide-20169 ms-image \" aria-roledescription=\"slide\" data-date=\"2025-11-11 16:01:32\" data-filename=\"CDEB6508.jpg\" data-slide-type=\"image\"><img loading=\"lazy\" decoding=\"async\" width=\"2000\" height=\"1333\" src=\"https:\/\/kwp.at\/pensionistenklubs\/wp-content\/uploads\/sites\/2\/2025\/11\/CDEB6508.jpg\" class=\"slider-20168 slide-20169 msDefaultImage\" alt=\"die Menge im U4 strecken alle ihre H\u00e4nde in die H\u00f6he.\" rel=\"\" title=\"66er Klub im U4 am 06.11.2025 - \u00a9 Conny de Beauclair\" srcset=\"https:\/\/kwp.at\/pensionistenklubs\/wp-content\/uploads\/sites\/2\/2025\/11\/CDEB6508.jpg 2000w, https:\/\/kwp.at\/pensionistenklubs\/wp-content\/uploads\/sites\/2\/2025\/11\/CDEB6508-300x200.jpg 300w, https:\/\/kwp.at\/pensionistenklubs\/wp-content\/uploads\/sites\/2\/2025\/11\/CDEB6508-1024x682.jpg 1024w, https:\/\/kwp.at\/pensionistenklubs\/wp-content\/uploads\/sites\/2\/2025\/11\/CDEB6508-768x512.jpg 768w, https:\/\/kwp.at\/pensionistenklubs\/wp-content\/uploads\/sites\/2\/2025\/11\/CDEB6508-1536x1024.jpg 1536w, https:\/\/kwp.at\/pensionistenklubs\/wp-content\/uploads\/sites\/2\/2025\/11\/CDEB6508-317x211.jpg 317w, https:\/\/kwp.at\/pensionistenklubs\/wp-content\/uploads\/sites\/2\/2025\/11\/CDEB6508-648x432.jpg 648w, https:\/\/kwp.at\/pensionistenklubs\/wp-content\/uploads\/sites\/2\/2025\/11\/CDEB6508-1296x864.jpg 1296w\" sizes=\"auto, (max-width: 2000px) 100vw, 2000px\" \/><\/li>\n                <li style=\"display: none; width: 100%;\" class=\"slide-20170 ms-image \" aria-roledescription=\"slide\" data-date=\"2025-11-11 16:01:32\" data-filename=\"CDEB6471.jpg\" data-slide-type=\"image\"><img loading=\"lazy\" decoding=\"async\" width=\"2000\" height=\"1422\" src=\"https:\/\/kwp.at\/pensionistenklubs\/wp-content\/uploads\/sites\/2\/2025\/11\/CDEB6471.jpg\" class=\"slider-20168 slide-20170 msDefaultImage\" alt=\"mehrere Frauen tanzen vor dem Logo des U4\" rel=\"\" title=\"66er Klub im U4 am 06.11.2025 - \u00a9 Conny de Beauclair\" srcset=\"https:\/\/kwp.at\/pensionistenklubs\/wp-content\/uploads\/sites\/2\/2025\/11\/CDEB6471.jpg 2000w, https:\/\/kwp.at\/pensionistenklubs\/wp-content\/uploads\/sites\/2\/2025\/11\/CDEB6471-300x213.jpg 300w, https:\/\/kwp.at\/pensionistenklubs\/wp-content\/uploads\/sites\/2\/2025\/11\/CDEB6471-1024x728.jpg 1024w, https:\/\/kwp.at\/pensionistenklubs\/wp-content\/uploads\/sites\/2\/2025\/11\/CDEB6471-768x546.jpg 768w, https:\/\/kwp.at\/pensionistenklubs\/wp-content\/uploads\/sites\/2\/2025\/11\/CDEB6471-1536x1092.jpg 1536w, https:\/\/kwp.at\/pensionistenklubs\/wp-content\/uploads\/sites\/2\/2025\/11\/CDEB6471-317x225.jpg 317w, https:\/\/kwp.at\/pensionistenklubs\/wp-content\/uploads\/sites\/2\/2025\/11\/CDEB6471-648x461.jpg 648w, https:\/\/kwp.at\/pensionistenklubs\/wp-content\/uploads\/sites\/2\/2025\/11\/CDEB6471-1296x921.jpg 1296w\" sizes=\"auto, (max-width: 2000px) 100vw, 2000px\" \/><\/li>\n                <li style=\"display: none; width: 100%;\" class=\"slide-20171 ms-image \" aria-roledescription=\"slide\" data-date=\"2025-11-11 16:01:32\" data-filename=\"CDEB6640.jpg\" data-slide-type=\"image\"><img loading=\"lazy\" decoding=\"async\" width=\"2000\" height=\"1097\" src=\"https:\/\/kwp.at\/pensionistenklubs\/wp-content\/uploads\/sites\/2\/2025\/11\/CDEB6640.jpg\" class=\"slider-20168 slide-20171 msDefaultImage\" alt=\"man sieht die Menge im U4, ein Mann sticht heraus, da er seine Arme in die H\u00f6he schmei\u00dft und offensichtlich lauthals singt beziehungsweise schreit.\" rel=\"\" title=\"66er Klub im U4 am 06.11.2025 - \u00a9 Conny de Beauclair\" srcset=\"https:\/\/kwp.at\/pensionistenklubs\/wp-content\/uploads\/sites\/2\/2025\/11\/CDEB6640.jpg 2000w, https:\/\/kwp.at\/pensionistenklubs\/wp-content\/uploads\/sites\/2\/2025\/11\/CDEB6640-300x165.jpg 300w, https:\/\/kwp.at\/pensionistenklubs\/wp-content\/uploads\/sites\/2\/2025\/11\/CDEB6640-1024x562.jpg 1024w, https:\/\/kwp.at\/pensionistenklubs\/wp-content\/uploads\/sites\/2\/2025\/11\/CDEB6640-768x421.jpg 768w, https:\/\/kwp.at\/pensionistenklubs\/wp-content\/uploads\/sites\/2\/2025\/11\/CDEB6640-1536x842.jpg 1536w, https:\/\/kwp.at\/pensionistenklubs\/wp-content\/uploads\/sites\/2\/2025\/11\/CDEB6640-317x174.jpg 317w, https:\/\/kwp.at\/pensionistenklubs\/wp-content\/uploads\/sites\/2\/2025\/11\/CDEB6640-648x355.jpg 648w, https:\/\/kwp.at\/pensionistenklubs\/wp-content\/uploads\/sites\/2\/2025\/11\/CDEB6640-1296x711.jpg 1296w\" sizes=\"auto, (max-width: 2000px) 100vw, 2000px\" \/><\/li>\n                <li style=\"display: none; width: 100%;\" class=\"slide-20172 ms-image \" aria-roledescription=\"slide\" data-date=\"2025-11-11 16:01:32\" data-filename=\"CDEB6417.jpg\" data-slide-type=\"image\"><img loading=\"lazy\" decoding=\"async\" width=\"2000\" height=\"1333\" src=\"https:\/\/kwp.at\/pensionistenklubs\/wp-content\/uploads\/sites\/2\/2025\/11\/CDEB6417.jpg\" class=\"slider-20168 slide-20172 msDefaultImage\" alt=\"Die DJ steht vor dem DJ-Pult und l\u00e4chelt vor der tanzenden Menge in die Kamera.\" rel=\"\" title=\"66er Klub im U4 am 06.11.2025 - \u00a9 Conny de Beauclair\" srcset=\"https:\/\/kwp.at\/pensionistenklubs\/wp-content\/uploads\/sites\/2\/2025\/11\/CDEB6417.jpg 2000w, https:\/\/kwp.at\/pensionistenklubs\/wp-content\/uploads\/sites\/2\/2025\/11\/CDEB6417-300x200.jpg 300w, https:\/\/kwp.at\/pensionistenklubs\/wp-content\/uploads\/sites\/2\/2025\/11\/CDEB6417-1024x682.jpg 1024w, https:\/\/kwp.at\/pensionistenklubs\/wp-content\/uploads\/sites\/2\/2025\/11\/CDEB6417-768x512.jpg 768w, https:\/\/kwp.at\/pensionistenklubs\/wp-content\/uploads\/sites\/2\/2025\/11\/CDEB6417-1536x1024.jpg 1536w, https:\/\/kwp.at\/pensionistenklubs\/wp-content\/uploads\/sites\/2\/2025\/11\/CDEB6417-317x211.jpg 317w, https:\/\/kwp.at\/pensionistenklubs\/wp-content\/uploads\/sites\/2\/2025\/11\/CDEB6417-648x432.jpg 648w, https:\/\/kwp.at\/pensionistenklubs\/wp-content\/uploads\/sites\/2\/2025\/11\/CDEB6417-1296x864.jpg 1296w\" sizes=\"auto, (max-width: 2000px) 100vw, 2000px\" \/><\/li>\n                <li style=\"display: none; width: 100%;\" class=\"slide-20173 ms-image \" aria-roledescription=\"slide\" data-date=\"2025-11-11 16:01:32\" data-filename=\"CDEB6680.jpg\" data-slide-type=\"image\"><img loading=\"lazy\" decoding=\"async\" width=\"2000\" height=\"1333\" src=\"https:\/\/kwp.at\/pensionistenklubs\/wp-content\/uploads\/sites\/2\/2025\/11\/CDEB6680.jpg\" class=\"slider-20168 slide-20173 msDefaultImage\" alt=\"zwei junge Damen tanzen auf der Tanzfl\u00e4che und l\u00e4cheln sich gegenseitig an.\" rel=\"\" title=\"66er Klub im U4 am 06.11.2025 - \u00a9 Conny de Beauclair\" srcset=\"https:\/\/kwp.at\/pensionistenklubs\/wp-content\/uploads\/sites\/2\/2025\/11\/CDEB6680.jpg 2000w, https:\/\/kwp.at\/pensionistenklubs\/wp-content\/uploads\/sites\/2\/2025\/11\/CDEB6680-300x200.jpg 300w, https:\/\/kwp.at\/pensionistenklubs\/wp-content\/uploads\/sites\/2\/2025\/11\/CDEB6680-1024x682.jpg 1024w, https:\/\/kwp.at\/pensionistenklubs\/wp-content\/uploads\/sites\/2\/2025\/11\/CDEB6680-768x512.jpg 768w, https:\/\/kwp.at\/pensionistenklubs\/wp-content\/uploads\/sites\/2\/2025\/11\/CDEB6680-1536x1024.jpg 1536w, https:\/\/kwp.at\/pensionistenklubs\/wp-content\/uploads\/sites\/2\/2025\/11\/CDEB6680-317x211.jpg 317w, https:\/\/kwp.at\/pensionistenklubs\/wp-content\/uploads\/sites\/2\/2025\/11\/CDEB6680-648x432.jpg 648w, https:\/\/kwp.at\/pensionistenklubs\/wp-content\/uploads\/sites\/2\/2025\/11\/CDEB6680-1296x864.jpg 1296w\" sizes=\"auto, (max-width: 2000px) 100vw, 2000px\" \/><\/li>\n                <li style=\"display: none; width: 100%;\" class=\"slide-20174 ms-image \" aria-roledescription=\"slide\" data-date=\"2025-11-11 16:01:32\" data-filename=\"CDEB6351.jpg\" data-slide-type=\"image\"><img loading=\"lazy\" decoding=\"async\" width=\"2000\" height=\"1333\" src=\"https:\/\/kwp.at\/pensionistenklubs\/wp-content\/uploads\/sites\/2\/2025\/11\/CDEB6351.jpg\" class=\"slider-20168 slide-20174 msDefaultImage\" alt=\"6 Personen posieren f\u00fcr die Kamera, unter ihnen auch Simon Bluma, der stellvertretende Gesch\u00e4ftsf\u00fchrer der H\u00e4user zum Leben.\" rel=\"\" title=\"66er Klub im U4 am 06.11.2025 - \u00a9 Conny de Beauclair\" srcset=\"https:\/\/kwp.at\/pensionistenklubs\/wp-content\/uploads\/sites\/2\/2025\/11\/CDEB6351.jpg 2000w, https:\/\/kwp.at\/pensionistenklubs\/wp-content\/uploads\/sites\/2\/2025\/11\/CDEB6351-300x200.jpg 300w, https:\/\/kwp.at\/pensionistenklubs\/wp-content\/uploads\/sites\/2\/2025\/11\/CDEB6351-1024x682.jpg 1024w, https:\/\/kwp.at\/pensionistenklubs\/wp-content\/uploads\/sites\/2\/2025\/11\/CDEB6351-768x512.jpg 768w, https:\/\/kwp.at\/pensionistenklubs\/wp-content\/uploads\/sites\/2\/2025\/11\/CDEB6351-1536x1024.jpg 1536w, https:\/\/kwp.at\/pensionistenklubs\/wp-content\/uploads\/sites\/2\/2025\/11\/CDEB6351-317x211.jpg 317w, https:\/\/kwp.at\/pensionistenklubs\/wp-content\/uploads\/sites\/2\/2025\/11\/CDEB6351-648x432.jpg 648w, https:\/\/kwp.at\/pensionistenklubs\/wp-content\/uploads\/sites\/2\/2025\/11\/CDEB6351-1296x864.jpg 1296w\" sizes=\"auto, (max-width: 2000px) 100vw, 2000px\" \/><\/li>\n                <li style=\"display: none; width: 100%;\" class=\"slide-20175 ms-image \" aria-roledescription=\"slide\" data-date=\"2025-11-11 16:01:32\" data-filename=\"CDEB6300.jpg\" data-slide-type=\"image\"><img loading=\"lazy\" decoding=\"async\" width=\"2000\" height=\"1333\" src=\"https:\/\/kwp.at\/pensionistenklubs\/wp-content\/uploads\/sites\/2\/2025\/11\/CDEB6300.jpg\" class=\"slider-20168 slide-20175 msDefaultImage\" alt=\"zwei Damen l\u00e4cheln in die Kamera, und zwischen ihnen steht Simon Bluma, der stellvertretende Gesch\u00e4ftsf\u00fchrer der H\u00e4user zum Leben.\" rel=\"\" title=\"66er Klub im U4 am 06.11.2025 - \u00a9 Conny de Beauclair\" srcset=\"https:\/\/kwp.at\/pensionistenklubs\/wp-content\/uploads\/sites\/2\/2025\/11\/CDEB6300.jpg 2000w, https:\/\/kwp.at\/pensionistenklubs\/wp-content\/uploads\/sites\/2\/2025\/11\/CDEB6300-300x200.jpg 300w, https:\/\/kwp.at\/pensionistenklubs\/wp-content\/uploads\/sites\/2\/2025\/11\/CDEB6300-1024x682.jpg 1024w, https:\/\/kwp.at\/pensionistenklubs\/wp-content\/uploads\/sites\/2\/2025\/11\/CDEB6300-768x512.jpg 768w, https:\/\/kwp.at\/pensionistenklubs\/wp-content\/uploads\/sites\/2\/2025\/11\/CDEB6300-1536x1024.jpg 1536w, https:\/\/kwp.at\/pensionistenklubs\/wp-content\/uploads\/sites\/2\/2025\/11\/CDEB6300-317x211.jpg 317w, https:\/\/kwp.at\/pensionistenklubs\/wp-content\/uploads\/sites\/2\/2025\/11\/CDEB6300-648x432.jpg 648w, https:\/\/kwp.at\/pensionistenklubs\/wp-content\/uploads\/sites\/2\/2025\/11\/CDEB6300-1296x864.jpg 1296w\" sizes=\"auto, (max-width: 2000px) 100vw, 2000px\" \/><\/li>\n                <li style=\"display: none; width: 100%;\" class=\"slide-20176 ms-image \" aria-roledescription=\"slide\" data-date=\"2025-11-11 16:01:32\" data-filename=\"CDEB6320.jpg\" data-slide-type=\"image\"><img loading=\"lazy\" decoding=\"async\" width=\"2000\" height=\"1333\" src=\"https:\/\/kwp.at\/pensionistenklubs\/wp-content\/uploads\/sites\/2\/2025\/11\/CDEB6320.jpg\" class=\"slider-20168 slide-20176 msDefaultImage\" alt=\"drei Damen l\u00e4cheln in die Kamera, die Dame links gibt ein &quot;Daumen nach oben&quot;.\" rel=\"\" title=\"66er Klub im U4 am 06.11.2025 - \u00a9 Conny de Beauclair\" srcset=\"https:\/\/kwp.at\/pensionistenklubs\/wp-content\/uploads\/sites\/2\/2025\/11\/CDEB6320.jpg 2000w, https:\/\/kwp.at\/pensionistenklubs\/wp-content\/uploads\/sites\/2\/2025\/11\/CDEB6320-300x200.jpg 300w, https:\/\/kwp.at\/pensionistenklubs\/wp-content\/uploads\/sites\/2\/2025\/11\/CDEB6320-1024x682.jpg 1024w, https:\/\/kwp.at\/pensionistenklubs\/wp-content\/uploads\/sites\/2\/2025\/11\/CDEB6320-768x512.jpg 768w, https:\/\/kwp.at\/pensionistenklubs\/wp-content\/uploads\/sites\/2\/2025\/11\/CDEB6320-1536x1024.jpg 1536w, https:\/\/kwp.at\/pensionistenklubs\/wp-content\/uploads\/sites\/2\/2025\/11\/CDEB6320-317x211.jpg 317w, https:\/\/kwp.at\/pensionistenklubs\/wp-content\/uploads\/sites\/2\/2025\/11\/CDEB6320-648x432.jpg 648w, https:\/\/kwp.at\/pensionistenklubs\/wp-content\/uploads\/sites\/2\/2025\/11\/CDEB6320-1296x864.jpg 1296w\" sizes=\"auto, (max-width: 2000px) 100vw, 2000px\" \/><\/li>\n                <li style=\"display: none; width: 100%;\" class=\"slide-20177 ms-image \" aria-roledescription=\"slide\" data-date=\"2025-11-11 16:01:32\" data-filename=\"CDEB6338.jpg\" data-slide-type=\"image\"><img loading=\"lazy\" decoding=\"async\" width=\"2000\" height=\"1333\" src=\"https:\/\/kwp.at\/pensionistenklubs\/wp-content\/uploads\/sites\/2\/2025\/11\/CDEB6338.jpg\" class=\"slider-20168 slide-20177 msDefaultImage\" alt=\"zwei junge M\u00e4nner, einer mit Kappe und der andere mit Brille, posieren Arm in Arm mit einer im Mittelpunkt stehenden Dame f\u00fcr die Kamera\" rel=\"\" title=\"66er Klub im U4 am 06.11.2025 - \u00a9 Conny de Beauclair\" srcset=\"https:\/\/kwp.at\/pensionistenklubs\/wp-content\/uploads\/sites\/2\/2025\/11\/CDEB6338.jpg 2000w, https:\/\/kwp.at\/pensionistenklubs\/wp-content\/uploads\/sites\/2\/2025\/11\/CDEB6338-300x200.jpg 300w, https:\/\/kwp.at\/pensionistenklubs\/wp-content\/uploads\/sites\/2\/2025\/11\/CDEB6338-1024x682.jpg 1024w, https:\/\/kwp.at\/pensionistenklubs\/wp-content\/uploads\/sites\/2\/2025\/11\/CDEB6338-768x512.jpg 768w, https:\/\/kwp.at\/pensionistenklubs\/wp-content\/uploads\/sites\/2\/2025\/11\/CDEB6338-1536x1024.jpg 1536w, https:\/\/kwp.at\/pensionistenklubs\/wp-content\/uploads\/sites\/2\/2025\/11\/CDEB6338-317x211.jpg 317w, https:\/\/kwp.at\/pensionistenklubs\/wp-content\/uploads\/sites\/2\/2025\/11\/CDEB6338-648x432.jpg 648w, https:\/\/kwp.at\/pensionistenklubs\/wp-content\/uploads\/sites\/2\/2025\/11\/CDEB6338-1296x864.jpg 1296w\" sizes=\"auto, (max-width: 2000px) 100vw, 2000px\" \/><\/li>\n            <\/ul>\n        <\/div>\n        \n    <\/div>\n<\/div><\/div>\n\n\n\n<div style=\"background-color: #6669D1\" class=\"wp-block-kwp-blocks-infobox\"><h3><strong>Klub66<\/strong><\/h3><p>\n<p>&#8222;Klubbing mit Retrocharme&#8220; so lautet das Motto der Veranstaltungsreihe Klub66, bei der die Pensionist*innenklubs f\u00fcr die Stadt Wien ihre Besucher*innen zur ganz besonderen Tanzparty einladen. Die G\u00e4ste erwartet ein ausgelassener Abend voll Rhythmus, Eleganz vergangener Zeiten und nostalgischer Augenblicke. Die Hits der Jugend der Generation 60plus erf\u00fcllen die legend\u00e4re Kult-Location und die Klubs bringen mit den besten Evergreens der 50er, 60er und 70er Jahre die Tanzfl\u00e4che zum Beben.<\/p>\n\n\n\n<p>Der Klub66 gastiert regelm\u00e4\u00dfig in unterschiedlichen Tanzclubs in Wien, wie dem kultigen Tanzcaf\u00e9 Jenseits, dem hippen DonauTechno oder dem Dancing P\u00f6.<\/p>\n\n\n\n<p>Beim Klub66 treffen Senior*innen sowie junge Partyg\u00e4ste aufeinander, um miteinander zu feiern.<\/p>\n<\/p><\/div>\n\n\n\n<p><\/p>\n\n\n\n<p><\/p>\n","protected":false},"excerpt":{"rendered":"<p>Der Klub66 gastierte im U4. Der Tanzabend f\u00fcr alle Generationen war ein fulminanter Erfolg. VIDEO!<\/p>\n","protected":false},"author":788,"featured_media":20149,"comment_status":"closed","ping_status":"closed","sticky":false,"template":"","format":"standard","meta":{"_acf_changed":false,"footnotes":""},"categories":[1,80,18],"tags":[],"class_list":["post-20143","post","type-post","status-publish","format-standard","has-post-thumbnail","hentry","category-allgemein","category-feste-feiern","category-musik-und-tanz"],"acf":[],"yoast_head":"<!-- This site is optimized with the Yoast SEO plugin v27.4 - https:\/\/yoast.com\/product\/yoast-seo-wordpress\/ -->\n<title>Unsere Senior*innen rockten die Kult-Disco U4 - Pensionist*innenklubs<\/title>\n<meta name=\"description\" content=\"Der Klub66 gastierte im U4. Der Tanzabend f\u00fcr alle Generationen war ein fulminanter Erfolg.\" \/>\n<meta name=\"robots\" content=\"index, follow, max-snippet:-1, max-image-preview:large, max-video-preview:-1\" \/>\n<link rel=\"canonical\" href=\"https:\/\/kwp.at\/pensionistenklubs\/unsere-seniorinnen-rockten-die-kult-disco-u4\/\" \/>\n<meta property=\"og:locale\" content=\"de_DE\" \/>\n<meta property=\"og:type\" content=\"article\" \/>\n<meta property=\"og:title\" content=\"Unsere Senior*innen rockten die Kult-Disco U4 - Pensionist*innenklubs\" \/>\n<meta property=\"og:description\" content=\"Der Klub66 gastierte im U4. Der Tanzabend f\u00fcr alle Generationen war ein fulminanter Erfolg.\" \/>\n<meta property=\"og:url\" content=\"https:\/\/kwp.at\/pensionistenklubs\/unsere-seniorinnen-rockten-die-kult-disco-u4\/\" \/>\n<meta property=\"og:site_name\" content=\"Pensionist*innenklubs\" \/>\n<meta property=\"article:published_time\" content=\"2025-11-10T15:43:49+00:00\" \/>\n<meta property=\"article:modified_time\" content=\"2025-11-19T07:54:56+00:00\" \/>\n<meta property=\"og:image\" content=\"https:\/\/kwp.at\/pensionistenklubs\/wp-content\/uploads\/sites\/2\/2025\/11\/klub66_auf.jpg\" \/>\n\t<meta property=\"og:image:width\" content=\"1800\" \/>\n\t<meta property=\"og:image:height\" content=\"1166\" \/>\n\t<meta property=\"og:image:type\" content=\"image\/jpeg\" \/>\n<meta name=\"author\" content=\"lmehl\" \/>\n<meta name=\"twitter:card\" content=\"summary_large_image\" \/>\n<meta name=\"twitter:label1\" content=\"Geschrieben von\" \/>\n\t<meta name=\"twitter:data1\" content=\"lmehl\" \/>\n\t<meta name=\"twitter:label2\" content=\"Gesch\u00e4tzte Lesezeit\" \/>\n\t<meta name=\"twitter:data2\" content=\"3\u00a0Minuten\" \/>\n<script type=\"application\/ld+json\" class=\"yoast-schema-graph\">{\"@context\":\"https:\\\/\\\/schema.org\",\"@graph\":[{\"@type\":\"Article\",\"@id\":\"https:\\\/\\\/kwp.at\\\/pensionistenklubs\\\/unsere-seniorinnen-rockten-die-kult-disco-u4\\\/#article\",\"isPartOf\":{\"@id\":\"https:\\\/\\\/kwp.at\\\/pensionistenklubs\\\/unsere-seniorinnen-rockten-die-kult-disco-u4\\\/\"},\"author\":{\"name\":\"lmehl\",\"@id\":\"https:\\\/\\\/kwp.at\\\/pensionistenklubs\\\/#\\\/schema\\\/person\\\/2a095936de309b7ef44c28d5b9cd16bd\"},\"headline\":\"Unsere Senior*innen rockten die Kult-Disco U4\",\"datePublished\":\"2025-11-10T15:43:49+00:00\",\"dateModified\":\"2025-11-19T07:54:56+00:00\",\"mainEntityOfPage\":{\"@id\":\"https:\\\/\\\/kwp.at\\\/pensionistenklubs\\\/unsere-seniorinnen-rockten-die-kult-disco-u4\\\/\"},\"wordCount\":408,\"publisher\":{\"@id\":\"https:\\\/\\\/kwp.at\\\/pensionistenklubs\\\/#organization\"},\"image\":{\"@id\":\"https:\\\/\\\/kwp.at\\\/pensionistenklubs\\\/unsere-seniorinnen-rockten-die-kult-disco-u4\\\/#primaryimage\"},\"thumbnailUrl\":\"https:\\\/\\\/kwp.at\\\/pensionistenklubs\\\/wp-content\\\/uploads\\\/sites\\\/2\\\/2025\\\/11\\\/klub66_auf.jpg\",\"articleSection\":{\"1\":\"Feste feiern\",\"2\":\"Musik und Tanz\"},\"inLanguage\":\"de\"},{\"@type\":\"WebPage\",\"@id\":\"https:\\\/\\\/kwp.at\\\/pensionistenklubs\\\/unsere-seniorinnen-rockten-die-kult-disco-u4\\\/\",\"url\":\"https:\\\/\\\/kwp.at\\\/pensionistenklubs\\\/unsere-seniorinnen-rockten-die-kult-disco-u4\\\/\",\"name\":\"Unsere Senior*innen rockten die Kult-Disco U4 - Pensionist*innenklubs\",\"isPartOf\":{\"@id\":\"https:\\\/\\\/kwp.at\\\/pensionistenklubs\\\/#website\"},\"primaryImageOfPage\":{\"@id\":\"https:\\\/\\\/kwp.at\\\/pensionistenklubs\\\/unsere-seniorinnen-rockten-die-kult-disco-u4\\\/#primaryimage\"},\"image\":{\"@id\":\"https:\\\/\\\/kwp.at\\\/pensionistenklubs\\\/unsere-seniorinnen-rockten-die-kult-disco-u4\\\/#primaryimage\"},\"thumbnailUrl\":\"https:\\\/\\\/kwp.at\\\/pensionistenklubs\\\/wp-content\\\/uploads\\\/sites\\\/2\\\/2025\\\/11\\\/klub66_auf.jpg\",\"datePublished\":\"2025-11-10T15:43:49+00:00\",\"dateModified\":\"2025-11-19T07:54:56+00:00\",\"description\":\"Der Klub66 gastierte im U4. Der Tanzabend f\u00fcr alle Generationen war ein fulminanter Erfolg.\",\"inLanguage\":\"de\",\"potentialAction\":[{\"@type\":\"ReadAction\",\"target\":[\"https:\\\/\\\/kwp.at\\\/pensionistenklubs\\\/unsere-seniorinnen-rockten-die-kult-disco-u4\\\/\"]}]},{\"@type\":\"ImageObject\",\"inLanguage\":\"de\",\"@id\":\"https:\\\/\\\/kwp.at\\\/pensionistenklubs\\\/unsere-seniorinnen-rockten-die-kult-disco-u4\\\/#primaryimage\",\"url\":\"https:\\\/\\\/kwp.at\\\/pensionistenklubs\\\/wp-content\\\/uploads\\\/sites\\\/2\\\/2025\\\/11\\\/klub66_auf.jpg\",\"contentUrl\":\"https:\\\/\\\/kwp.at\\\/pensionistenklubs\\\/wp-content\\\/uploads\\\/sites\\\/2\\\/2025\\\/11\\\/klub66_auf.jpg\",\"width\":1800,\"height\":1166,\"caption\":\"66er Klub im U4 am 06.11.2025 - \u00a9 Conny de Beauclair\"},{\"@type\":\"WebSite\",\"@id\":\"https:\\\/\\\/kwp.at\\\/pensionistenklubs\\\/#website\",\"url\":\"https:\\\/\\\/kwp.at\\\/pensionistenklubs\\\/\",\"name\":\"Pensionist*innenklubs\",\"description\":\"F\u00fcr die Stadt Wien\",\"publisher\":{\"@id\":\"https:\\\/\\\/kwp.at\\\/pensionistenklubs\\\/#organization\"},\"potentialAction\":[{\"@type\":\"SearchAction\",\"target\":{\"@type\":\"EntryPoint\",\"urlTemplate\":\"https:\\\/\\\/kwp.at\\\/pensionistenklubs\\\/?s={search_term_string}\"},\"query-input\":{\"@type\":\"PropertyValueSpecification\",\"valueRequired\":true,\"valueName\":\"search_term_string\"}}],\"inLanguage\":\"de\"},{\"@type\":\"Organization\",\"@id\":\"https:\\\/\\\/kwp.at\\\/pensionistenklubs\\\/#organization\",\"name\":\"PensionistInnenklubs f\u00fcr die Stadt Wien\",\"url\":\"https:\\\/\\\/kwp.at\\\/pensionistenklubs\\\/\",\"logo\":{\"@type\":\"ImageObject\",\"inLanguage\":\"de\",\"@id\":\"https:\\\/\\\/kwp.at\\\/pensionistenklubs\\\/#\\\/schema\\\/logo\\\/image\\\/\",\"url\":\"https:\\\/\\\/kwp.at\\\/pensionistenklubs\\\/wp-content\\\/uploads\\\/sites\\\/2\\\/2022\\\/08\\\/Logo-Pensionistenklubs-scaled-1.jpeg\",\"contentUrl\":\"https:\\\/\\\/kwp.at\\\/pensionistenklubs\\\/wp-content\\\/uploads\\\/sites\\\/2\\\/2022\\\/08\\\/Logo-Pensionistenklubs-scaled-1.jpeg\",\"width\":2560,\"height\":610,\"caption\":\"PensionistInnenklubs f\u00fcr die Stadt Wien\"},\"image\":{\"@id\":\"https:\\\/\\\/kwp.at\\\/pensionistenklubs\\\/#\\\/schema\\\/logo\\\/image\\\/\"}},{\"@type\":\"Person\",\"@id\":\"https:\\\/\\\/kwp.at\\\/pensionistenklubs\\\/#\\\/schema\\\/person\\\/2a095936de309b7ef44c28d5b9cd16bd\",\"name\":\"lmehl\",\"image\":{\"@type\":\"ImageObject\",\"inLanguage\":\"de\",\"@id\":\"https:\\\/\\\/secure.gravatar.com\\\/avatar\\\/8ddf437c674abe66aa4e8d4218d4f3ea8b3304bb3973cd918eabac85e15b0f8c?s=96&d=mm&r=g\",\"url\":\"https:\\\/\\\/secure.gravatar.com\\\/avatar\\\/8ddf437c674abe66aa4e8d4218d4f3ea8b3304bb3973cd918eabac85e15b0f8c?s=96&d=mm&r=g\",\"contentUrl\":\"https:\\\/\\\/secure.gravatar.com\\\/avatar\\\/8ddf437c674abe66aa4e8d4218d4f3ea8b3304bb3973cd918eabac85e15b0f8c?s=96&d=mm&r=g\",\"caption\":\"lmehl\"}}]}<\/script>\n<!-- \/ Yoast SEO plugin. -->","yoast_head_json":{"title":"Unsere Senior*innen rockten die Kult-Disco U4 - Pensionist*innenklubs","description":"Der Klub66 gastierte im U4. Der Tanzabend f\u00fcr alle Generationen war ein fulminanter Erfolg.","robots":{"index":"index","follow":"follow","max-snippet":"max-snippet:-1","max-image-preview":"max-image-preview:large","max-video-preview":"max-video-preview:-1"},"canonical":"https:\/\/kwp.at\/pensionistenklubs\/unsere-seniorinnen-rockten-die-kult-disco-u4\/","og_locale":"de_DE","og_type":"article","og_title":"Unsere Senior*innen rockten die Kult-Disco U4 - Pensionist*innenklubs","og_description":"Der Klub66 gastierte im U4. Der Tanzabend f\u00fcr alle Generationen war ein fulminanter Erfolg.","og_url":"https:\/\/kwp.at\/pensionistenklubs\/unsere-seniorinnen-rockten-die-kult-disco-u4\/","og_site_name":"Pensionist*innenklubs","article_published_time":"2025-11-10T15:43:49+00:00","article_modified_time":"2025-11-19T07:54:56+00:00","og_image":[{"width":1800,"height":1166,"url":"https:\/\/kwp.at\/pensionistenklubs\/wp-content\/uploads\/sites\/2\/2025\/11\/klub66_auf.jpg","type":"image\/jpeg"}],"author":"lmehl","twitter_card":"summary_large_image","twitter_misc":{"Geschrieben von":"lmehl","Gesch\u00e4tzte Lesezeit":"3\u00a0Minuten"},"schema":{"@context":"https:\/\/schema.org","@graph":[{"@type":"Article","@id":"https:\/\/kwp.at\/pensionistenklubs\/unsere-seniorinnen-rockten-die-kult-disco-u4\/#article","isPartOf":{"@id":"https:\/\/kwp.at\/pensionistenklubs\/unsere-seniorinnen-rockten-die-kult-disco-u4\/"},"author":{"name":"lmehl","@id":"https:\/\/kwp.at\/pensionistenklubs\/#\/schema\/person\/2a095936de309b7ef44c28d5b9cd16bd"},"headline":"Unsere Senior*innen rockten die Kult-Disco U4","datePublished":"2025-11-10T15:43:49+00:00","dateModified":"2025-11-19T07:54:56+00:00","mainEntityOfPage":{"@id":"https:\/\/kwp.at\/pensionistenklubs\/unsere-seniorinnen-rockten-die-kult-disco-u4\/"},"wordCount":408,"publisher":{"@id":"https:\/\/kwp.at\/pensionistenklubs\/#organization"},"image":{"@id":"https:\/\/kwp.at\/pensionistenklubs\/unsere-seniorinnen-rockten-die-kult-disco-u4\/#primaryimage"},"thumbnailUrl":"https:\/\/kwp.at\/pensionistenklubs\/wp-content\/uploads\/sites\/2\/2025\/11\/klub66_auf.jpg","articleSection":{"1":"Feste feiern","2":"Musik und Tanz"},"inLanguage":"de"},{"@type":"WebPage","@id":"https:\/\/kwp.at\/pensionistenklubs\/unsere-seniorinnen-rockten-die-kult-disco-u4\/","url":"https:\/\/kwp.at\/pensionistenklubs\/unsere-seniorinnen-rockten-die-kult-disco-u4\/","name":"Unsere Senior*innen rockten die Kult-Disco U4 - Pensionist*innenklubs","isPartOf":{"@id":"https:\/\/kwp.at\/pensionistenklubs\/#website"},"primaryImageOfPage":{"@id":"https:\/\/kwp.at\/pensionistenklubs\/unsere-seniorinnen-rockten-die-kult-disco-u4\/#primaryimage"},"image":{"@id":"https:\/\/kwp.at\/pensionistenklubs\/unsere-seniorinnen-rockten-die-kult-disco-u4\/#primaryimage"},"thumbnailUrl":"https:\/\/kwp.at\/pensionistenklubs\/wp-content\/uploads\/sites\/2\/2025\/11\/klub66_auf.jpg","datePublished":"2025-11-10T15:43:49+00:00","dateModified":"2025-11-19T07:54:56+00:00","description":"Der Klub66 gastierte im U4. Der Tanzabend f\u00fcr alle Generationen war ein fulminanter Erfolg.","inLanguage":"de","potentialAction":[{"@type":"ReadAction","target":["https:\/\/kwp.at\/pensionistenklubs\/unsere-seniorinnen-rockten-die-kult-disco-u4\/"]}]},{"@type":"ImageObject","inLanguage":"de","@id":"https:\/\/kwp.at\/pensionistenklubs\/unsere-seniorinnen-rockten-die-kult-disco-u4\/#primaryimage","url":"https:\/\/kwp.at\/pensionistenklubs\/wp-content\/uploads\/sites\/2\/2025\/11\/klub66_auf.jpg","contentUrl":"https:\/\/kwp.at\/pensionistenklubs\/wp-content\/uploads\/sites\/2\/2025\/11\/klub66_auf.jpg","width":1800,"height":1166,"caption":"66er Klub im U4 am 06.11.2025 - \u00a9 Conny de Beauclair"},{"@type":"WebSite","@id":"https:\/\/kwp.at\/pensionistenklubs\/#website","url":"https:\/\/kwp.at\/pensionistenklubs\/","name":"Pensionist*innenklubs","description":"F\u00fcr die Stadt Wien","publisher":{"@id":"https:\/\/kwp.at\/pensionistenklubs\/#organization"},"potentialAction":[{"@type":"SearchAction","target":{"@type":"EntryPoint","urlTemplate":"https:\/\/kwp.at\/pensionistenklubs\/?s={search_term_string}"},"query-input":{"@type":"PropertyValueSpecification","valueRequired":true,"valueName":"search_term_string"}}],"inLanguage":"de"},{"@type":"Organization","@id":"https:\/\/kwp.at\/pensionistenklubs\/#organization","name":"PensionistInnenklubs f\u00fcr die Stadt Wien","url":"https:\/\/kwp.at\/pensionistenklubs\/","logo":{"@type":"ImageObject","inLanguage":"de","@id":"https:\/\/kwp.at\/pensionistenklubs\/#\/schema\/logo\/image\/","url":"https:\/\/kwp.at\/pensionistenklubs\/wp-content\/uploads\/sites\/2\/2022\/08\/Logo-Pensionistenklubs-scaled-1.jpeg","contentUrl":"https:\/\/kwp.at\/pensionistenklubs\/wp-content\/uploads\/sites\/2\/2022\/08\/Logo-Pensionistenklubs-scaled-1.jpeg","width":2560,"height":610,"caption":"PensionistInnenklubs f\u00fcr die Stadt Wien"},"image":{"@id":"https:\/\/kwp.at\/pensionistenklubs\/#\/schema\/logo\/image\/"}},{"@type":"Person","@id":"https:\/\/kwp.at\/pensionistenklubs\/#\/schema\/person\/2a095936de309b7ef44c28d5b9cd16bd","name":"lmehl","image":{"@type":"ImageObject","inLanguage":"de","@id":"https:\/\/secure.gravatar.com\/avatar\/8ddf437c674abe66aa4e8d4218d4f3ea8b3304bb3973cd918eabac85e15b0f8c?s=96&d=mm&r=g","url":"https:\/\/secure.gravatar.com\/avatar\/8ddf437c674abe66aa4e8d4218d4f3ea8b3304bb3973cd918eabac85e15b0f8c?s=96&d=mm&r=g","contentUrl":"https:\/\/secure.gravatar.com\/avatar\/8ddf437c674abe66aa4e8d4218d4f3ea8b3304bb3973cd918eabac85e15b0f8c?s=96&d=mm&r=g","caption":"lmehl"}}]}},"_links":{"self":[{"href":"https:\/\/kwp.at\/pensionistenklubs\/wp-json\/wp\/v2\/posts\/20143","targetHints":{"allow":["GET"]}}],"collection":[{"href":"https:\/\/kwp.at\/pensionistenklubs\/wp-json\/wp\/v2\/posts"}],"about":[{"href":"https:\/\/kwp.at\/pensionistenklubs\/wp-json\/wp\/v2\/types\/post"}],"author":[{"embeddable":true,"href":"https:\/\/kwp.at\/pensionistenklubs\/wp-json\/wp\/v2\/users\/788"}],"replies":[{"embeddable":true,"href":"https:\/\/kwp.at\/pensionistenklubs\/wp-json\/wp\/v2\/comments?post=20143"}],"version-history":[{"count":10,"href":"https:\/\/kwp.at\/pensionistenklubs\/wp-json\/wp\/v2\/posts\/20143\/revisions"}],"predecessor-version":[{"id":20255,"href":"https:\/\/kwp.at\/pensionistenklubs\/wp-json\/wp\/v2\/posts\/20143\/revisions\/20255"}],"wp:featuredmedia":[{"embeddable":true,"href":"https:\/\/kwp.at\/pensionistenklubs\/wp-json\/wp\/v2\/media\/20149"}],"wp:attachment":[{"href":"https:\/\/kwp.at\/pensionistenklubs\/wp-json\/wp\/v2\/media?parent=20143"}],"wp:term":[{"taxonomy":"category","embeddable":true,"href":"https:\/\/kwp.at\/pensionistenklubs\/wp-json\/wp\/v2\/categories?post=20143"},{"taxonomy":"post_tag","embeddable":true,"href":"https:\/\/kwp.at\/pensionistenklubs\/wp-json\/wp\/v2\/tags?post=20143"}],"curies":[{"name":"wp","href":"https:\/\/api.w.org\/{rel}","templated":true}]}}