{"id":20108,"date":"2025-11-07T12:39:55","date_gmt":"2025-11-07T11:39:55","guid":{"rendered":"https:\/\/kwp.at\/pensionistenklubs\/?p=20108"},"modified":"2025-11-10T10:31:47","modified_gmt":"2025-11-10T09:31:47","slug":"neuer-generationen-treffpunkt-klub-all-in-village-3","status":"publish","type":"post","link":"https:\/\/kwp.at\/pensionistenklubs\/neuer-generationen-treffpunkt-klub-all-in-village-3\/","title":{"rendered":"Neuer Generationen-Treffpunkt: Klub+ All in Village 3"},"content":{"rendered":"\n<p><strong>Im dritten Wiener Gemeindebezirk gibt es ein neues Klublokal. Der Klub+ All in Village3 steht f\u00fcr eine gelebtes Miteinander aller Generationen.<\/strong><\/p>\n\n\n\n<p>Mit dem neuen Klubstandort <a href=\"https:\/\/kwp.at\/pensionistenklubs\/clubs\/ljuba-welitsch-promenade-12a-b\/\" target=\"_blank\" rel=\"noreferrer noopener\">Klub+ All in Village3<\/a> entsteht ab sofort ein neuer Ort f\u00fcr generationen\u00fcbergreifendes Miteinander im Herzen der Landstra\u00dfe \u2013 direkt an der Ljuba-Welitsch-Promenade 12A\/B. Unter dem Motto \u201eAll in Village\u201c bietet der Klub einen Ort der Begegnung, Bewegung und Nachhaltigkeit \u2013 f\u00fcr Kinder, Erwachsene und Senior*innen gleicherma\u00dfen. <\/p>\n\n\n\n<p>Im Fokus stehen zeitgem\u00e4\u00dfe Themen wie Mobilit\u00e4t in jedem Alter, ein nachhaltiger Lebensstil sowie das aktive Zusammenleben unterschiedlicher Generationen. Das Angebot reicht von Bewegungs- und Kreativformaten bis hin zu vielf\u00e4ltigen Freizeitaktivit\u00e4ten, die den Alltag bereichern und Gemeinschaft erlebbar machen. <\/p>\n\n\n\n<p>Zum Soft-Opening am 3. November 2025 luden Bezirksvorsteher Erich Hohenberger und Simon Bluma, stellvertretender Gesch\u00e4ftsf\u00fchrer der <a href=\"https:\/\/kwp.at\/\" target=\"_blank\" rel=\"noreferrer noopener\">H\u00e4user zum Leben<\/a>, zu einem ersten Kennenlernen ein. Die offizielle Er\u00f6ffnungsfeier in gr\u00f6\u00dferem Rahmen folgt am 22. J\u00e4nner 2026. <\/p>\n\n\n\n<blockquote class=\"wp-block-quote is-layout-flow wp-block-quote-is-layout-flow\">\n<p>Den Klubs ist es wichtig, Orte ohne Konsumzwang zu bieten.<\/p>\n<cite>Simon Bluma | Stellvertretender Gesch\u00e4ftsf\u00fchrer H\u00e4user zum Leben<\/cite><\/blockquote>\n\n\n\n<p>Bezirksvorsteher Erich Hohenberger zum neuen Standort: \u201eIch freue mich au\u00dferordentlich, dass die Pensionist*innen in diesem neuen Gr\u00e4tzl dieses helle, barrierefreie, moderne Klublokal als neuen Treffpunkt n\u00fctzen k\u00f6nnen.\u201c Simon Bluma erg\u00e4nzt: \u201eDen Klubs ist es wichtig, Orte ohne Konsumzwang f\u00fcr den Austausch und das Generationen-Miteinander zu bieten, in denen sich die Kreativit\u00e4t und die Lebensfreude von Senior*innen entfalten k\u00f6nnen.\u201c <\/p>\n\n\n\n<h2 class=\"wp-block-heading\">Beitrag zur Lebensqualit\u00e4t<\/h2>\n\n\n\n<p>Auch Sabine Hofer-Gruber, Senior*innenbeauftragte der Stadt Wien, zeigt sich vom neuen Standort begeistert: \u201eDer Bezirk Landstra\u00dfe und die Pensionist*innenklubs tragen mit diesem Ort der Begegnung wesentlich zur Lebensqualit\u00e4t und Fitness der Senior*innen im Gr\u00e4tzl bei!\u201c Mit dem Klub All in Village setzen die H\u00e4user zum Leben und die Pensionist*innenklubs f\u00fcr die Stadt Wien ein starkes Zeichen f\u00fcr gelebte Vielfalt, Offenheit und ein selbstbestimmtes Leben im Alter \u2013 gemeinsam mit allen Generationen!<\/p>\n\n\n\n<div class=\"alignnormal\"><div id=\"metaslider-id-20115\" style=\"width: 100%;\" class=\"ml-slider-3-107-0 metaslider metaslider-flex metaslider-20115 ml-slider has-dots-nav ms-theme-default-base\" role=\"region\" aria-label=\"Klub+ All in Village3, Soft Opening\" data-height=\"800\" data-width=\"700\">\n    <div id=\"metaslider_container_20115\">\n        <div id=\"metaslider_20115\">\n            <ul aria-live='off' class='slides'>\n                <li style=\"display: block; width: 100%;\" class=\"slide-20120 ms-image \" aria-roledescription=\"slide\" data-date=\"2025-11-07 12:38:01\" data-filename=\"klub-allin2.jpg\" data-slide-type=\"image\"><img loading=\"lazy\" decoding=\"async\" width=\"1800\" height=\"1200\" src=\"https:\/\/kwp.at\/pensionistenklubs\/wp-content\/uploads\/sites\/2\/2025\/11\/klub-allin2.jpg\" class=\"slider-20115 slide-20120 msDefaultImage\" alt=\"Mehrere Personen tanzen\" rel=\"\" title=\"klub allin2\" srcset=\"https:\/\/kwp.at\/pensionistenklubs\/wp-content\/uploads\/sites\/2\/2025\/11\/klub-allin2.jpg 1800w, https:\/\/kwp.at\/pensionistenklubs\/wp-content\/uploads\/sites\/2\/2025\/11\/klub-allin2-300x200.jpg 300w, https:\/\/kwp.at\/pensionistenklubs\/wp-content\/uploads\/sites\/2\/2025\/11\/klub-allin2-1024x683.jpg 1024w, https:\/\/kwp.at\/pensionistenklubs\/wp-content\/uploads\/sites\/2\/2025\/11\/klub-allin2-768x512.jpg 768w, https:\/\/kwp.at\/pensionistenklubs\/wp-content\/uploads\/sites\/2\/2025\/11\/klub-allin2-1536x1024.jpg 1536w, https:\/\/kwp.at\/pensionistenklubs\/wp-content\/uploads\/sites\/2\/2025\/11\/klub-allin2-317x211.jpg 317w, https:\/\/kwp.at\/pensionistenklubs\/wp-content\/uploads\/sites\/2\/2025\/11\/klub-allin2-648x432.jpg 648w, https:\/\/kwp.at\/pensionistenklubs\/wp-content\/uploads\/sites\/2\/2025\/11\/klub-allin2-1296x864.jpg 1296w\" sizes=\"auto, (max-width: 1800px) 100vw, 1800px\" \/><\/li>\n                <li style=\"display: none; width: 100%;\" class=\"slide-20121 ms-image \" aria-roledescription=\"slide\" data-date=\"2025-11-07 12:38:01\" data-filename=\"klub-allin3.jpg\" data-slide-type=\"image\"><img loading=\"lazy\" decoding=\"async\" width=\"1800\" height=\"1200\" src=\"https:\/\/kwp.at\/pensionistenklubs\/wp-content\/uploads\/sites\/2\/2025\/11\/klub-allin3.jpg\" class=\"slider-20115 slide-20121 msDefaultImage\" alt=\"Simon Bluma, stv. Gesch\u00e4ftsf\u00fchrer H\u00e4user zum Leben, Sabine Hofer-Gruber, Senior*innenbeauftragte der Stadt Wien, Melani Krizanac, zust\u00e4ndige Team-Leiterin Pensionist*innenklubs Landstra\u00dfe, Erich Hohenberger, Bezirksvorsteher\" rel=\"\" title=\"klub allin3\" srcset=\"https:\/\/kwp.at\/pensionistenklubs\/wp-content\/uploads\/sites\/2\/2025\/11\/klub-allin3.jpg 1800w, https:\/\/kwp.at\/pensionistenklubs\/wp-content\/uploads\/sites\/2\/2025\/11\/klub-allin3-300x200.jpg 300w, https:\/\/kwp.at\/pensionistenklubs\/wp-content\/uploads\/sites\/2\/2025\/11\/klub-allin3-1024x683.jpg 1024w, https:\/\/kwp.at\/pensionistenklubs\/wp-content\/uploads\/sites\/2\/2025\/11\/klub-allin3-768x512.jpg 768w, https:\/\/kwp.at\/pensionistenklubs\/wp-content\/uploads\/sites\/2\/2025\/11\/klub-allin3-1536x1024.jpg 1536w, https:\/\/kwp.at\/pensionistenklubs\/wp-content\/uploads\/sites\/2\/2025\/11\/klub-allin3-317x211.jpg 317w, https:\/\/kwp.at\/pensionistenklubs\/wp-content\/uploads\/sites\/2\/2025\/11\/klub-allin3-648x432.jpg 648w, https:\/\/kwp.at\/pensionistenklubs\/wp-content\/uploads\/sites\/2\/2025\/11\/klub-allin3-1296x864.jpg 1296w\" sizes=\"auto, (max-width: 1800px) 100vw, 1800px\" \/><\/li>\n                <li style=\"display: none; width: 100%;\" class=\"slide-20119 ms-image \" aria-roledescription=\"slide\" data-date=\"2025-11-07 12:38:01\" data-filename=\"klub-allin1.jpg\" data-slide-type=\"image\"><img loading=\"lazy\" decoding=\"async\" width=\"1657\" height=\"1127\" src=\"https:\/\/kwp.at\/pensionistenklubs\/wp-content\/uploads\/sites\/2\/2025\/11\/klub-allin1.jpg\" class=\"slider-20115 slide-20119 msDefaultImage\" alt=\"Gruppenbild von vielen Personen\" rel=\"\" title=\"klub allin1\" srcset=\"https:\/\/kwp.at\/pensionistenklubs\/wp-content\/uploads\/sites\/2\/2025\/11\/klub-allin1.jpg 1657w, https:\/\/kwp.at\/pensionistenklubs\/wp-content\/uploads\/sites\/2\/2025\/11\/klub-allin1-300x204.jpg 300w, https:\/\/kwp.at\/pensionistenklubs\/wp-content\/uploads\/sites\/2\/2025\/11\/klub-allin1-1024x696.jpg 1024w, https:\/\/kwp.at\/pensionistenklubs\/wp-content\/uploads\/sites\/2\/2025\/11\/klub-allin1-768x522.jpg 768w, https:\/\/kwp.at\/pensionistenklubs\/wp-content\/uploads\/sites\/2\/2025\/11\/klub-allin1-1536x1045.jpg 1536w, https:\/\/kwp.at\/pensionistenklubs\/wp-content\/uploads\/sites\/2\/2025\/11\/klub-allin1-317x216.jpg 317w, https:\/\/kwp.at\/pensionistenklubs\/wp-content\/uploads\/sites\/2\/2025\/11\/klub-allin1-648x441.jpg 648w, https:\/\/kwp.at\/pensionistenklubs\/wp-content\/uploads\/sites\/2\/2025\/11\/klub-allin1-1296x881.jpg 1296w\" sizes=\"auto, (max-width: 1657px) 100vw, 1657px\" \/><\/li>\n            <\/ul>\n        <\/div>\n        \n    <\/div>\n<\/div><\/div>\n\n\n\n<div style=\"background-color: #6669D1\" class=\"wp-block-kwp-blocks-infobox\"><h3>Klub+ All in Village 3, Offizielle Er\u00f6ffnung<\/h3><p>\n<p>22. J\u00e4nner 2026, 13:00 &#8211; 17:00 Uhr<\/p>\n\n\n\n<p>Buntes Programm, Getr\u00e4nke und Snacks<\/p>\n\n\n\n<p>Keine Anmeldung erforderlich. Kommen Sie einfach vorbei!<\/p>\n\n\n\n<p><a href=\"https:\/\/kwp.at\/pensionistenklubs\/clubs\/ljuba-welitsch-promenade-12a-b\/\" target=\"_blank\" rel=\"noreferrer noopener\">Mehr zum Klub+ All in Village3<\/a><\/p>\n<\/p><\/div>\n\n\n\n<p><\/p>\n","protected":false},"excerpt":{"rendered":"<p>Im dritten Wiener Gemeindebezirk gibt es ein neues Klublokal. Der Klub+ All in Village3 steht f\u00fcr eine gelebtes Miteinander aller Generationen.<\/p>\n","protected":false},"author":10,"featured_media":20114,"comment_status":"closed","ping_status":"closed","sticky":false,"template":"","format":"standard","meta":{"_acf_changed":false,"footnotes":""},"categories":[1,22],"tags":[],"class_list":["post-20108","post","type-post","status-publish","format-standard","has-post-thumbnail","hentry","category-allgemein","category-willkommen-im-klub"],"acf":[],"yoast_head":"<!-- This site is optimized with the Yoast SEO plugin v27.4 - https:\/\/yoast.com\/product\/yoast-seo-wordpress\/ -->\n<title>Neuer Generationen-Treffpunkt: Klub+ All in Village 3 - Pensionist*innenklubs<\/title>\n<meta name=\"description\" content=\"Im dritten Wiener Gemeindebezirk gibt es ein neues Klublokal. Der Klub+ All in Village3 steht f\u00fcr eine gelebtes Miteinander aller Generationen.\" \/>\n<meta name=\"robots\" content=\"index, follow, max-snippet:-1, max-image-preview:large, max-video-preview:-1\" \/>\n<link rel=\"canonical\" href=\"https:\/\/kwp.at\/pensionistenklubs\/neuer-generationen-treffpunkt-klub-all-in-village-3\/\" \/>\n<meta property=\"og:locale\" content=\"de_DE\" \/>\n<meta property=\"og:type\" content=\"article\" \/>\n<meta property=\"og:title\" content=\"Neuer Generationen-Treffpunkt: Klub+ All in Village 3 - Pensionist*innenklubs\" \/>\n<meta property=\"og:description\" content=\"Im dritten Wiener Gemeindebezirk gibt es ein neues Klublokal. Der Klub+ All in Village3 steht f\u00fcr eine gelebtes Miteinander aller Generationen.\" \/>\n<meta property=\"og:url\" content=\"https:\/\/kwp.at\/pensionistenklubs\/neuer-generationen-treffpunkt-klub-all-in-village-3\/\" \/>\n<meta property=\"og:site_name\" content=\"Pensionist*innenklubs\" \/>\n<meta property=\"article:published_time\" content=\"2025-11-07T11:39:55+00:00\" \/>\n<meta property=\"article:modified_time\" content=\"2025-11-10T09:31:47+00:00\" \/>\n<meta property=\"og:image\" content=\"https:\/\/kwp.at\/pensionistenklubs\/wp-content\/uploads\/sites\/2\/2025\/11\/klub-all-in-village_auf-e1762515139785.jpg\" \/>\n\t<meta property=\"og:image:width\" content=\"1800\" \/>\n\t<meta property=\"og:image:height\" content=\"894\" \/>\n\t<meta property=\"og:image:type\" content=\"image\/jpeg\" \/>\n<meta name=\"author\" content=\"mkteam\" \/>\n<meta name=\"twitter:card\" content=\"summary_large_image\" \/>\n<meta name=\"twitter:label1\" content=\"Geschrieben von\" \/>\n\t<meta name=\"twitter:data1\" content=\"mkteam\" \/>\n\t<meta name=\"twitter:label2\" content=\"Gesch\u00e4tzte Lesezeit\" \/>\n\t<meta name=\"twitter:data2\" content=\"2\u00a0Minuten\" \/>\n<script type=\"application\/ld+json\" class=\"yoast-schema-graph\">{\"@context\":\"https:\\\/\\\/schema.org\",\"@graph\":[{\"@type\":\"Article\",\"@id\":\"https:\\\/\\\/kwp.at\\\/pensionistenklubs\\\/neuer-generationen-treffpunkt-klub-all-in-village-3\\\/#article\",\"isPartOf\":{\"@id\":\"https:\\\/\\\/kwp.at\\\/pensionistenklubs\\\/neuer-generationen-treffpunkt-klub-all-in-village-3\\\/\"},\"author\":{\"name\":\"mkteam\",\"@id\":\"https:\\\/\\\/kwp.at\\\/pensionistenklubs\\\/#\\\/schema\\\/person\\\/8c6edf17873d744273376c286447f2fd\"},\"headline\":\"Neuer Generationen-Treffpunkt: Klub+ All in Village 3\",\"datePublished\":\"2025-11-07T11:39:55+00:00\",\"dateModified\":\"2025-11-10T09:31:47+00:00\",\"mainEntityOfPage\":{\"@id\":\"https:\\\/\\\/kwp.at\\\/pensionistenklubs\\\/neuer-generationen-treffpunkt-klub-all-in-village-3\\\/\"},\"wordCount\":367,\"publisher\":{\"@id\":\"https:\\\/\\\/kwp.at\\\/pensionistenklubs\\\/#organization\"},\"image\":{\"@id\":\"https:\\\/\\\/kwp.at\\\/pensionistenklubs\\\/neuer-generationen-treffpunkt-klub-all-in-village-3\\\/#primaryimage\"},\"thumbnailUrl\":\"https:\\\/\\\/kwp.at\\\/pensionistenklubs\\\/wp-content\\\/uploads\\\/sites\\\/2\\\/2025\\\/11\\\/klub-all-in-village_auf-e1762515139785.jpg\",\"articleSection\":{\"1\":\"Willkommen im Klub\"},\"inLanguage\":\"de\"},{\"@type\":\"WebPage\",\"@id\":\"https:\\\/\\\/kwp.at\\\/pensionistenklubs\\\/neuer-generationen-treffpunkt-klub-all-in-village-3\\\/\",\"url\":\"https:\\\/\\\/kwp.at\\\/pensionistenklubs\\\/neuer-generationen-treffpunkt-klub-all-in-village-3\\\/\",\"name\":\"Neuer Generationen-Treffpunkt: Klub+ All in Village 3 - Pensionist*innenklubs\",\"isPartOf\":{\"@id\":\"https:\\\/\\\/kwp.at\\\/pensionistenklubs\\\/#website\"},\"primaryImageOfPage\":{\"@id\":\"https:\\\/\\\/kwp.at\\\/pensionistenklubs\\\/neuer-generationen-treffpunkt-klub-all-in-village-3\\\/#primaryimage\"},\"image\":{\"@id\":\"https:\\\/\\\/kwp.at\\\/pensionistenklubs\\\/neuer-generationen-treffpunkt-klub-all-in-village-3\\\/#primaryimage\"},\"thumbnailUrl\":\"https:\\\/\\\/kwp.at\\\/pensionistenklubs\\\/wp-content\\\/uploads\\\/sites\\\/2\\\/2025\\\/11\\\/klub-all-in-village_auf-e1762515139785.jpg\",\"datePublished\":\"2025-11-07T11:39:55+00:00\",\"dateModified\":\"2025-11-10T09:31:47+00:00\",\"description\":\"Im dritten Wiener Gemeindebezirk gibt es ein neues Klublokal. Der Klub+ All in Village3 steht f\u00fcr eine gelebtes Miteinander aller Generationen.\",\"inLanguage\":\"de\",\"potentialAction\":[{\"@type\":\"ReadAction\",\"target\":[\"https:\\\/\\\/kwp.at\\\/pensionistenklubs\\\/neuer-generationen-treffpunkt-klub-all-in-village-3\\\/\"]}]},{\"@type\":\"ImageObject\",\"inLanguage\":\"de\",\"@id\":\"https:\\\/\\\/kwp.at\\\/pensionistenklubs\\\/neuer-generationen-treffpunkt-klub-all-in-village-3\\\/#primaryimage\",\"url\":\"https:\\\/\\\/kwp.at\\\/pensionistenklubs\\\/wp-content\\\/uploads\\\/sites\\\/2\\\/2025\\\/11\\\/klub-all-in-village_auf-e1762515139785.jpg\",\"contentUrl\":\"https:\\\/\\\/kwp.at\\\/pensionistenklubs\\\/wp-content\\\/uploads\\\/sites\\\/2\\\/2025\\\/11\\\/klub-all-in-village_auf-e1762515139785.jpg\",\"width\":1800,\"height\":894,\"caption\":\"Zwei Seniorinnen und ein j\u00fcngerer Mann mit Kappe und lustigem T-Shirt it Handys.\"},{\"@type\":\"WebSite\",\"@id\":\"https:\\\/\\\/kwp.at\\\/pensionistenklubs\\\/#website\",\"url\":\"https:\\\/\\\/kwp.at\\\/pensionistenklubs\\\/\",\"name\":\"Pensionist*innenklubs\",\"description\":\"F\u00fcr die Stadt Wien\",\"publisher\":{\"@id\":\"https:\\\/\\\/kwp.at\\\/pensionistenklubs\\\/#organization\"},\"potentialAction\":[{\"@type\":\"SearchAction\",\"target\":{\"@type\":\"EntryPoint\",\"urlTemplate\":\"https:\\\/\\\/kwp.at\\\/pensionistenklubs\\\/?s={search_term_string}\"},\"query-input\":{\"@type\":\"PropertyValueSpecification\",\"valueRequired\":true,\"valueName\":\"search_term_string\"}}],\"inLanguage\":\"de\"},{\"@type\":\"Organization\",\"@id\":\"https:\\\/\\\/kwp.at\\\/pensionistenklubs\\\/#organization\",\"name\":\"PensionistInnenklubs f\u00fcr die Stadt Wien\",\"url\":\"https:\\\/\\\/kwp.at\\\/pensionistenklubs\\\/\",\"logo\":{\"@type\":\"ImageObject\",\"inLanguage\":\"de\",\"@id\":\"https:\\\/\\\/kwp.at\\\/pensionistenklubs\\\/#\\\/schema\\\/logo\\\/image\\\/\",\"url\":\"https:\\\/\\\/kwp.at\\\/pensionistenklubs\\\/wp-content\\\/uploads\\\/sites\\\/2\\\/2022\\\/08\\\/Logo-Pensionistenklubs-scaled-1.jpeg\",\"contentUrl\":\"https:\\\/\\\/kwp.at\\\/pensionistenklubs\\\/wp-content\\\/uploads\\\/sites\\\/2\\\/2022\\\/08\\\/Logo-Pensionistenklubs-scaled-1.jpeg\",\"width\":2560,\"height\":610,\"caption\":\"PensionistInnenklubs f\u00fcr die Stadt Wien\"},\"image\":{\"@id\":\"https:\\\/\\\/kwp.at\\\/pensionistenklubs\\\/#\\\/schema\\\/logo\\\/image\\\/\"}},{\"@type\":\"Person\",\"@id\":\"https:\\\/\\\/kwp.at\\\/pensionistenklubs\\\/#\\\/schema\\\/person\\\/8c6edf17873d744273376c286447f2fd\",\"name\":\"mkteam\",\"image\":{\"@type\":\"ImageObject\",\"inLanguage\":\"de\",\"@id\":\"https:\\\/\\\/secure.gravatar.com\\\/avatar\\\/5b85da3e8242fed05ef02f007f24fae76ef0d22dc496c6d4dd9a210bcd106db2?s=96&d=mm&r=g\",\"url\":\"https:\\\/\\\/secure.gravatar.com\\\/avatar\\\/5b85da3e8242fed05ef02f007f24fae76ef0d22dc496c6d4dd9a210bcd106db2?s=96&d=mm&r=g\",\"contentUrl\":\"https:\\\/\\\/secure.gravatar.com\\\/avatar\\\/5b85da3e8242fed05ef02f007f24fae76ef0d22dc496c6d4dd9a210bcd106db2?s=96&d=mm&r=g\",\"caption\":\"mkteam\"}}]}<\/script>\n<!-- \/ Yoast SEO plugin. -->","yoast_head_json":{"title":"Neuer Generationen-Treffpunkt: Klub+ All in Village 3 - Pensionist*innenklubs","description":"Im dritten Wiener Gemeindebezirk gibt es ein neues Klublokal. Der Klub+ All in Village3 steht f\u00fcr eine gelebtes Miteinander aller Generationen.","robots":{"index":"index","follow":"follow","max-snippet":"max-snippet:-1","max-image-preview":"max-image-preview:large","max-video-preview":"max-video-preview:-1"},"canonical":"https:\/\/kwp.at\/pensionistenklubs\/neuer-generationen-treffpunkt-klub-all-in-village-3\/","og_locale":"de_DE","og_type":"article","og_title":"Neuer Generationen-Treffpunkt: Klub+ All in Village 3 - Pensionist*innenklubs","og_description":"Im dritten Wiener Gemeindebezirk gibt es ein neues Klublokal. Der Klub+ All in Village3 steht f\u00fcr eine gelebtes Miteinander aller Generationen.","og_url":"https:\/\/kwp.at\/pensionistenklubs\/neuer-generationen-treffpunkt-klub-all-in-village-3\/","og_site_name":"Pensionist*innenklubs","article_published_time":"2025-11-07T11:39:55+00:00","article_modified_time":"2025-11-10T09:31:47+00:00","og_image":[{"width":1800,"height":894,"url":"https:\/\/kwp.at\/pensionistenklubs\/wp-content\/uploads\/sites\/2\/2025\/11\/klub-all-in-village_auf-e1762515139785.jpg","type":"image\/jpeg"}],"author":"mkteam","twitter_card":"summary_large_image","twitter_misc":{"Geschrieben von":"mkteam","Gesch\u00e4tzte Lesezeit":"2\u00a0Minuten"},"schema":{"@context":"https:\/\/schema.org","@graph":[{"@type":"Article","@id":"https:\/\/kwp.at\/pensionistenklubs\/neuer-generationen-treffpunkt-klub-all-in-village-3\/#article","isPartOf":{"@id":"https:\/\/kwp.at\/pensionistenklubs\/neuer-generationen-treffpunkt-klub-all-in-village-3\/"},"author":{"name":"mkteam","@id":"https:\/\/kwp.at\/pensionistenklubs\/#\/schema\/person\/8c6edf17873d744273376c286447f2fd"},"headline":"Neuer Generationen-Treffpunkt: Klub+ All in Village 3","datePublished":"2025-11-07T11:39:55+00:00","dateModified":"2025-11-10T09:31:47+00:00","mainEntityOfPage":{"@id":"https:\/\/kwp.at\/pensionistenklubs\/neuer-generationen-treffpunkt-klub-all-in-village-3\/"},"wordCount":367,"publisher":{"@id":"https:\/\/kwp.at\/pensionistenklubs\/#organization"},"image":{"@id":"https:\/\/kwp.at\/pensionistenklubs\/neuer-generationen-treffpunkt-klub-all-in-village-3\/#primaryimage"},"thumbnailUrl":"https:\/\/kwp.at\/pensionistenklubs\/wp-content\/uploads\/sites\/2\/2025\/11\/klub-all-in-village_auf-e1762515139785.jpg","articleSection":{"1":"Willkommen im Klub"},"inLanguage":"de"},{"@type":"WebPage","@id":"https:\/\/kwp.at\/pensionistenklubs\/neuer-generationen-treffpunkt-klub-all-in-village-3\/","url":"https:\/\/kwp.at\/pensionistenklubs\/neuer-generationen-treffpunkt-klub-all-in-village-3\/","name":"Neuer Generationen-Treffpunkt: Klub+ All in Village 3 - Pensionist*innenklubs","isPartOf":{"@id":"https:\/\/kwp.at\/pensionistenklubs\/#website"},"primaryImageOfPage":{"@id":"https:\/\/kwp.at\/pensionistenklubs\/neuer-generationen-treffpunkt-klub-all-in-village-3\/#primaryimage"},"image":{"@id":"https:\/\/kwp.at\/pensionistenklubs\/neuer-generationen-treffpunkt-klub-all-in-village-3\/#primaryimage"},"thumbnailUrl":"https:\/\/kwp.at\/pensionistenklubs\/wp-content\/uploads\/sites\/2\/2025\/11\/klub-all-in-village_auf-e1762515139785.jpg","datePublished":"2025-11-07T11:39:55+00:00","dateModified":"2025-11-10T09:31:47+00:00","description":"Im dritten Wiener Gemeindebezirk gibt es ein neues Klublokal. Der Klub+ All in Village3 steht f\u00fcr eine gelebtes Miteinander aller Generationen.","inLanguage":"de","potentialAction":[{"@type":"ReadAction","target":["https:\/\/kwp.at\/pensionistenklubs\/neuer-generationen-treffpunkt-klub-all-in-village-3\/"]}]},{"@type":"ImageObject","inLanguage":"de","@id":"https:\/\/kwp.at\/pensionistenklubs\/neuer-generationen-treffpunkt-klub-all-in-village-3\/#primaryimage","url":"https:\/\/kwp.at\/pensionistenklubs\/wp-content\/uploads\/sites\/2\/2025\/11\/klub-all-in-village_auf-e1762515139785.jpg","contentUrl":"https:\/\/kwp.at\/pensionistenklubs\/wp-content\/uploads\/sites\/2\/2025\/11\/klub-all-in-village_auf-e1762515139785.jpg","width":1800,"height":894,"caption":"Zwei Seniorinnen und ein j\u00fcngerer Mann mit Kappe und lustigem T-Shirt it Handys."},{"@type":"WebSite","@id":"https:\/\/kwp.at\/pensionistenklubs\/#website","url":"https:\/\/kwp.at\/pensionistenklubs\/","name":"Pensionist*innenklubs","description":"F\u00fcr die Stadt Wien","publisher":{"@id":"https:\/\/kwp.at\/pensionistenklubs\/#organization"},"potentialAction":[{"@type":"SearchAction","target":{"@type":"EntryPoint","urlTemplate":"https:\/\/kwp.at\/pensionistenklubs\/?s={search_term_string}"},"query-input":{"@type":"PropertyValueSpecification","valueRequired":true,"valueName":"search_term_string"}}],"inLanguage":"de"},{"@type":"Organization","@id":"https:\/\/kwp.at\/pensionistenklubs\/#organization","name":"PensionistInnenklubs f\u00fcr die Stadt Wien","url":"https:\/\/kwp.at\/pensionistenklubs\/","logo":{"@type":"ImageObject","inLanguage":"de","@id":"https:\/\/kwp.at\/pensionistenklubs\/#\/schema\/logo\/image\/","url":"https:\/\/kwp.at\/pensionistenklubs\/wp-content\/uploads\/sites\/2\/2022\/08\/Logo-Pensionistenklubs-scaled-1.jpeg","contentUrl":"https:\/\/kwp.at\/pensionistenklubs\/wp-content\/uploads\/sites\/2\/2022\/08\/Logo-Pensionistenklubs-scaled-1.jpeg","width":2560,"height":610,"caption":"PensionistInnenklubs f\u00fcr die Stadt Wien"},"image":{"@id":"https:\/\/kwp.at\/pensionistenklubs\/#\/schema\/logo\/image\/"}},{"@type":"Person","@id":"https:\/\/kwp.at\/pensionistenklubs\/#\/schema\/person\/8c6edf17873d744273376c286447f2fd","name":"mkteam","image":{"@type":"ImageObject","inLanguage":"de","@id":"https:\/\/secure.gravatar.com\/avatar\/5b85da3e8242fed05ef02f007f24fae76ef0d22dc496c6d4dd9a210bcd106db2?s=96&d=mm&r=g","url":"https:\/\/secure.gravatar.com\/avatar\/5b85da3e8242fed05ef02f007f24fae76ef0d22dc496c6d4dd9a210bcd106db2?s=96&d=mm&r=g","contentUrl":"https:\/\/secure.gravatar.com\/avatar\/5b85da3e8242fed05ef02f007f24fae76ef0d22dc496c6d4dd9a210bcd106db2?s=96&d=mm&r=g","caption":"mkteam"}}]}},"_links":{"self":[{"href":"https:\/\/kwp.at\/pensionistenklubs\/wp-json\/wp\/v2\/posts\/20108","targetHints":{"allow":["GET"]}}],"collection":[{"href":"https:\/\/kwp.at\/pensionistenklubs\/wp-json\/wp\/v2\/posts"}],"about":[{"href":"https:\/\/kwp.at\/pensionistenklubs\/wp-json\/wp\/v2\/types\/post"}],"author":[{"embeddable":true,"href":"https:\/\/kwp.at\/pensionistenklubs\/wp-json\/wp\/v2\/users\/10"}],"replies":[{"embeddable":true,"href":"https:\/\/kwp.at\/pensionistenklubs\/wp-json\/wp\/v2\/comments?post=20108"}],"version-history":[{"count":7,"href":"https:\/\/kwp.at\/pensionistenklubs\/wp-json\/wp\/v2\/posts\/20108\/revisions"}],"predecessor-version":[{"id":20140,"href":"https:\/\/kwp.at\/pensionistenklubs\/wp-json\/wp\/v2\/posts\/20108\/revisions\/20140"}],"wp:featuredmedia":[{"embeddable":true,"href":"https:\/\/kwp.at\/pensionistenklubs\/wp-json\/wp\/v2\/media\/20114"}],"wp:attachment":[{"href":"https:\/\/kwp.at\/pensionistenklubs\/wp-json\/wp\/v2\/media?parent=20108"}],"wp:term":[{"taxonomy":"category","embeddable":true,"href":"https:\/\/kwp.at\/pensionistenklubs\/wp-json\/wp\/v2\/categories?post=20108"},{"taxonomy":"post_tag","embeddable":true,"href":"https:\/\/kwp.at\/pensionistenklubs\/wp-json\/wp\/v2\/tags?post=20108"}],"curies":[{"name":"wp","href":"https:\/\/api.w.org\/{rel}","templated":true}]}}