{"id":19877,"date":"2025-10-02T08:30:18","date_gmt":"2025-10-02T06:30:18","guid":{"rendered":"https:\/\/kwp.at\/pensionistenklubs\/?p=19877"},"modified":"2025-11-28T10:36:19","modified_gmt":"2025-11-28T09:36:19","slug":"das-frauencafe-von-frauen-fuer-alle","status":"publish","type":"post","link":"https:\/\/kwp.at\/pensionistenklubs\/das-frauencafe-von-frauen-fuer-alle\/","title":{"rendered":"Das Mixed* Caf\u00e9 f\u00fcr alle!"},"content":{"rendered":"\n<p><strong>Das Mixed* Caf\u00e9 im Klub Karl-Mei\u00dfl Stra\u00dfe 11<\/strong> <strong>ist ein intergenerativer Treffpunkt, der von Frauen* aus den Klubs und aus dem umliegenden Gr\u00e4tzl organisiert und gestaltet wird. An den Treffen teilnehmen k\u00f6nnen freilich alle Interessierten. <\/strong><\/p>\n\n\n\n<p>Beim Mixed* Caf\u00e9 im Klub Karl-Mei\u00dfl Stra\u00dfe 11 treffen Menschen unterschielicher Generationen und kultureller Herkunft aufeinander. Geplant und organisiert werden die Treffen von Frauen* aus dem Klub und Damen* aus dem umliegenden Gr\u00e4tzl. Auch Fachexpert*innen oder Kooperationspartner*innen aus unterschiedliche Bereichen sind hier regelm\u00e4\u00dfig zu Gast. So entsteht ein buntes Programmangebot, das sich an alle interessierten Personen richtet &#8211; unabh\u00e4ngig von Alter, Herkunft oder geschlechtlicher Identit\u00e4t.<\/p>\n\n\n\n<p>Bei jedem Treffen finden besondere Aktivit\u00e4ten, Ausfl\u00fcge und Veranstaltungen zu unterschiedlichen Themen statt. Das Programm geht dabei besonders auf die pers\u00f6nlichen Interessen der Teilnehmer*innen ein und bietet regelm\u00e4\u00dfig abwechslungsreiche Exkursionen, Workshops oder Vortr\u00e4ge.&nbsp;<\/p>\n\n\n\n<p>Eine Besucher*in des Mixed Caf\u00e9s berichtet:<\/p>\n\n\n\n<blockquote class=\"wp-block-quote is-layout-flow wp-block-quote-is-layout-flow\">\n<p><em>Im Mixed* Caf\u00e9 haben wir Zeit f\u00fcr\u00a0uns selbst und tauschen uns in einem gesch\u00fctzten Raum mit anderen aus. Hier kann ich, ich selbst sein. Wir lachen viel gemeinsam und lernen voneinander, sind solidarisch und unterst\u00fctzen einander! Hier steigen wir alle f\u00fcr einen kurzen Moment aus dem Alltag aus und kommen wieder ein St\u00fcck weit mit uns selbst in Verbindung. Dabei kn\u00fcpfen wir auch neue Freundschaften.<\/em><\/p>\n<\/blockquote>\n\n\n\n<div style=\"background-color: #D129A1\" class=\"wp-block-kwp-blocks-infobox\"><h3>Neue Termine im Herbst und Winter 2025<\/h3><p>\n<ul class=\"wp-block-list\">\n<li>2. Oktober, 14:00-16:00 Uhr<br>\u201eLiving Books\u201c mit Corona Gsteu: Besucher*innen werden zu \u201elebendigen B\u00fcchern\u201c und erz\u00e4hlen Pers\u00f6nliches.<\/li>\n<\/ul>\n\n\n\n<ul class=\"wp-block-list\">\n<li>9. Oktober, 14:00-16:00 Uhr<br>Lesung \u201eMiss Mojito\u201c von Mag. a Sylvia K\u00f6berl-Rief &#8211; witzig spritziger, spannender Roman und \u201eder Schwalbenf\u00e4nger\u201c von Mag. Lukas Reiff &#8211; der erste Fall Karl Morgentau<\/li>\n<\/ul>\n\n\n\n<ul class=\"wp-block-list\">\n<li>23. Oktober, 14:00-16:00 Uhr <br>Foto-Workshop mit Fotografin Catherine Ebser: \u201eSichtbar im Alter\u201c Mut zu Farbe und Ausdruck. Wer sagt, dass es im Alter Regeln gibt, wie man sich zu zeigen hat? <\/li>\n<\/ul>\n\n\n\n<ul class=\"wp-block-list\">\n<li>30. Oktober, 14:00-16:00 Uhr <br>Lesung von DI.in FH Claudia Maria Stahl: Claudia liest aus ihren B\u00fcchern \u201eKommst Du mit? Briefe an die beste Freundin\u201c und \u201eSeelenr\u00e4ume entdecken\u201c<\/li>\n<\/ul>\n\n\n\n<ul class=\"wp-block-list\">\n<li>6. November, 14:00-16:00 Uhr <br>\u201cCOOLEURS\u201c Upcycling-Kunst mit Grafikerin Sandrina Rausch: Aus Klopapierrollen und K\u00fcchenrollenresten entsteht ein neues Gemeinschaftskunstwerk.<\/li>\n<\/ul>\n\n\n\n<ul class=\"wp-block-list\">\n<li>20. November, 14:00-16:00 Uhr <br>Anh\u00e4nger aus Filz- selbst designen und n\u00e4hen mit Ingrid Hannes: Unter der Anleitung von Profi Ingrid, gestalten und n\u00e4hen wir vorweihnachtliche Anh\u00e4nger aus Filz. <\/li>\n<\/ul>\n\n\n\n<ul class=\"wp-block-list\">\n<li>27. November, 14:00-16:00 Uhr <br>Adventkranz Binden mit Claudia H\u00f6rl: Unter der fachlichen Expertise von Claudia hat jede*r Besucher*in die M\u00f6glichkeit einen eigenen Kranz mit pers\u00f6nlicher Note zu gestalten.<\/li>\n<\/ul>\n\n\n\n<ul class=\"wp-block-list\">\n<li>4. Dezember, 13:00-15:00 Uhr <br>Generations\u00fcbergreifender Mini-Lyrikworkshop f\u00fcr&nbsp;Gro\u00df und Klein mit Mag. a phil. Franziska Bauer (Kinder ab 8 Jahren sind in Begleitung ihrer Eltern oder Gro\u00dfeltern herzlich willkommen) mit anschlie\u00dfender Pr\u00e4sentation der erarbeiteten Texte durch die Teilnehmenden.&nbsp;<\/li>\n<\/ul>\n\n\n\n<ul class=\"wp-block-list\">\n<li>11. Dezember, 13:00-15:00 Uhr <br>Wintermarkt &#8211; Kreativ und Designmarkt: Vorweihnachtliches Get Together mit Punsch und Keksen<\/li>\n<\/ul>\n\n\n\n<ul class=\"wp-block-list\">\n<li>18. Dezember, 14:00-15:00 Uhr <br>&#8222;K\u00f6rpersprache von Katzen lesen lernen&#8220;. Mit der Katzensprache auf Du und Du mit Sandra Lackner von <a href=\"https:\/\/sancat.at\/\" target=\"_blank\" rel=\"noreferrer noopener\">sancat<\/a>.<\/li>\n<\/ul>\n\n\n\n<p><\/p>\n\n\n\n<p><strong>Wo:<\/strong> Klub Karl-Mei\u00dfl Stra\u00dfe 11, 1200 Wien<\/p>\n<\/p><\/div>\n","protected":false},"excerpt":{"rendered":"<p>Das Mixed* Cafe im Klub Karl-Mei\u00dfl Stra\u00dfe 11 ist ein intergenerativer Treffpunkt, der von Frauen* aus den Klubs und aus dem umliegenden Gr\u00e4tzl organisiert und gestaltet wird. An den Treffen teilnehmen k\u00f6nnen freilich alle Interessierten. <\/p>\n","protected":false},"author":10,"featured_media":16025,"comment_status":"closed","ping_status":"closed","sticky":false,"template":"","format":"standard","meta":{"_acf_changed":false,"footnotes":""},"categories":[1,22],"tags":[],"class_list":["post-19877","post","type-post","status-publish","format-standard","has-post-thumbnail","hentry","category-allgemein","category-willkommen-im-klub"],"acf":[],"yoast_head":"<!-- This site is optimized with the Yoast SEO plugin v27.4 - https:\/\/yoast.com\/product\/yoast-seo-wordpress\/ -->\n<title>Das Mixed* Caf\u00e9 f\u00fcr alle! - Pensionist*innenklubs<\/title>\n<meta name=\"description\" content=\"Das Frauencaf\u00e9 wird von Frauen aus den Klubs und aus dem umliegenden Gr\u00e4tzl organisiert und gestaltet wird. An den Treffen teilnehmen k\u00f6nnen alle.\" \/>\n<meta name=\"robots\" content=\"index, follow, max-snippet:-1, max-image-preview:large, max-video-preview:-1\" \/>\n<link rel=\"canonical\" href=\"https:\/\/kwp.at\/pensionistenklubs\/das-frauencafe-von-frauen-fuer-alle\/\" \/>\n<meta property=\"og:locale\" content=\"de_DE\" \/>\n<meta property=\"og:type\" content=\"article\" \/>\n<meta property=\"og:title\" content=\"Das Mixed* Caf\u00e9 f\u00fcr alle! - Pensionist*innenklubs\" \/>\n<meta property=\"og:description\" content=\"Das Frauencaf\u00e9 wird von Frauen aus den Klubs und aus dem umliegenden Gr\u00e4tzl organisiert und gestaltet wird. An den Treffen teilnehmen k\u00f6nnen alle.\" \/>\n<meta property=\"og:url\" content=\"https:\/\/kwp.at\/pensionistenklubs\/das-frauencafe-von-frauen-fuer-alle\/\" \/>\n<meta property=\"og:site_name\" content=\"Pensionist*innenklubs\" \/>\n<meta property=\"article:published_time\" content=\"2025-10-02T06:30:18+00:00\" \/>\n<meta property=\"article:modified_time\" content=\"2025-11-28T09:36:19+00:00\" \/>\n<meta property=\"og:image\" content=\"https:\/\/kwp.at\/pensionistenklubs\/wp-content\/uploads\/sites\/2\/2024\/07\/Design_ohne_Titel_3.jpg\" \/>\n\t<meta property=\"og:image:width\" content=\"1200\" \/>\n\t<meta property=\"og:image:height\" content=\"500\" \/>\n\t<meta property=\"og:image:type\" content=\"image\/jpeg\" \/>\n<meta name=\"author\" content=\"mkteam\" \/>\n<meta name=\"twitter:card\" content=\"summary_large_image\" \/>\n<meta name=\"twitter:label1\" content=\"Geschrieben von\" \/>\n\t<meta name=\"twitter:data1\" content=\"mkteam\" \/>\n\t<meta name=\"twitter:label2\" content=\"Gesch\u00e4tzte Lesezeit\" \/>\n\t<meta name=\"twitter:data2\" content=\"3\u00a0Minuten\" \/>\n<script type=\"application\/ld+json\" class=\"yoast-schema-graph\">{\"@context\":\"https:\\\/\\\/schema.org\",\"@graph\":[{\"@type\":\"Article\",\"@id\":\"https:\\\/\\\/kwp.at\\\/pensionistenklubs\\\/das-frauencafe-von-frauen-fuer-alle\\\/#article\",\"isPartOf\":{\"@id\":\"https:\\\/\\\/kwp.at\\\/pensionistenklubs\\\/das-frauencafe-von-frauen-fuer-alle\\\/\"},\"author\":{\"name\":\"mkteam\",\"@id\":\"https:\\\/\\\/kwp.at\\\/pensionistenklubs\\\/#\\\/schema\\\/person\\\/8c6edf17873d744273376c286447f2fd\"},\"headline\":\"Das Mixed* Caf\u00e9 f\u00fcr alle!\",\"datePublished\":\"2025-10-02T06:30:18+00:00\",\"dateModified\":\"2025-11-28T09:36:19+00:00\",\"mainEntityOfPage\":{\"@id\":\"https:\\\/\\\/kwp.at\\\/pensionistenklubs\\\/das-frauencafe-von-frauen-fuer-alle\\\/\"},\"wordCount\":518,\"publisher\":{\"@id\":\"https:\\\/\\\/kwp.at\\\/pensionistenklubs\\\/#organization\"},\"image\":{\"@id\":\"https:\\\/\\\/kwp.at\\\/pensionistenklubs\\\/das-frauencafe-von-frauen-fuer-alle\\\/#primaryimage\"},\"thumbnailUrl\":\"https:\\\/\\\/kwp.at\\\/pensionistenklubs\\\/wp-content\\\/uploads\\\/sites\\\/2\\\/2024\\\/07\\\/Design_ohne_Titel_3.jpg\",\"articleSection\":{\"1\":\"Willkommen im Klub\"},\"inLanguage\":\"de\"},{\"@type\":\"WebPage\",\"@id\":\"https:\\\/\\\/kwp.at\\\/pensionistenklubs\\\/das-frauencafe-von-frauen-fuer-alle\\\/\",\"url\":\"https:\\\/\\\/kwp.at\\\/pensionistenklubs\\\/das-frauencafe-von-frauen-fuer-alle\\\/\",\"name\":\"Das Mixed* Caf\u00e9 f\u00fcr alle! - Pensionist*innenklubs\",\"isPartOf\":{\"@id\":\"https:\\\/\\\/kwp.at\\\/pensionistenklubs\\\/#website\"},\"primaryImageOfPage\":{\"@id\":\"https:\\\/\\\/kwp.at\\\/pensionistenklubs\\\/das-frauencafe-von-frauen-fuer-alle\\\/#primaryimage\"},\"image\":{\"@id\":\"https:\\\/\\\/kwp.at\\\/pensionistenklubs\\\/das-frauencafe-von-frauen-fuer-alle\\\/#primaryimage\"},\"thumbnailUrl\":\"https:\\\/\\\/kwp.at\\\/pensionistenklubs\\\/wp-content\\\/uploads\\\/sites\\\/2\\\/2024\\\/07\\\/Design_ohne_Titel_3.jpg\",\"datePublished\":\"2025-10-02T06:30:18+00:00\",\"dateModified\":\"2025-11-28T09:36:19+00:00\",\"description\":\"Das Frauencaf\u00e9 wird von Frauen aus den Klubs und aus dem umliegenden Gr\u00e4tzl organisiert und gestaltet wird. An den Treffen teilnehmen k\u00f6nnen alle.\",\"inLanguage\":\"de\",\"potentialAction\":[{\"@type\":\"ReadAction\",\"target\":[\"https:\\\/\\\/kwp.at\\\/pensionistenklubs\\\/das-frauencafe-von-frauen-fuer-alle\\\/\"]}]},{\"@type\":\"ImageObject\",\"inLanguage\":\"de\",\"@id\":\"https:\\\/\\\/kwp.at\\\/pensionistenklubs\\\/das-frauencafe-von-frauen-fuer-alle\\\/#primaryimage\",\"url\":\"https:\\\/\\\/kwp.at\\\/pensionistenklubs\\\/wp-content\\\/uploads\\\/sites\\\/2\\\/2024\\\/07\\\/Design_ohne_Titel_3.jpg\",\"contentUrl\":\"https:\\\/\\\/kwp.at\\\/pensionistenklubs\\\/wp-content\\\/uploads\\\/sites\\\/2\\\/2024\\\/07\\\/Design_ohne_Titel_3.jpg\",\"width\":1200,\"height\":500,\"caption\":\"kostenlose Klubjause mit Kaffee und Tee\"},{\"@type\":\"WebSite\",\"@id\":\"https:\\\/\\\/kwp.at\\\/pensionistenklubs\\\/#website\",\"url\":\"https:\\\/\\\/kwp.at\\\/pensionistenklubs\\\/\",\"name\":\"Pensionist*innenklubs\",\"description\":\"F\u00fcr die Stadt Wien\",\"publisher\":{\"@id\":\"https:\\\/\\\/kwp.at\\\/pensionistenklubs\\\/#organization\"},\"potentialAction\":[{\"@type\":\"SearchAction\",\"target\":{\"@type\":\"EntryPoint\",\"urlTemplate\":\"https:\\\/\\\/kwp.at\\\/pensionistenklubs\\\/?s={search_term_string}\"},\"query-input\":{\"@type\":\"PropertyValueSpecification\",\"valueRequired\":true,\"valueName\":\"search_term_string\"}}],\"inLanguage\":\"de\"},{\"@type\":\"Organization\",\"@id\":\"https:\\\/\\\/kwp.at\\\/pensionistenklubs\\\/#organization\",\"name\":\"PensionistInnenklubs f\u00fcr die Stadt Wien\",\"url\":\"https:\\\/\\\/kwp.at\\\/pensionistenklubs\\\/\",\"logo\":{\"@type\":\"ImageObject\",\"inLanguage\":\"de\",\"@id\":\"https:\\\/\\\/kwp.at\\\/pensionistenklubs\\\/#\\\/schema\\\/logo\\\/image\\\/\",\"url\":\"https:\\\/\\\/kwp.at\\\/pensionistenklubs\\\/wp-content\\\/uploads\\\/sites\\\/2\\\/2022\\\/08\\\/Logo-Pensionistenklubs-scaled-1.jpeg\",\"contentUrl\":\"https:\\\/\\\/kwp.at\\\/pensionistenklubs\\\/wp-content\\\/uploads\\\/sites\\\/2\\\/2022\\\/08\\\/Logo-Pensionistenklubs-scaled-1.jpeg\",\"width\":2560,\"height\":610,\"caption\":\"PensionistInnenklubs f\u00fcr die Stadt Wien\"},\"image\":{\"@id\":\"https:\\\/\\\/kwp.at\\\/pensionistenklubs\\\/#\\\/schema\\\/logo\\\/image\\\/\"}},{\"@type\":\"Person\",\"@id\":\"https:\\\/\\\/kwp.at\\\/pensionistenklubs\\\/#\\\/schema\\\/person\\\/8c6edf17873d744273376c286447f2fd\",\"name\":\"mkteam\",\"image\":{\"@type\":\"ImageObject\",\"inLanguage\":\"de\",\"@id\":\"https:\\\/\\\/secure.gravatar.com\\\/avatar\\\/5b85da3e8242fed05ef02f007f24fae76ef0d22dc496c6d4dd9a210bcd106db2?s=96&d=mm&r=g\",\"url\":\"https:\\\/\\\/secure.gravatar.com\\\/avatar\\\/5b85da3e8242fed05ef02f007f24fae76ef0d22dc496c6d4dd9a210bcd106db2?s=96&d=mm&r=g\",\"contentUrl\":\"https:\\\/\\\/secure.gravatar.com\\\/avatar\\\/5b85da3e8242fed05ef02f007f24fae76ef0d22dc496c6d4dd9a210bcd106db2?s=96&d=mm&r=g\",\"caption\":\"mkteam\"}}]}<\/script>\n<!-- \/ Yoast SEO plugin. -->","yoast_head_json":{"title":"Das Mixed* Caf\u00e9 f\u00fcr alle! - Pensionist*innenklubs","description":"Das Frauencaf\u00e9 wird von Frauen aus den Klubs und aus dem umliegenden Gr\u00e4tzl organisiert und gestaltet wird. An den Treffen teilnehmen k\u00f6nnen alle.","robots":{"index":"index","follow":"follow","max-snippet":"max-snippet:-1","max-image-preview":"max-image-preview:large","max-video-preview":"max-video-preview:-1"},"canonical":"https:\/\/kwp.at\/pensionistenklubs\/das-frauencafe-von-frauen-fuer-alle\/","og_locale":"de_DE","og_type":"article","og_title":"Das Mixed* Caf\u00e9 f\u00fcr alle! - Pensionist*innenklubs","og_description":"Das Frauencaf\u00e9 wird von Frauen aus den Klubs und aus dem umliegenden Gr\u00e4tzl organisiert und gestaltet wird. An den Treffen teilnehmen k\u00f6nnen alle.","og_url":"https:\/\/kwp.at\/pensionistenklubs\/das-frauencafe-von-frauen-fuer-alle\/","og_site_name":"Pensionist*innenklubs","article_published_time":"2025-10-02T06:30:18+00:00","article_modified_time":"2025-11-28T09:36:19+00:00","og_image":[{"width":1200,"height":500,"url":"https:\/\/kwp.at\/pensionistenklubs\/wp-content\/uploads\/sites\/2\/2024\/07\/Design_ohne_Titel_3.jpg","type":"image\/jpeg"}],"author":"mkteam","twitter_card":"summary_large_image","twitter_misc":{"Geschrieben von":"mkteam","Gesch\u00e4tzte Lesezeit":"3\u00a0Minuten"},"schema":{"@context":"https:\/\/schema.org","@graph":[{"@type":"Article","@id":"https:\/\/kwp.at\/pensionistenklubs\/das-frauencafe-von-frauen-fuer-alle\/#article","isPartOf":{"@id":"https:\/\/kwp.at\/pensionistenklubs\/das-frauencafe-von-frauen-fuer-alle\/"},"author":{"name":"mkteam","@id":"https:\/\/kwp.at\/pensionistenklubs\/#\/schema\/person\/8c6edf17873d744273376c286447f2fd"},"headline":"Das Mixed* Caf\u00e9 f\u00fcr alle!","datePublished":"2025-10-02T06:30:18+00:00","dateModified":"2025-11-28T09:36:19+00:00","mainEntityOfPage":{"@id":"https:\/\/kwp.at\/pensionistenklubs\/das-frauencafe-von-frauen-fuer-alle\/"},"wordCount":518,"publisher":{"@id":"https:\/\/kwp.at\/pensionistenklubs\/#organization"},"image":{"@id":"https:\/\/kwp.at\/pensionistenklubs\/das-frauencafe-von-frauen-fuer-alle\/#primaryimage"},"thumbnailUrl":"https:\/\/kwp.at\/pensionistenklubs\/wp-content\/uploads\/sites\/2\/2024\/07\/Design_ohne_Titel_3.jpg","articleSection":{"1":"Willkommen im Klub"},"inLanguage":"de"},{"@type":"WebPage","@id":"https:\/\/kwp.at\/pensionistenklubs\/das-frauencafe-von-frauen-fuer-alle\/","url":"https:\/\/kwp.at\/pensionistenklubs\/das-frauencafe-von-frauen-fuer-alle\/","name":"Das Mixed* Caf\u00e9 f\u00fcr alle! - Pensionist*innenklubs","isPartOf":{"@id":"https:\/\/kwp.at\/pensionistenklubs\/#website"},"primaryImageOfPage":{"@id":"https:\/\/kwp.at\/pensionistenklubs\/das-frauencafe-von-frauen-fuer-alle\/#primaryimage"},"image":{"@id":"https:\/\/kwp.at\/pensionistenklubs\/das-frauencafe-von-frauen-fuer-alle\/#primaryimage"},"thumbnailUrl":"https:\/\/kwp.at\/pensionistenklubs\/wp-content\/uploads\/sites\/2\/2024\/07\/Design_ohne_Titel_3.jpg","datePublished":"2025-10-02T06:30:18+00:00","dateModified":"2025-11-28T09:36:19+00:00","description":"Das Frauencaf\u00e9 wird von Frauen aus den Klubs und aus dem umliegenden Gr\u00e4tzl organisiert und gestaltet wird. An den Treffen teilnehmen k\u00f6nnen alle.","inLanguage":"de","potentialAction":[{"@type":"ReadAction","target":["https:\/\/kwp.at\/pensionistenklubs\/das-frauencafe-von-frauen-fuer-alle\/"]}]},{"@type":"ImageObject","inLanguage":"de","@id":"https:\/\/kwp.at\/pensionistenklubs\/das-frauencafe-von-frauen-fuer-alle\/#primaryimage","url":"https:\/\/kwp.at\/pensionistenklubs\/wp-content\/uploads\/sites\/2\/2024\/07\/Design_ohne_Titel_3.jpg","contentUrl":"https:\/\/kwp.at\/pensionistenklubs\/wp-content\/uploads\/sites\/2\/2024\/07\/Design_ohne_Titel_3.jpg","width":1200,"height":500,"caption":"kostenlose Klubjause mit Kaffee und Tee"},{"@type":"WebSite","@id":"https:\/\/kwp.at\/pensionistenklubs\/#website","url":"https:\/\/kwp.at\/pensionistenklubs\/","name":"Pensionist*innenklubs","description":"F\u00fcr die Stadt Wien","publisher":{"@id":"https:\/\/kwp.at\/pensionistenklubs\/#organization"},"potentialAction":[{"@type":"SearchAction","target":{"@type":"EntryPoint","urlTemplate":"https:\/\/kwp.at\/pensionistenklubs\/?s={search_term_string}"},"query-input":{"@type":"PropertyValueSpecification","valueRequired":true,"valueName":"search_term_string"}}],"inLanguage":"de"},{"@type":"Organization","@id":"https:\/\/kwp.at\/pensionistenklubs\/#organization","name":"PensionistInnenklubs f\u00fcr die Stadt Wien","url":"https:\/\/kwp.at\/pensionistenklubs\/","logo":{"@type":"ImageObject","inLanguage":"de","@id":"https:\/\/kwp.at\/pensionistenklubs\/#\/schema\/logo\/image\/","url":"https:\/\/kwp.at\/pensionistenklubs\/wp-content\/uploads\/sites\/2\/2022\/08\/Logo-Pensionistenklubs-scaled-1.jpeg","contentUrl":"https:\/\/kwp.at\/pensionistenklubs\/wp-content\/uploads\/sites\/2\/2022\/08\/Logo-Pensionistenklubs-scaled-1.jpeg","width":2560,"height":610,"caption":"PensionistInnenklubs f\u00fcr die Stadt Wien"},"image":{"@id":"https:\/\/kwp.at\/pensionistenklubs\/#\/schema\/logo\/image\/"}},{"@type":"Person","@id":"https:\/\/kwp.at\/pensionistenklubs\/#\/schema\/person\/8c6edf17873d744273376c286447f2fd","name":"mkteam","image":{"@type":"ImageObject","inLanguage":"de","@id":"https:\/\/secure.gravatar.com\/avatar\/5b85da3e8242fed05ef02f007f24fae76ef0d22dc496c6d4dd9a210bcd106db2?s=96&d=mm&r=g","url":"https:\/\/secure.gravatar.com\/avatar\/5b85da3e8242fed05ef02f007f24fae76ef0d22dc496c6d4dd9a210bcd106db2?s=96&d=mm&r=g","contentUrl":"https:\/\/secure.gravatar.com\/avatar\/5b85da3e8242fed05ef02f007f24fae76ef0d22dc496c6d4dd9a210bcd106db2?s=96&d=mm&r=g","caption":"mkteam"}}]}},"_links":{"self":[{"href":"https:\/\/kwp.at\/pensionistenklubs\/wp-json\/wp\/v2\/posts\/19877","targetHints":{"allow":["GET"]}}],"collection":[{"href":"https:\/\/kwp.at\/pensionistenklubs\/wp-json\/wp\/v2\/posts"}],"about":[{"href":"https:\/\/kwp.at\/pensionistenklubs\/wp-json\/wp\/v2\/types\/post"}],"author":[{"embeddable":true,"href":"https:\/\/kwp.at\/pensionistenklubs\/wp-json\/wp\/v2\/users\/10"}],"replies":[{"embeddable":true,"href":"https:\/\/kwp.at\/pensionistenklubs\/wp-json\/wp\/v2\/comments?post=19877"}],"version-history":[{"count":7,"href":"https:\/\/kwp.at\/pensionistenklubs\/wp-json\/wp\/v2\/posts\/19877\/revisions"}],"predecessor-version":[{"id":20306,"href":"https:\/\/kwp.at\/pensionistenklubs\/wp-json\/wp\/v2\/posts\/19877\/revisions\/20306"}],"wp:featuredmedia":[{"embeddable":true,"href":"https:\/\/kwp.at\/pensionistenklubs\/wp-json\/wp\/v2\/media\/16025"}],"wp:attachment":[{"href":"https:\/\/kwp.at\/pensionistenklubs\/wp-json\/wp\/v2\/media?parent=19877"}],"wp:term":[{"taxonomy":"category","embeddable":true,"href":"https:\/\/kwp.at\/pensionistenklubs\/wp-json\/wp\/v2\/categories?post=19877"},{"taxonomy":"post_tag","embeddable":true,"href":"https:\/\/kwp.at\/pensionistenklubs\/wp-json\/wp\/v2\/tags?post=19877"}],"curies":[{"name":"wp","href":"https:\/\/api.w.org\/{rel}","templated":true}]}}