{"id":19182,"date":"2025-07-07T09:09:08","date_gmt":"2025-07-07T07:09:08","guid":{"rendered":"https:\/\/kwp.at\/pensionistenklubs\/?p=19182"},"modified":"2025-08-06T09:07:16","modified_gmt":"2025-08-06T07:07:16","slug":"fashion-reloaded-by-pensionistinnenklubs-wien-2025","status":"publish","type":"post","link":"https:\/\/kwp.at\/pensionistenklubs\/fashion-reloaded-by-pensionistinnenklubs-wien-2025\/","title":{"rendered":"Fashion reloaded by Pensionist*innenklubs Wien 2025"},"content":{"rendered":"\n<p><strong>Auch heuer begeistert die Vienna Fashion Week wieder ein internationales Publikum mit den neuesten Modetrends und atemberaubenden Fashion Shows. Nebst zahlreichen Stardesigner*innen und gro\u00dfen Modelabels pr\u00e4sentieren auch die Klubs ihre neueste Upcycling Fashion Kollektion und ziehen damit die Blicke der internationalen Modewelt auf sich. <\/strong><\/p>\n\n\n\n<p>Von 15. bis 20. September findet die <a href=\"https:\/\/viennafashionweek.com\/?lang=de\">Vienna Fashion Week<\/a> im <a href=\"https:\/\/www.mqw.at\/\">MuseumsQuartier Wien<\/a> statt und versammelt dabei die internationale Modewelt zu spektakul\u00e4ren Fashion Shows rund um die Themen Mode, Trends und Lifestyle. Nach der erfolgreichen Premiere des nachhaltigen Modeprojekts <a href=\"https:\/\/kwp.at\/pensionistenklubs\/unsere-klubmitglieder-begeisterten-am-runway-der-vienna-fashion-week\/\">Fashion reloaded powered by Pensionist*innenklubs Wien<\/a> im vergangenen Jahr, setzen unsere Klubdesigner*innen heuer nochmals eins drauf und pr\u00e4sentieren am 16. September ihre brandneue Kollektion im Rahmen der Vienna Fashion Week 2025. <\/p>\n\n\n\n<p>Mit einer einzigartigen Laufsteg-Show und unter dem Titel &#8222;Fashion reloaded presents Earth and Stars&#8220; zeigen unsere Klubdesigner*innen und Fashionmodelle 60plus ihre neuesten Upcycling-Modekreationen. Am gro\u00dfen Runway und mit der diesj\u00e4hrigen Kollektion r\u00fccken unseren Senior*innen bewegende Themen wie Himmel und Erde, Leben und Tod aber auch Sexualit\u00e4t im Alter in den Mittelpunkt der \u00f6ffentlichen Wahrnehmung. Neben dem Gedanken der Nachhaltigkeit und dem Zugang, aus ausgedienten Kleidungsst\u00fccken neue Kunst zu erschaffen, steht dabei auch eine gesellschaftspolitische Agenda entscheidend im Mittelpunkt: Es geht um die Selbsterm\u00e4chtigung von Senior*innen, um das Recht zur Teilhabe an allem, was Spa\u00df macht sowie um die Koexistenz von pers\u00f6nlichem kreativem Ausdruck nebst internationalen Modelabels und ber\u00fchmten Stardesigner*innen. <\/p>\n\n\n\n<p>Irena Reichel, Klubmitarbeiterin und k\u00fcnstlerische Leitung \u00fcber unsere Senior*innen der Upcycling Modewerkstatt im Klub+ Atelier:<\/p>\n\n\n\n<blockquote class=\"wp-block-quote is-layout-flow wp-block-quote-is-layout-flow\">\n<p>Die Seniorinnen, die in unserer Gruppe dabei sind, haben ein enormes kreatives Potenzial und wollen auch mit 60, 70, 80plus noch ihre Vorstellungen und Tr\u00e4ume realisieren \u2013 sowohl als Designerinnen, als auch als Models.<\/p>\n<\/blockquote>\n\n\n\n<h2 class=\"wp-block-heading\">Mit den Klubs zur Fashion Week<\/h2>\n\n\n\n<p>Erleben Sie unsere Klubdesigner*innen und Laufstegmodelle 60plus live am internationalen Runway der diesj\u00e4hrigen Vienna Fashion Week! <\/p>\n\n\n\n<p>Neben einem feierlichen Empfang mit Aperitif und Catering erwartet unsere Besucher*innen eine Fashion Show der Superlative: Die diesj\u00e4hrige Kollektion der Klubs aus gespendeten Stoffen und Textilien besticht durch ihre besondere Extravaganz. Die hinrei\u00dfende Lebensfreude, mit der unsere Senior*innen den Catwalk st\u00fcrmten, begeistert zahlreiche Besucher*innen, Kooperationspartner*innen und Ehreng\u00e4ste. Erhebliches Aufsehen und geb\u00fchrender Medienrummel in der Welt von Mode, Lifestyle und Glamour ist ihnen auch diesmal sicher. Begleitet wird die Show von musikalischen Einlagen.<\/p>\n\n\n\n<p>Ein besonders kreatives Highlight sind in diesem Jahr unz\u00e4hlige gespendete Krawatten, die &#8211; verziert mit unserem gr\u00fcnen Fashion-reloaded-Herz &#8211; als trendiges Accessoire und zugleich als Eintrittskarte zur diesj\u00e4hrigen Fashion Show der Klubs dienen. <strong>Besuchen Sie uns! <\/strong><\/p>\n\n\n\n<div style=\"background-color: #7c81d8\" class=\"wp-block-kwp-blocks-infobox\"><h3>Jetzt Tickets sichern!<\/h3><p>\n<p>Sichern Sie sich jetzt ihr kostenloses Ticket zur Fashion Show der Pensionist*innenklubs f\u00fcr die Stadt Wien am 16. September 2025 in der Halle E des MuseumsQuartier Wien. <\/p>\n\n\n\n<p><strong>Die Anmeldung erfolgt entweder online oder pers\u00f6nlich im Klub.<\/strong><\/p>\n\n\n\n<a target=\"_blank\" href=\"https:\/\/kwp.at\/veranstaltungen\/product\/vienna-fashion-week-25\/\" rel=\"noopener noreferrer\" class=\"wp-block-kwp-blocks-button-block\">Online buchen! <\/a>\n\n\n\n<p><\/p>\n\n\n\n<p><strong>Wann<\/strong>: 16. September 2025. Einlass 14:45 Uhr, Beginn 16:00 Uhr<\/p>\n\n\n\n<p><strong>Wo:<\/strong> MuseumsQuartier Wien, Halle E, 1070 Wien<\/p>\n\n\n\n<p>F\u00fcr weitere Informationen und Unterst\u00fctzung bei der Buchung steht Ihnen zudem unsere Klubhotline unter der Nummer <a href=\"tel:+43-1-313-99-170-112\">+43 1 313 99 170 112<\/a> zu Verf\u00fcgung. <\/p>\n<\/p><\/div>\n\n\n\n<p>Foto: H\u00e4user zum Leben | Morianz<\/p>\n","protected":false},"excerpt":{"rendered":"<p>Auch heuer sind die Klubs wieder auf der Vienna Fashion Week vertreten und pr\u00e4sentieren am 16.09. ihre neueste Upcycling Fashion Kollektion.<\/p>\n","protected":false},"author":78,"featured_media":19492,"comment_status":"closed","ping_status":"closed","sticky":false,"template":"","format":"standard","meta":{"_acf_changed":false,"footnotes":""},"categories":[1,79],"tags":[395,469,414,396],"class_list":["post-19182","post","type-post","status-publish","format-standard","has-post-thumbnail","hentry","category-allgemein","category-kunst-und-kultur","tag-fashion","tag-klub-atelier-2","tag-kollektion","tag-mode"],"acf":[],"yoast_head":"<!-- This site is optimized with the Yoast SEO plugin v27.4 - https:\/\/yoast.com\/product\/yoast-seo-wordpress\/ -->\n<title>Fashion reloaded by Pensionist*innenklubs Wien 2025<\/title>\n<meta name=\"description\" content=\"Auch heuer sind die Klubs wieder auf der Vienna Fashion Week vertreten und pr\u00e4sentieren am 16.09. ihre neueste Upcycling Fashion Kollektion.\" \/>\n<meta name=\"robots\" content=\"index, follow, max-snippet:-1, max-image-preview:large, max-video-preview:-1\" \/>\n<link rel=\"canonical\" href=\"https:\/\/kwp.at\/pensionistenklubs\/fashion-reloaded-by-pensionistinnenklubs-wien-2025\/\" \/>\n<meta property=\"og:locale\" content=\"de_DE\" \/>\n<meta property=\"og:type\" content=\"article\" \/>\n<meta property=\"og:title\" content=\"Fashion reloaded by Pensionist*innenklubs Wien 2025\" \/>\n<meta property=\"og:description\" content=\"Auch heuer sind die Klubs wieder auf der Vienna Fashion Week vertreten und pr\u00e4sentieren am 16.09. ihre neueste Upcycling Fashion Kollektion.\" \/>\n<meta property=\"og:url\" content=\"https:\/\/kwp.at\/pensionistenklubs\/fashion-reloaded-by-pensionistinnenklubs-wien-2025\/\" \/>\n<meta property=\"og:site_name\" content=\"Pensionist*innenklubs\" \/>\n<meta property=\"article:published_time\" content=\"2025-07-07T07:09:08+00:00\" \/>\n<meta property=\"article:modified_time\" content=\"2025-08-06T07:07:16+00:00\" \/>\n<meta property=\"og:image\" content=\"https:\/\/kwp.at\/pensionistenklubs\/wp-content\/uploads\/sites\/2\/2025\/07\/KWPM_6249_-e1754463998624.jpeg\" \/>\n\t<meta property=\"og:image:width\" content=\"2544\" \/>\n\t<meta property=\"og:image:height\" content=\"1060\" \/>\n\t<meta property=\"og:image:type\" content=\"image\/jpeg\" \/>\n<meta name=\"author\" content=\"jgreger\" \/>\n<meta name=\"twitter:card\" content=\"summary_large_image\" \/>\n<meta name=\"twitter:label1\" content=\"Geschrieben von\" \/>\n\t<meta name=\"twitter:data1\" content=\"jgreger\" \/>\n\t<meta name=\"twitter:label2\" content=\"Gesch\u00e4tzte Lesezeit\" \/>\n\t<meta name=\"twitter:data2\" content=\"3\u00a0Minuten\" \/>\n<script type=\"application\/ld+json\" class=\"yoast-schema-graph\">{\"@context\":\"https:\\\/\\\/schema.org\",\"@graph\":[{\"@type\":\"Article\",\"@id\":\"https:\\\/\\\/kwp.at\\\/pensionistenklubs\\\/fashion-reloaded-by-pensionistinnenklubs-wien-2025\\\/#article\",\"isPartOf\":{\"@id\":\"https:\\\/\\\/kwp.at\\\/pensionistenklubs\\\/fashion-reloaded-by-pensionistinnenklubs-wien-2025\\\/\"},\"author\":{\"name\":\"jgreger\",\"@id\":\"https:\\\/\\\/kwp.at\\\/pensionistenklubs\\\/#\\\/schema\\\/person\\\/61cf2d6446ddb6c1b29073be14a63b67\"},\"headline\":\"Fashion reloaded by Pensionist*innenklubs Wien 2025\",\"datePublished\":\"2025-07-07T07:09:08+00:00\",\"dateModified\":\"2025-08-06T07:07:16+00:00\",\"mainEntityOfPage\":{\"@id\":\"https:\\\/\\\/kwp.at\\\/pensionistenklubs\\\/fashion-reloaded-by-pensionistinnenklubs-wien-2025\\\/\"},\"wordCount\":518,\"publisher\":{\"@id\":\"https:\\\/\\\/kwp.at\\\/pensionistenklubs\\\/#organization\"},\"image\":{\"@id\":\"https:\\\/\\\/kwp.at\\\/pensionistenklubs\\\/fashion-reloaded-by-pensionistinnenklubs-wien-2025\\\/#primaryimage\"},\"thumbnailUrl\":\"https:\\\/\\\/kwp.at\\\/pensionistenklubs\\\/wp-content\\\/uploads\\\/sites\\\/2\\\/2025\\\/07\\\/KWPM_6249_-e1754463998624.jpeg\",\"keywords\":[\"Fashion\",\"Klub+ Atelier\",\"Kollektion\",\"Mode\"],\"articleSection\":{\"1\":\"Kunst und Kultur\"},\"inLanguage\":\"de\"},{\"@type\":\"WebPage\",\"@id\":\"https:\\\/\\\/kwp.at\\\/pensionistenklubs\\\/fashion-reloaded-by-pensionistinnenklubs-wien-2025\\\/\",\"url\":\"https:\\\/\\\/kwp.at\\\/pensionistenklubs\\\/fashion-reloaded-by-pensionistinnenklubs-wien-2025\\\/\",\"name\":\"Fashion reloaded by Pensionist*innenklubs Wien 2025\",\"isPartOf\":{\"@id\":\"https:\\\/\\\/kwp.at\\\/pensionistenklubs\\\/#website\"},\"primaryImageOfPage\":{\"@id\":\"https:\\\/\\\/kwp.at\\\/pensionistenklubs\\\/fashion-reloaded-by-pensionistinnenklubs-wien-2025\\\/#primaryimage\"},\"image\":{\"@id\":\"https:\\\/\\\/kwp.at\\\/pensionistenklubs\\\/fashion-reloaded-by-pensionistinnenklubs-wien-2025\\\/#primaryimage\"},\"thumbnailUrl\":\"https:\\\/\\\/kwp.at\\\/pensionistenklubs\\\/wp-content\\\/uploads\\\/sites\\\/2\\\/2025\\\/07\\\/KWPM_6249_-e1754463998624.jpeg\",\"datePublished\":\"2025-07-07T07:09:08+00:00\",\"dateModified\":\"2025-08-06T07:07:16+00:00\",\"description\":\"Auch heuer sind die Klubs wieder auf der Vienna Fashion Week vertreten und pr\u00e4sentieren am 16.09. ihre neueste Upcycling Fashion Kollektion.\",\"inLanguage\":\"de\",\"potentialAction\":[{\"@type\":\"ReadAction\",\"target\":[\"https:\\\/\\\/kwp.at\\\/pensionistenklubs\\\/fashion-reloaded-by-pensionistinnenklubs-wien-2025\\\/\"]}]},{\"@type\":\"ImageObject\",\"inLanguage\":\"de\",\"@id\":\"https:\\\/\\\/kwp.at\\\/pensionistenklubs\\\/fashion-reloaded-by-pensionistinnenklubs-wien-2025\\\/#primaryimage\",\"url\":\"https:\\\/\\\/kwp.at\\\/pensionistenklubs\\\/wp-content\\\/uploads\\\/sites\\\/2\\\/2025\\\/07\\\/KWPM_6249_-e1754463998624.jpeg\",\"contentUrl\":\"https:\\\/\\\/kwp.at\\\/pensionistenklubs\\\/wp-content\\\/uploads\\\/sites\\\/2\\\/2025\\\/07\\\/KWPM_6249_-e1754463998624.jpeg\",\"width\":2544,\"height\":1060,\"caption\":\"Zwei Seniorinnen posen in aufregenden Outfits.\"},{\"@type\":\"WebSite\",\"@id\":\"https:\\\/\\\/kwp.at\\\/pensionistenklubs\\\/#website\",\"url\":\"https:\\\/\\\/kwp.at\\\/pensionistenklubs\\\/\",\"name\":\"Pensionist*innenklubs\",\"description\":\"F\u00fcr die Stadt Wien\",\"publisher\":{\"@id\":\"https:\\\/\\\/kwp.at\\\/pensionistenklubs\\\/#organization\"},\"potentialAction\":[{\"@type\":\"SearchAction\",\"target\":{\"@type\":\"EntryPoint\",\"urlTemplate\":\"https:\\\/\\\/kwp.at\\\/pensionistenklubs\\\/?s={search_term_string}\"},\"query-input\":{\"@type\":\"PropertyValueSpecification\",\"valueRequired\":true,\"valueName\":\"search_term_string\"}}],\"inLanguage\":\"de\"},{\"@type\":\"Organization\",\"@id\":\"https:\\\/\\\/kwp.at\\\/pensionistenklubs\\\/#organization\",\"name\":\"PensionistInnenklubs f\u00fcr die Stadt Wien\",\"url\":\"https:\\\/\\\/kwp.at\\\/pensionistenklubs\\\/\",\"logo\":{\"@type\":\"ImageObject\",\"inLanguage\":\"de\",\"@id\":\"https:\\\/\\\/kwp.at\\\/pensionistenklubs\\\/#\\\/schema\\\/logo\\\/image\\\/\",\"url\":\"https:\\\/\\\/kwp.at\\\/pensionistenklubs\\\/wp-content\\\/uploads\\\/sites\\\/2\\\/2022\\\/08\\\/Logo-Pensionistenklubs-scaled-1.jpeg\",\"contentUrl\":\"https:\\\/\\\/kwp.at\\\/pensionistenklubs\\\/wp-content\\\/uploads\\\/sites\\\/2\\\/2022\\\/08\\\/Logo-Pensionistenklubs-scaled-1.jpeg\",\"width\":2560,\"height\":610,\"caption\":\"PensionistInnenklubs f\u00fcr die Stadt Wien\"},\"image\":{\"@id\":\"https:\\\/\\\/kwp.at\\\/pensionistenklubs\\\/#\\\/schema\\\/logo\\\/image\\\/\"}},{\"@type\":\"Person\",\"@id\":\"https:\\\/\\\/kwp.at\\\/pensionistenklubs\\\/#\\\/schema\\\/person\\\/61cf2d6446ddb6c1b29073be14a63b67\",\"name\":\"jgreger\",\"image\":{\"@type\":\"ImageObject\",\"inLanguage\":\"de\",\"@id\":\"https:\\\/\\\/secure.gravatar.com\\\/avatar\\\/9684a2cbe3b4eafe5f601756fda0a28c737f31d3356c28616a94c17141dfb8c4?s=96&d=mm&r=g\",\"url\":\"https:\\\/\\\/secure.gravatar.com\\\/avatar\\\/9684a2cbe3b4eafe5f601756fda0a28c737f31d3356c28616a94c17141dfb8c4?s=96&d=mm&r=g\",\"contentUrl\":\"https:\\\/\\\/secure.gravatar.com\\\/avatar\\\/9684a2cbe3b4eafe5f601756fda0a28c737f31d3356c28616a94c17141dfb8c4?s=96&d=mm&r=g\",\"caption\":\"jgreger\"}}]}<\/script>\n<!-- \/ Yoast SEO plugin. -->","yoast_head_json":{"title":"Fashion reloaded by Pensionist*innenklubs Wien 2025","description":"Auch heuer sind die Klubs wieder auf der Vienna Fashion Week vertreten und pr\u00e4sentieren am 16.09. ihre neueste Upcycling Fashion Kollektion.","robots":{"index":"index","follow":"follow","max-snippet":"max-snippet:-1","max-image-preview":"max-image-preview:large","max-video-preview":"max-video-preview:-1"},"canonical":"https:\/\/kwp.at\/pensionistenklubs\/fashion-reloaded-by-pensionistinnenklubs-wien-2025\/","og_locale":"de_DE","og_type":"article","og_title":"Fashion reloaded by Pensionist*innenklubs Wien 2025","og_description":"Auch heuer sind die Klubs wieder auf der Vienna Fashion Week vertreten und pr\u00e4sentieren am 16.09. ihre neueste Upcycling Fashion Kollektion.","og_url":"https:\/\/kwp.at\/pensionistenklubs\/fashion-reloaded-by-pensionistinnenklubs-wien-2025\/","og_site_name":"Pensionist*innenklubs","article_published_time":"2025-07-07T07:09:08+00:00","article_modified_time":"2025-08-06T07:07:16+00:00","og_image":[{"width":2544,"height":1060,"url":"https:\/\/kwp.at\/pensionistenklubs\/wp-content\/uploads\/sites\/2\/2025\/07\/KWPM_6249_-e1754463998624.jpeg","type":"image\/jpeg"}],"author":"jgreger","twitter_card":"summary_large_image","twitter_misc":{"Geschrieben von":"jgreger","Gesch\u00e4tzte Lesezeit":"3\u00a0Minuten"},"schema":{"@context":"https:\/\/schema.org","@graph":[{"@type":"Article","@id":"https:\/\/kwp.at\/pensionistenklubs\/fashion-reloaded-by-pensionistinnenklubs-wien-2025\/#article","isPartOf":{"@id":"https:\/\/kwp.at\/pensionistenklubs\/fashion-reloaded-by-pensionistinnenklubs-wien-2025\/"},"author":{"name":"jgreger","@id":"https:\/\/kwp.at\/pensionistenklubs\/#\/schema\/person\/61cf2d6446ddb6c1b29073be14a63b67"},"headline":"Fashion reloaded by Pensionist*innenklubs Wien 2025","datePublished":"2025-07-07T07:09:08+00:00","dateModified":"2025-08-06T07:07:16+00:00","mainEntityOfPage":{"@id":"https:\/\/kwp.at\/pensionistenklubs\/fashion-reloaded-by-pensionistinnenklubs-wien-2025\/"},"wordCount":518,"publisher":{"@id":"https:\/\/kwp.at\/pensionistenklubs\/#organization"},"image":{"@id":"https:\/\/kwp.at\/pensionistenklubs\/fashion-reloaded-by-pensionistinnenklubs-wien-2025\/#primaryimage"},"thumbnailUrl":"https:\/\/kwp.at\/pensionistenklubs\/wp-content\/uploads\/sites\/2\/2025\/07\/KWPM_6249_-e1754463998624.jpeg","keywords":["Fashion","Klub+ Atelier","Kollektion","Mode"],"articleSection":{"1":"Kunst und Kultur"},"inLanguage":"de"},{"@type":"WebPage","@id":"https:\/\/kwp.at\/pensionistenklubs\/fashion-reloaded-by-pensionistinnenklubs-wien-2025\/","url":"https:\/\/kwp.at\/pensionistenklubs\/fashion-reloaded-by-pensionistinnenklubs-wien-2025\/","name":"Fashion reloaded by Pensionist*innenklubs Wien 2025","isPartOf":{"@id":"https:\/\/kwp.at\/pensionistenklubs\/#website"},"primaryImageOfPage":{"@id":"https:\/\/kwp.at\/pensionistenklubs\/fashion-reloaded-by-pensionistinnenklubs-wien-2025\/#primaryimage"},"image":{"@id":"https:\/\/kwp.at\/pensionistenklubs\/fashion-reloaded-by-pensionistinnenklubs-wien-2025\/#primaryimage"},"thumbnailUrl":"https:\/\/kwp.at\/pensionistenklubs\/wp-content\/uploads\/sites\/2\/2025\/07\/KWPM_6249_-e1754463998624.jpeg","datePublished":"2025-07-07T07:09:08+00:00","dateModified":"2025-08-06T07:07:16+00:00","description":"Auch heuer sind die Klubs wieder auf der Vienna Fashion Week vertreten und pr\u00e4sentieren am 16.09. ihre neueste Upcycling Fashion Kollektion.","inLanguage":"de","potentialAction":[{"@type":"ReadAction","target":["https:\/\/kwp.at\/pensionistenklubs\/fashion-reloaded-by-pensionistinnenklubs-wien-2025\/"]}]},{"@type":"ImageObject","inLanguage":"de","@id":"https:\/\/kwp.at\/pensionistenklubs\/fashion-reloaded-by-pensionistinnenklubs-wien-2025\/#primaryimage","url":"https:\/\/kwp.at\/pensionistenklubs\/wp-content\/uploads\/sites\/2\/2025\/07\/KWPM_6249_-e1754463998624.jpeg","contentUrl":"https:\/\/kwp.at\/pensionistenklubs\/wp-content\/uploads\/sites\/2\/2025\/07\/KWPM_6249_-e1754463998624.jpeg","width":2544,"height":1060,"caption":"Zwei Seniorinnen posen in aufregenden Outfits."},{"@type":"WebSite","@id":"https:\/\/kwp.at\/pensionistenklubs\/#website","url":"https:\/\/kwp.at\/pensionistenklubs\/","name":"Pensionist*innenklubs","description":"F\u00fcr die Stadt Wien","publisher":{"@id":"https:\/\/kwp.at\/pensionistenklubs\/#organization"},"potentialAction":[{"@type":"SearchAction","target":{"@type":"EntryPoint","urlTemplate":"https:\/\/kwp.at\/pensionistenklubs\/?s={search_term_string}"},"query-input":{"@type":"PropertyValueSpecification","valueRequired":true,"valueName":"search_term_string"}}],"inLanguage":"de"},{"@type":"Organization","@id":"https:\/\/kwp.at\/pensionistenklubs\/#organization","name":"PensionistInnenklubs f\u00fcr die Stadt Wien","url":"https:\/\/kwp.at\/pensionistenklubs\/","logo":{"@type":"ImageObject","inLanguage":"de","@id":"https:\/\/kwp.at\/pensionistenklubs\/#\/schema\/logo\/image\/","url":"https:\/\/kwp.at\/pensionistenklubs\/wp-content\/uploads\/sites\/2\/2022\/08\/Logo-Pensionistenklubs-scaled-1.jpeg","contentUrl":"https:\/\/kwp.at\/pensionistenklubs\/wp-content\/uploads\/sites\/2\/2022\/08\/Logo-Pensionistenklubs-scaled-1.jpeg","width":2560,"height":610,"caption":"PensionistInnenklubs f\u00fcr die Stadt Wien"},"image":{"@id":"https:\/\/kwp.at\/pensionistenklubs\/#\/schema\/logo\/image\/"}},{"@type":"Person","@id":"https:\/\/kwp.at\/pensionistenklubs\/#\/schema\/person\/61cf2d6446ddb6c1b29073be14a63b67","name":"jgreger","image":{"@type":"ImageObject","inLanguage":"de","@id":"https:\/\/secure.gravatar.com\/avatar\/9684a2cbe3b4eafe5f601756fda0a28c737f31d3356c28616a94c17141dfb8c4?s=96&d=mm&r=g","url":"https:\/\/secure.gravatar.com\/avatar\/9684a2cbe3b4eafe5f601756fda0a28c737f31d3356c28616a94c17141dfb8c4?s=96&d=mm&r=g","contentUrl":"https:\/\/secure.gravatar.com\/avatar\/9684a2cbe3b4eafe5f601756fda0a28c737f31d3356c28616a94c17141dfb8c4?s=96&d=mm&r=g","caption":"jgreger"}}]}},"_links":{"self":[{"href":"https:\/\/kwp.at\/pensionistenklubs\/wp-json\/wp\/v2\/posts\/19182","targetHints":{"allow":["GET"]}}],"collection":[{"href":"https:\/\/kwp.at\/pensionistenklubs\/wp-json\/wp\/v2\/posts"}],"about":[{"href":"https:\/\/kwp.at\/pensionistenklubs\/wp-json\/wp\/v2\/types\/post"}],"author":[{"embeddable":true,"href":"https:\/\/kwp.at\/pensionistenklubs\/wp-json\/wp\/v2\/users\/78"}],"replies":[{"embeddable":true,"href":"https:\/\/kwp.at\/pensionistenklubs\/wp-json\/wp\/v2\/comments?post=19182"}],"version-history":[{"count":14,"href":"https:\/\/kwp.at\/pensionistenklubs\/wp-json\/wp\/v2\/posts\/19182\/revisions"}],"predecessor-version":[{"id":19401,"href":"https:\/\/kwp.at\/pensionistenklubs\/wp-json\/wp\/v2\/posts\/19182\/revisions\/19401"}],"wp:featuredmedia":[{"embeddable":true,"href":"https:\/\/kwp.at\/pensionistenklubs\/wp-json\/wp\/v2\/media\/19492"}],"wp:attachment":[{"href":"https:\/\/kwp.at\/pensionistenklubs\/wp-json\/wp\/v2\/media?parent=19182"}],"wp:term":[{"taxonomy":"category","embeddable":true,"href":"https:\/\/kwp.at\/pensionistenklubs\/wp-json\/wp\/v2\/categories?post=19182"},{"taxonomy":"post_tag","embeddable":true,"href":"https:\/\/kwp.at\/pensionistenklubs\/wp-json\/wp\/v2\/tags?post=19182"}],"curies":[{"name":"wp","href":"https:\/\/api.w.org\/{rel}","templated":true}]}}