{"id":18508,"date":"2025-04-09T16:47:27","date_gmt":"2025-04-09T14:47:27","guid":{"rendered":"https:\/\/kwp.at\/pensionistenklubs\/?p=18508"},"modified":"2025-04-16T10:19:04","modified_gmt":"2025-04-16T08:19:04","slug":"gemeinsam-fur-eine-starke-nachbarschaft","status":"publish","type":"post","link":"https:\/\/kwp.at\/pensionistenklubs\/gemeinsam-fur-eine-starke-nachbarschaft\/","title":{"rendered":"Gemeinsam f\u00fcr eine starke Nachbarschaft"},"content":{"rendered":"\n<p><strong>Anl\u00e4sslich des internationalen Nachbaschaftstages findet am 23. Mai 2025 am Brigittaplatz ein buntes Nachbaschaftsfest mit Informationsangeboten und einem bunten Rahmenprogramm statt. Besuchen Sie uns!<\/strong><\/p>\n\n\n\n<h2 class=\"wp-block-heading\"><strong>Internationaler Nachbarschaftstag 2025<\/strong><\/h2>\n\n\n\n<p>Am 23. Mai ist internationaler Nachbarschaftstag. Dieser wird in 50 L\u00e4ndern und von mehr als 30 Millionen Menschen weltweit gefeiert.\u00a0So soll auf die Wichtigkeit einer funktionierenden Gemeinschaft aufmerksam gemacht und der Zusammenhalt in der Nachbarschaft gest\u00e4rkt werden.<\/p>\n\n\n\n<h2 class=\"wp-block-heading\"><strong><strong>Nachbarschaftsfest<\/strong><\/strong><\/h2>\n\n\n\n<p>\u201eAuf eine gute Nachbarschaft\u201c, lautet auch heuer wieder das Credo, wenn am 23. Mai viele Institutionen Wiens zu gemeinschaftlichen Angeboten und Aktivit\u00e4ten einladen.<\/p>\n\n\n\n<p>So findet heuer am Brigittaplatz im 20. Bezirk ein besonders buntes Nachbarschaftsfest in Kooperation der H\u00e4user zum Leben, der Pensionist*innenklubs f\u00fcr die Stadt Wien, der <a href=\"https:\/\/www.wien.gv.at\/kontakte\/ma17\/\">MA17 \u2013 Integration und Diversit\u00e4t<\/a> und des <a href=\"https:\/\/www.hilfswerk.at\/wien\/\">Hilfswerk Wien<\/a> statt. Bei bunten Infost\u00e4nden erhalten interessierte Passant*innen und Menschen aus dem Gr\u00e4tzl vielf\u00e4ltige Informationen zu Partnerorganisationen und Angeboten aus dem Bezirk. Auch die H\u00e4user zum Leben und Klubs sind hier mit einem tollen Stand vertreten. Weiters richten die Klubs ein umfangreiches Unterhaltungsprogramm mit Musik, Tanz und Gesang aus.<\/p>\n\n\n\n<div style=\"background-color: #f9b233\" class=\"wp-block-kwp-blocks-infobox\"><h3><strong><strong>Feiern Sie mit!<\/strong><\/strong><\/h3><p>\n<p><strong>Wann:<\/strong> 23. Mai 2025, 10:00-12:00 Uhr<\/p>\n\n\n\n<p><strong>Wo<\/strong>: Brigittaplatz, 1200 Wien.<\/p>\n<\/p><\/div>\n\n\n\n<div style=\"background-color: #80c677\" class=\"wp-block-kwp-blocks-infobox\"><h3><strong><strong><strong><strong><strong><strong><strong>Programm<\/strong><\/strong><\/strong><\/strong><\/strong><\/strong><\/strong><\/h3><p>\n<ul class=\"wp-block-list\">\n<li>09:55-10:05 Uhr Begr\u00fc\u00dfung durch Ehreng\u00e4ste<\/li>\n\n\n\n<li>10:05-10:20 Uhr Jazz Dance mit Bianca<\/li>\n\n\n\n<li>10:20-10:25 Uhr Ansprache Sigrid Karpf, Wiener Hilfswerk<\/li>\n\n\n\n<li>10:25-10:40 Uhr Gesang und Trommeln<\/li>\n\n\n\n<li>10:40-10:45 Uhr Ansprache Pensionist*innenklubs und H\u00e4user zum Leben<\/li>\n\n\n\n<li>10:45-11:55 Uhr Gymnastik mit Momo<\/li>\n\n\n\n<li>10:55-11:00 Uhr Ansprache MA 17<\/li>\n\n\n\n<li>11:00-11:15 Uhr BKS-Tanz mit Ida<\/li>\n\n\n\n<li>11:20-11:30 Uhr Orientalischer Tanz Rana<\/li>\n\n\n\n<li>11:35-11:50 Uhr Folklore Mix des 22. Bezirk<\/li>\n\n\n\n<li>11:50-12:00 Uhr t\u00fcrkischer Volkstanz Aysun<\/li>\n<\/ul>\n<\/p><\/div>\n\n\n\n<p><\/p>\n","protected":false},"excerpt":{"rendered":"<p>Anl\u00e4sslich des internationalen Nachbaschaftstages findet am 23. Mai 2025 am Brigittaplatz ein buntes Nachbaschaftsfest mit Informationsangeboten und einem bunten Rahmenprogramm statt. Besuchen Sie uns! <\/p>\n","protected":false},"author":632,"featured_media":18510,"comment_status":"closed","ping_status":"closed","sticky":false,"template":"","format":"standard","meta":{"_acf_changed":false,"footnotes":""},"categories":[1,20,80,79,18],"tags":[519,234,119,579,263,116],"class_list":["post-18508","post","type-post","status-publish","format-standard","has-post-thumbnail","hentry","category-allgemein","category-bewegung-im-freien","category-feste-feiern","category-kunst-und-kultur","category-musik-und-tanz","tag-gemeinschaft","tag-graetzl","tag-musik","tag-nachbarschaftsfest","tag-nachbarschaftstag","tag-tanz"],"acf":[],"yoast_head":"<!-- This site is optimized with the Yoast SEO plugin v27.4 - https:\/\/yoast.com\/product\/yoast-seo-wordpress\/ -->\n<title>Gemeinsam f\u00fcr eine starke Nachbarschaft - Pensionist*innenklubs<\/title>\n<meta name=\"description\" content=\"Anl\u00e4sslich des internationalen Nachbaschaftstages findet am 23. Mai 2025 am Brigittaplatz ein buntes Nachbaschaftsfest statt.\" \/>\n<meta name=\"robots\" content=\"index, follow, max-snippet:-1, max-image-preview:large, max-video-preview:-1\" \/>\n<link rel=\"canonical\" href=\"https:\/\/kwp.at\/pensionistenklubs\/gemeinsam-fur-eine-starke-nachbarschaft\/\" \/>\n<meta property=\"og:locale\" content=\"de_DE\" \/>\n<meta property=\"og:type\" content=\"article\" \/>\n<meta property=\"og:title\" content=\"Gemeinsam f\u00fcr eine starke Nachbarschaft - Pensionist*innenklubs\" \/>\n<meta property=\"og:description\" content=\"Anl\u00e4sslich des internationalen Nachbaschaftstages findet am 23. Mai 2025 am Brigittaplatz ein buntes Nachbaschaftsfest statt.\" \/>\n<meta property=\"og:url\" content=\"https:\/\/kwp.at\/pensionistenklubs\/gemeinsam-fur-eine-starke-nachbarschaft\/\" \/>\n<meta property=\"og:site_name\" content=\"Pensionist*innenklubs\" \/>\n<meta property=\"article:published_time\" content=\"2025-04-09T14:47:27+00:00\" \/>\n<meta property=\"article:modified_time\" content=\"2025-04-16T08:19:04+00:00\" \/>\n<meta property=\"og:image\" content=\"https:\/\/kwp.at\/pensionistenklubs\/wp-content\/uploads\/sites\/2\/2025\/04\/Lebenslust-am-Donaukanal_Auftakt-6141_web-1024x427.jpg\" \/>\n\t<meta property=\"og:image:width\" content=\"1024\" \/>\n\t<meta property=\"og:image:height\" content=\"427\" \/>\n\t<meta property=\"og:image:type\" content=\"image\/jpeg\" \/>\n<meta name=\"author\" content=\"Ivana Wagner\" \/>\n<meta name=\"twitter:card\" content=\"summary_large_image\" \/>\n<meta name=\"twitter:label1\" content=\"Geschrieben von\" \/>\n\t<meta name=\"twitter:data1\" content=\"Ivana Wagner\" \/>\n\t<meta name=\"twitter:label2\" content=\"Gesch\u00e4tzte Lesezeit\" \/>\n\t<meta name=\"twitter:data2\" content=\"2\u00a0Minuten\" \/>\n<script type=\"application\/ld+json\" class=\"yoast-schema-graph\">{\"@context\":\"https:\\\/\\\/schema.org\",\"@graph\":[{\"@type\":\"Article\",\"@id\":\"https:\\\/\\\/kwp.at\\\/pensionistenklubs\\\/gemeinsam-fur-eine-starke-nachbarschaft\\\/#article\",\"isPartOf\":{\"@id\":\"https:\\\/\\\/kwp.at\\\/pensionistenklubs\\\/gemeinsam-fur-eine-starke-nachbarschaft\\\/\"},\"author\":{\"name\":\"Ivana Wagner\",\"@id\":\"https:\\\/\\\/kwp.at\\\/pensionistenklubs\\\/#\\\/schema\\\/person\\\/08d5414af4b79637a92b74cc41e82c72\"},\"headline\":\"Gemeinsam f\u00fcr eine starke Nachbarschaft\",\"datePublished\":\"2025-04-09T14:47:27+00:00\",\"dateModified\":\"2025-04-16T08:19:04+00:00\",\"mainEntityOfPage\":{\"@id\":\"https:\\\/\\\/kwp.at\\\/pensionistenklubs\\\/gemeinsam-fur-eine-starke-nachbarschaft\\\/\"},\"wordCount\":258,\"publisher\":{\"@id\":\"https:\\\/\\\/kwp.at\\\/pensionistenklubs\\\/#organization\"},\"image\":{\"@id\":\"https:\\\/\\\/kwp.at\\\/pensionistenklubs\\\/gemeinsam-fur-eine-starke-nachbarschaft\\\/#primaryimage\"},\"thumbnailUrl\":\"https:\\\/\\\/kwp.at\\\/pensionistenklubs\\\/wp-content\\\/uploads\\\/sites\\\/2\\\/2025\\\/04\\\/Lebenslust-am-Donaukanal_Auftakt-6141_web.jpg\",\"keywords\":[\"Gemeinschaft\",\"Gr\u00e4tzl\",\"Musik\",\"Nachbarschaftsfest\",\"Nachbarschaftstag\",\"Tanz\"],\"articleSection\":{\"1\":\"Bewegung im Freien\",\"2\":\"Feste feiern\",\"3\":\"Kunst und Kultur\",\"4\":\"Musik und Tanz\"},\"inLanguage\":\"de\"},{\"@type\":\"WebPage\",\"@id\":\"https:\\\/\\\/kwp.at\\\/pensionistenklubs\\\/gemeinsam-fur-eine-starke-nachbarschaft\\\/\",\"url\":\"https:\\\/\\\/kwp.at\\\/pensionistenklubs\\\/gemeinsam-fur-eine-starke-nachbarschaft\\\/\",\"name\":\"Gemeinsam f\u00fcr eine starke Nachbarschaft - Pensionist*innenklubs\",\"isPartOf\":{\"@id\":\"https:\\\/\\\/kwp.at\\\/pensionistenklubs\\\/#website\"},\"primaryImageOfPage\":{\"@id\":\"https:\\\/\\\/kwp.at\\\/pensionistenklubs\\\/gemeinsam-fur-eine-starke-nachbarschaft\\\/#primaryimage\"},\"image\":{\"@id\":\"https:\\\/\\\/kwp.at\\\/pensionistenklubs\\\/gemeinsam-fur-eine-starke-nachbarschaft\\\/#primaryimage\"},\"thumbnailUrl\":\"https:\\\/\\\/kwp.at\\\/pensionistenklubs\\\/wp-content\\\/uploads\\\/sites\\\/2\\\/2025\\\/04\\\/Lebenslust-am-Donaukanal_Auftakt-6141_web.jpg\",\"datePublished\":\"2025-04-09T14:47:27+00:00\",\"dateModified\":\"2025-04-16T08:19:04+00:00\",\"description\":\"Anl\u00e4sslich des internationalen Nachbaschaftstages findet am 23. Mai 2025 am Brigittaplatz ein buntes Nachbaschaftsfest statt.\",\"inLanguage\":\"de\",\"potentialAction\":[{\"@type\":\"ReadAction\",\"target\":[\"https:\\\/\\\/kwp.at\\\/pensionistenklubs\\\/gemeinsam-fur-eine-starke-nachbarschaft\\\/\"]}]},{\"@type\":\"ImageObject\",\"inLanguage\":\"de\",\"@id\":\"https:\\\/\\\/kwp.at\\\/pensionistenklubs\\\/gemeinsam-fur-eine-starke-nachbarschaft\\\/#primaryimage\",\"url\":\"https:\\\/\\\/kwp.at\\\/pensionistenklubs\\\/wp-content\\\/uploads\\\/sites\\\/2\\\/2025\\\/04\\\/Lebenslust-am-Donaukanal_Auftakt-6141_web.jpg\",\"contentUrl\":\"https:\\\/\\\/kwp.at\\\/pensionistenklubs\\\/wp-content\\\/uploads\\\/sites\\\/2\\\/2025\\\/04\\\/Lebenslust-am-Donaukanal_Auftakt-6141_web.jpg\",\"width\":6016,\"height\":2506},{\"@type\":\"WebSite\",\"@id\":\"https:\\\/\\\/kwp.at\\\/pensionistenklubs\\\/#website\",\"url\":\"https:\\\/\\\/kwp.at\\\/pensionistenklubs\\\/\",\"name\":\"Pensionist*innenklubs\",\"description\":\"F\u00fcr die Stadt Wien\",\"publisher\":{\"@id\":\"https:\\\/\\\/kwp.at\\\/pensionistenklubs\\\/#organization\"},\"potentialAction\":[{\"@type\":\"SearchAction\",\"target\":{\"@type\":\"EntryPoint\",\"urlTemplate\":\"https:\\\/\\\/kwp.at\\\/pensionistenklubs\\\/?s={search_term_string}\"},\"query-input\":{\"@type\":\"PropertyValueSpecification\",\"valueRequired\":true,\"valueName\":\"search_term_string\"}}],\"inLanguage\":\"de\"},{\"@type\":\"Organization\",\"@id\":\"https:\\\/\\\/kwp.at\\\/pensionistenklubs\\\/#organization\",\"name\":\"PensionistInnenklubs f\u00fcr die Stadt Wien\",\"url\":\"https:\\\/\\\/kwp.at\\\/pensionistenklubs\\\/\",\"logo\":{\"@type\":\"ImageObject\",\"inLanguage\":\"de\",\"@id\":\"https:\\\/\\\/kwp.at\\\/pensionistenklubs\\\/#\\\/schema\\\/logo\\\/image\\\/\",\"url\":\"https:\\\/\\\/kwp.at\\\/pensionistenklubs\\\/wp-content\\\/uploads\\\/sites\\\/2\\\/2022\\\/08\\\/Logo-Pensionistenklubs-scaled-1.jpeg\",\"contentUrl\":\"https:\\\/\\\/kwp.at\\\/pensionistenklubs\\\/wp-content\\\/uploads\\\/sites\\\/2\\\/2022\\\/08\\\/Logo-Pensionistenklubs-scaled-1.jpeg\",\"width\":2560,\"height\":610,\"caption\":\"PensionistInnenklubs f\u00fcr die Stadt Wien\"},\"image\":{\"@id\":\"https:\\\/\\\/kwp.at\\\/pensionistenklubs\\\/#\\\/schema\\\/logo\\\/image\\\/\"}},{\"@type\":\"Person\",\"@id\":\"https:\\\/\\\/kwp.at\\\/pensionistenklubs\\\/#\\\/schema\\\/person\\\/08d5414af4b79637a92b74cc41e82c72\",\"name\":\"Ivana Wagner\",\"image\":{\"@type\":\"ImageObject\",\"inLanguage\":\"de\",\"@id\":\"https:\\\/\\\/secure.gravatar.com\\\/avatar\\\/72b12e79a20a148566b37307d746c70f980a1a5015a3ee72c2dbbc9adaf1e126?s=96&d=mm&r=g\",\"url\":\"https:\\\/\\\/secure.gravatar.com\\\/avatar\\\/72b12e79a20a148566b37307d746c70f980a1a5015a3ee72c2dbbc9adaf1e126?s=96&d=mm&r=g\",\"contentUrl\":\"https:\\\/\\\/secure.gravatar.com\\\/avatar\\\/72b12e79a20a148566b37307d746c70f980a1a5015a3ee72c2dbbc9adaf1e126?s=96&d=mm&r=g\",\"caption\":\"Ivana Wagner\"}}]}<\/script>\n<!-- \/ Yoast SEO plugin. -->","yoast_head_json":{"title":"Gemeinsam f\u00fcr eine starke Nachbarschaft - Pensionist*innenklubs","description":"Anl\u00e4sslich des internationalen Nachbaschaftstages findet am 23. Mai 2025 am Brigittaplatz ein buntes Nachbaschaftsfest statt.","robots":{"index":"index","follow":"follow","max-snippet":"max-snippet:-1","max-image-preview":"max-image-preview:large","max-video-preview":"max-video-preview:-1"},"canonical":"https:\/\/kwp.at\/pensionistenklubs\/gemeinsam-fur-eine-starke-nachbarschaft\/","og_locale":"de_DE","og_type":"article","og_title":"Gemeinsam f\u00fcr eine starke Nachbarschaft - Pensionist*innenklubs","og_description":"Anl\u00e4sslich des internationalen Nachbaschaftstages findet am 23. Mai 2025 am Brigittaplatz ein buntes Nachbaschaftsfest statt.","og_url":"https:\/\/kwp.at\/pensionistenklubs\/gemeinsam-fur-eine-starke-nachbarschaft\/","og_site_name":"Pensionist*innenklubs","article_published_time":"2025-04-09T14:47:27+00:00","article_modified_time":"2025-04-16T08:19:04+00:00","og_image":[{"width":1024,"height":427,"url":"https:\/\/kwp.at\/pensionistenklubs\/wp-content\/uploads\/sites\/2\/2025\/04\/Lebenslust-am-Donaukanal_Auftakt-6141_web-1024x427.jpg","type":"image\/jpeg"}],"author":"Ivana Wagner","twitter_card":"summary_large_image","twitter_misc":{"Geschrieben von":"Ivana Wagner","Gesch\u00e4tzte Lesezeit":"2\u00a0Minuten"},"schema":{"@context":"https:\/\/schema.org","@graph":[{"@type":"Article","@id":"https:\/\/kwp.at\/pensionistenklubs\/gemeinsam-fur-eine-starke-nachbarschaft\/#article","isPartOf":{"@id":"https:\/\/kwp.at\/pensionistenklubs\/gemeinsam-fur-eine-starke-nachbarschaft\/"},"author":{"name":"Ivana Wagner","@id":"https:\/\/kwp.at\/pensionistenklubs\/#\/schema\/person\/08d5414af4b79637a92b74cc41e82c72"},"headline":"Gemeinsam f\u00fcr eine starke Nachbarschaft","datePublished":"2025-04-09T14:47:27+00:00","dateModified":"2025-04-16T08:19:04+00:00","mainEntityOfPage":{"@id":"https:\/\/kwp.at\/pensionistenklubs\/gemeinsam-fur-eine-starke-nachbarschaft\/"},"wordCount":258,"publisher":{"@id":"https:\/\/kwp.at\/pensionistenklubs\/#organization"},"image":{"@id":"https:\/\/kwp.at\/pensionistenklubs\/gemeinsam-fur-eine-starke-nachbarschaft\/#primaryimage"},"thumbnailUrl":"https:\/\/kwp.at\/pensionistenklubs\/wp-content\/uploads\/sites\/2\/2025\/04\/Lebenslust-am-Donaukanal_Auftakt-6141_web.jpg","keywords":["Gemeinschaft","Gr\u00e4tzl","Musik","Nachbarschaftsfest","Nachbarschaftstag","Tanz"],"articleSection":{"1":"Bewegung im Freien","2":"Feste feiern","3":"Kunst und Kultur","4":"Musik und Tanz"},"inLanguage":"de"},{"@type":"WebPage","@id":"https:\/\/kwp.at\/pensionistenklubs\/gemeinsam-fur-eine-starke-nachbarschaft\/","url":"https:\/\/kwp.at\/pensionistenklubs\/gemeinsam-fur-eine-starke-nachbarschaft\/","name":"Gemeinsam f\u00fcr eine starke Nachbarschaft - Pensionist*innenklubs","isPartOf":{"@id":"https:\/\/kwp.at\/pensionistenklubs\/#website"},"primaryImageOfPage":{"@id":"https:\/\/kwp.at\/pensionistenklubs\/gemeinsam-fur-eine-starke-nachbarschaft\/#primaryimage"},"image":{"@id":"https:\/\/kwp.at\/pensionistenklubs\/gemeinsam-fur-eine-starke-nachbarschaft\/#primaryimage"},"thumbnailUrl":"https:\/\/kwp.at\/pensionistenklubs\/wp-content\/uploads\/sites\/2\/2025\/04\/Lebenslust-am-Donaukanal_Auftakt-6141_web.jpg","datePublished":"2025-04-09T14:47:27+00:00","dateModified":"2025-04-16T08:19:04+00:00","description":"Anl\u00e4sslich des internationalen Nachbaschaftstages findet am 23. Mai 2025 am Brigittaplatz ein buntes Nachbaschaftsfest statt.","inLanguage":"de","potentialAction":[{"@type":"ReadAction","target":["https:\/\/kwp.at\/pensionistenklubs\/gemeinsam-fur-eine-starke-nachbarschaft\/"]}]},{"@type":"ImageObject","inLanguage":"de","@id":"https:\/\/kwp.at\/pensionistenklubs\/gemeinsam-fur-eine-starke-nachbarschaft\/#primaryimage","url":"https:\/\/kwp.at\/pensionistenklubs\/wp-content\/uploads\/sites\/2\/2025\/04\/Lebenslust-am-Donaukanal_Auftakt-6141_web.jpg","contentUrl":"https:\/\/kwp.at\/pensionistenklubs\/wp-content\/uploads\/sites\/2\/2025\/04\/Lebenslust-am-Donaukanal_Auftakt-6141_web.jpg","width":6016,"height":2506},{"@type":"WebSite","@id":"https:\/\/kwp.at\/pensionistenklubs\/#website","url":"https:\/\/kwp.at\/pensionistenklubs\/","name":"Pensionist*innenklubs","description":"F\u00fcr die Stadt Wien","publisher":{"@id":"https:\/\/kwp.at\/pensionistenklubs\/#organization"},"potentialAction":[{"@type":"SearchAction","target":{"@type":"EntryPoint","urlTemplate":"https:\/\/kwp.at\/pensionistenklubs\/?s={search_term_string}"},"query-input":{"@type":"PropertyValueSpecification","valueRequired":true,"valueName":"search_term_string"}}],"inLanguage":"de"},{"@type":"Organization","@id":"https:\/\/kwp.at\/pensionistenklubs\/#organization","name":"PensionistInnenklubs f\u00fcr die Stadt Wien","url":"https:\/\/kwp.at\/pensionistenklubs\/","logo":{"@type":"ImageObject","inLanguage":"de","@id":"https:\/\/kwp.at\/pensionistenklubs\/#\/schema\/logo\/image\/","url":"https:\/\/kwp.at\/pensionistenklubs\/wp-content\/uploads\/sites\/2\/2022\/08\/Logo-Pensionistenklubs-scaled-1.jpeg","contentUrl":"https:\/\/kwp.at\/pensionistenklubs\/wp-content\/uploads\/sites\/2\/2022\/08\/Logo-Pensionistenklubs-scaled-1.jpeg","width":2560,"height":610,"caption":"PensionistInnenklubs f\u00fcr die Stadt Wien"},"image":{"@id":"https:\/\/kwp.at\/pensionistenklubs\/#\/schema\/logo\/image\/"}},{"@type":"Person","@id":"https:\/\/kwp.at\/pensionistenklubs\/#\/schema\/person\/08d5414af4b79637a92b74cc41e82c72","name":"Ivana Wagner","image":{"@type":"ImageObject","inLanguage":"de","@id":"https:\/\/secure.gravatar.com\/avatar\/72b12e79a20a148566b37307d746c70f980a1a5015a3ee72c2dbbc9adaf1e126?s=96&d=mm&r=g","url":"https:\/\/secure.gravatar.com\/avatar\/72b12e79a20a148566b37307d746c70f980a1a5015a3ee72c2dbbc9adaf1e126?s=96&d=mm&r=g","contentUrl":"https:\/\/secure.gravatar.com\/avatar\/72b12e79a20a148566b37307d746c70f980a1a5015a3ee72c2dbbc9adaf1e126?s=96&d=mm&r=g","caption":"Ivana Wagner"}}]}},"_links":{"self":[{"href":"https:\/\/kwp.at\/pensionistenklubs\/wp-json\/wp\/v2\/posts\/18508","targetHints":{"allow":["GET"]}}],"collection":[{"href":"https:\/\/kwp.at\/pensionistenklubs\/wp-json\/wp\/v2\/posts"}],"about":[{"href":"https:\/\/kwp.at\/pensionistenklubs\/wp-json\/wp\/v2\/types\/post"}],"author":[{"embeddable":true,"href":"https:\/\/kwp.at\/pensionistenklubs\/wp-json\/wp\/v2\/users\/632"}],"replies":[{"embeddable":true,"href":"https:\/\/kwp.at\/pensionistenklubs\/wp-json\/wp\/v2\/comments?post=18508"}],"version-history":[{"count":2,"href":"https:\/\/kwp.at\/pensionistenklubs\/wp-json\/wp\/v2\/posts\/18508\/revisions"}],"predecessor-version":[{"id":18511,"href":"https:\/\/kwp.at\/pensionistenklubs\/wp-json\/wp\/v2\/posts\/18508\/revisions\/18511"}],"wp:featuredmedia":[{"embeddable":true,"href":"https:\/\/kwp.at\/pensionistenklubs\/wp-json\/wp\/v2\/media\/18510"}],"wp:attachment":[{"href":"https:\/\/kwp.at\/pensionistenklubs\/wp-json\/wp\/v2\/media?parent=18508"}],"wp:term":[{"taxonomy":"category","embeddable":true,"href":"https:\/\/kwp.at\/pensionistenklubs\/wp-json\/wp\/v2\/categories?post=18508"},{"taxonomy":"post_tag","embeddable":true,"href":"https:\/\/kwp.at\/pensionistenklubs\/wp-json\/wp\/v2\/tags?post=18508"}],"curies":[{"name":"wp","href":"https:\/\/api.w.org\/{rel}","templated":true}]}}