{"id":16386,"date":"2024-09-06T09:18:21","date_gmt":"2024-09-06T07:18:21","guid":{"rendered":"https:\/\/kwp.at\/pensionistenklubs\/?p=16386"},"modified":"2024-10-24T12:30:50","modified_gmt":"2024-10-24T10:30:50","slug":"eroeffnungsfeier-klub-all-in-essling","status":"publish","type":"post","link":"https:\/\/kwp.at\/pensionistenklubs\/eroeffnungsfeier-klub-all-in-essling\/","title":{"rendered":"Er\u00f6ffnungsfeier Klub+ All in Essling"},"content":{"rendered":"\n<p><strong>Voller stolz er\u00f6ffnen die Klubs ein Klublokal im Herzen von Essling, in der Wiener Donaustadt und laden zur offiziellen Er\u00f6ffnungsfeier am 29. Oktober ein. Feiern Sie mit uns! <\/strong><\/p>\n\n\n\n<h2 class=\"wp-block-heading\">All in Essling<\/h2>\n\n\n\n<p>Der <em>Klub+<\/em> All in Essling liegt mitten in Essling, in der Wiener Donaustadt und \u00f6ffnet heuer erstmals seine Tore. Der moderne und vollkommen barrierefreie Klub bietet viel Raum f\u00fcr ein generations- und kultur\u00fcbergreifendes Miteinander im Gr\u00e4tzl.&nbsp;Hier sind alle herzlich willkommen!<\/p>\n\n\n\n<p>Das liebevoll gestaltete Klubprogramm l\u00e4dt Besucher*innen zum Mitmachen ein. Mitgestaltung und Partizipation werden hier gro\u00df geschrieben und so ist es auch kein Wunder, dass sich Tanz- und Bewegungsangebote gr\u00f6\u00dfter Beliebtheit erfreuen. Auch Freund*innen von Kunst und Kultur kommen im <em>Klub<\/em>+ All in Essling voll auf ihre Kosten. Zudem gibt es ein kostenloses Reparaturcaf\u00e9, in dem kaputten oder alten Kleinger\u00e4ten neues Leben eingehaucht wird.<\/p>\n\n\n\n<p>Ein weiteres gro\u00dfes Augenmerk liegt im <em>Klub<\/em>+ All in Essling auf dem Thema des gemeinsamen Kochens. So wurde der Wunsch unserer Klubmitglieder zum Anlass genommen, im Klublokal eine gro\u00dfe, offene und moderne K\u00fcche zu installieren, in der nach Herzenslust gemeinsam gekocht werden kann. Denn nicht nur die Liebe, sondern auch intergenerativer Austausch und V\u00f6lkerverst\u00e4ndigung gehen bekanntlich durch den Magen.<\/p>\n\n\n\n<a target=\"_blank\" href=\"https:\/\/kwp.at\/pensionistenklubs\/klubs\/unsere-klubs\/klub-all-in-essling\/\" rel=\"noopener noreferrer\" class=\"wp-block-kwp-blocks-button-block\">Hier geht&#8217;s zum Klub!<\/a>\n\n\n\n<p><\/p>\n\n\n\n<h2 class=\"wp-block-heading\">Willkommen im Klub! <\/h2>\n\n\n\n<p><strong>Die Klubs laden herzlich zur offiziellen Er\u00f6ffnungsfeier des <em>Klub<\/em>+ All in Essling am 29. Oktober 2024 ein!<\/strong><\/p>\n\n\n\n<p>Im Beisein von zahlreichen Ehreng\u00e4sten, den Wiener Bezirksvorstehungen und Kooperationspartner*innen aus dem Bezirk er\u00f6ffnet Stadtrat Peter Hacker feierlich das Klublokal.<\/p>\n\n\n\n<p>F\u00fcr Tanz, Musik und Bewegung zum Mitmachen sorgen w\u00e4hrenddessen unsere Klubtrainer*innen: Yuri und Bianca heizen unseren Besucher*innen mit Salsa, Cha Cha Cha und Jazz Dance geh\u00f6rig ein. Au\u00dferdem zelebrieren die Klub Drummers einen ihrer mitrei\u00dfenden Trommel-Auftritte und bringen ganz Essling im Handumdrehen zum Mittanzen!<\/p>\n\n\n\n<p>Selbstverst\u00e4ndlich ist auch f\u00fcr das leibliche Wohl bestens gesorgt. Die Klubs servieren kostenlose Leckereien und k\u00fchle Getr\u00e4nke f\u00fcr alle Besucher*innen. <strong>Feiern Sie mit! <\/strong><\/p>\n\n\n\n<div style=\"background-color: #f9b233\" class=\"wp-block-kwp-blocks-infobox\"><h3>Er\u00f6ffnungsfeier <i>Klub<\/i>+ All in Essling<\/h3><p>\n<p><strong>Programm: <\/strong><\/p>\n\n\n\n<ul class=\"wp-block-list\">\n<li>11:30 Uhr &#8211; Auftritt der Trommelbewegung vor dem Haupteingang<\/li>\n<\/ul>\n\n\n\n<ul class=\"wp-block-list\">\n<li>12:00 Uhr &#8211; Einlass und Sektempfang<\/li>\n<\/ul>\n\n\n\n<ul class=\"wp-block-list\">\n<li>13:30 Uhr &#8211; Offizielle Begr\u00fc\u00dfung und Ansprachen<\/li>\n<\/ul>\n\n\n\n<ul class=\"wp-block-list\">\n<li>14:00 Uhr &#8211; Kulinarik-Quiz und Er\u00f6ffnung des Buffets<\/li>\n<\/ul>\n\n\n\n<ul class=\"wp-block-list\">\n<li>14:15 Uhr &#8211; Bewegung mit Bianca<\/li>\n<\/ul>\n\n\n\n<ul class=\"wp-block-list\">\n<li>14:45 Uhr &#8211; Latin Dance mit Freddy<\/li>\n<\/ul>\n\n\n\n<ul class=\"wp-block-list\">\n<li>15:15 Uhr &#8211; Trommeln mit Christian <\/li>\n<\/ul>\n\n\n\n<ul class=\"wp-block-list\">\n<li>15:45 Uhr &#8211; Bewegung mit Bianca, Teil 2<\/li>\n<\/ul>\n\n\n\n<ul class=\"wp-block-list\">\n<li>16:30 Uhr &#8211; Siegerehrung des Kulinarik-Quiz<\/li>\n<\/ul>\n\n\n\n<ul class=\"wp-block-list\">\n<li>16:45 Uhr &#8211; Ausklang<\/li>\n<\/ul>\n\n\n\n<p><\/p>\n\n\n\n<p><strong>Wann:<\/strong> 29. Oktober 2024, Einlass ab 12:00 Uhr<\/p>\n\n\n\n<p><strong>Wo:&nbsp;<\/strong><a href=\"https:\/\/kwp.at\/pensionistenklubs\/clubs\/klub-all-in-essling\/\"><em>Klub+ <\/em>All in Essling<\/a>, Telephonweg 1, Stiege 3, T\u00fcr 1A, 1220 Wien<\/p>\n<\/p><\/div>\n","protected":false},"excerpt":{"rendered":"<p>Voller stolz er\u00f6ffnen die Klubs ein Klublokal im Herzen von Essling in der Wiener Donaustadt und laden zur offiziellen Er\u00f6ffnungsfeier am 29. Oktober ein. Feiern Sie mit uns! <\/p>\n","protected":false},"author":10,"featured_media":16020,"comment_status":"closed","ping_status":"closed","sticky":false,"template":"","format":"standard","meta":{"_acf_changed":false,"footnotes":""},"categories":[80,22],"tags":[],"class_list":["post-16386","post","type-post","status-publish","format-standard","has-post-thumbnail","hentry","category-feste-feiern","category-willkommen-im-klub"],"acf":[],"yoast_head":"<!-- This site is optimized with the Yoast SEO plugin v27.4 - https:\/\/yoast.com\/product\/yoast-seo-wordpress\/ -->\n<title>Er\u00f6ffnungsfeier Klub+ All in Essling - Pensionist*innenklubs<\/title>\n<meta name=\"description\" content=\"Voller stolz er\u00f6ffnen die Klubs ein Klublokal im Herzen von Essling und laden zur offiziellen Er\u00f6ffnungsfeier am 29. Oktober ein.\" \/>\n<meta name=\"robots\" content=\"index, follow, max-snippet:-1, max-image-preview:large, max-video-preview:-1\" \/>\n<link rel=\"canonical\" href=\"https:\/\/kwp.at\/pensionistenklubs\/eroeffnungsfeier-klub-all-in-essling\/\" \/>\n<meta property=\"og:locale\" content=\"de_DE\" \/>\n<meta property=\"og:type\" content=\"article\" \/>\n<meta property=\"og:title\" content=\"Er\u00f6ffnungsfeier Klub+ All in Essling - Pensionist*innenklubs\" \/>\n<meta property=\"og:description\" content=\"Voller stolz er\u00f6ffnen die Klubs ein Klublokal im Herzen von Essling und laden zur offiziellen Er\u00f6ffnungsfeier am 29. Oktober ein.\" \/>\n<meta property=\"og:url\" content=\"https:\/\/kwp.at\/pensionistenklubs\/eroeffnungsfeier-klub-all-in-essling\/\" \/>\n<meta property=\"og:site_name\" content=\"Pensionist*innenklubs\" \/>\n<meta property=\"article:published_time\" content=\"2024-09-06T07:18:21+00:00\" \/>\n<meta property=\"article:modified_time\" content=\"2024-10-24T10:30:50+00:00\" \/>\n<meta property=\"og:image\" content=\"https:\/\/kwp.at\/pensionistenklubs\/wp-content\/uploads\/sites\/2\/2024\/07\/5.jpg\" \/>\n\t<meta property=\"og:image:width\" content=\"1200\" \/>\n\t<meta property=\"og:image:height\" content=\"500\" \/>\n\t<meta property=\"og:image:type\" content=\"image\/jpeg\" \/>\n<meta name=\"author\" content=\"mkteam\" \/>\n<meta name=\"twitter:card\" content=\"summary_large_image\" \/>\n<meta name=\"twitter:label1\" content=\"Geschrieben von\" \/>\n\t<meta name=\"twitter:data1\" content=\"mkteam\" \/>\n\t<meta name=\"twitter:label2\" content=\"Gesch\u00e4tzte Lesezeit\" \/>\n\t<meta name=\"twitter:data2\" content=\"3\u00a0Minuten\" \/>\n<script type=\"application\/ld+json\" class=\"yoast-schema-graph\">{\"@context\":\"https:\\\/\\\/schema.org\",\"@graph\":[{\"@type\":\"Article\",\"@id\":\"https:\\\/\\\/kwp.at\\\/pensionistenklubs\\\/eroeffnungsfeier-klub-all-in-essling\\\/#article\",\"isPartOf\":{\"@id\":\"https:\\\/\\\/kwp.at\\\/pensionistenklubs\\\/eroeffnungsfeier-klub-all-in-essling\\\/\"},\"author\":{\"name\":\"mkteam\",\"@id\":\"https:\\\/\\\/kwp.at\\\/pensionistenklubs\\\/#\\\/schema\\\/person\\\/8c6edf17873d744273376c286447f2fd\"},\"headline\":\"Er\u00f6ffnungsfeier Klub+ All in Essling\",\"datePublished\":\"2024-09-06T07:18:21+00:00\",\"dateModified\":\"2024-10-24T10:30:50+00:00\",\"mainEntityOfPage\":{\"@id\":\"https:\\\/\\\/kwp.at\\\/pensionistenklubs\\\/eroeffnungsfeier-klub-all-in-essling\\\/\"},\"wordCount\":424,\"publisher\":{\"@id\":\"https:\\\/\\\/kwp.at\\\/pensionistenklubs\\\/#organization\"},\"image\":{\"@id\":\"https:\\\/\\\/kwp.at\\\/pensionistenklubs\\\/eroeffnungsfeier-klub-all-in-essling\\\/#primaryimage\"},\"thumbnailUrl\":\"https:\\\/\\\/kwp.at\\\/pensionistenklubs\\\/wp-content\\\/uploads\\\/sites\\\/2\\\/2024\\\/07\\\/5.jpg\",\"articleSection\":[\"Feste feiern\",\"Willkommen im Klub\"],\"inLanguage\":\"de\"},{\"@type\":\"WebPage\",\"@id\":\"https:\\\/\\\/kwp.at\\\/pensionistenklubs\\\/eroeffnungsfeier-klub-all-in-essling\\\/\",\"url\":\"https:\\\/\\\/kwp.at\\\/pensionistenklubs\\\/eroeffnungsfeier-klub-all-in-essling\\\/\",\"name\":\"Er\u00f6ffnungsfeier Klub+ All in Essling - Pensionist*innenklubs\",\"isPartOf\":{\"@id\":\"https:\\\/\\\/kwp.at\\\/pensionistenklubs\\\/#website\"},\"primaryImageOfPage\":{\"@id\":\"https:\\\/\\\/kwp.at\\\/pensionistenklubs\\\/eroeffnungsfeier-klub-all-in-essling\\\/#primaryimage\"},\"image\":{\"@id\":\"https:\\\/\\\/kwp.at\\\/pensionistenklubs\\\/eroeffnungsfeier-klub-all-in-essling\\\/#primaryimage\"},\"thumbnailUrl\":\"https:\\\/\\\/kwp.at\\\/pensionistenklubs\\\/wp-content\\\/uploads\\\/sites\\\/2\\\/2024\\\/07\\\/5.jpg\",\"datePublished\":\"2024-09-06T07:18:21+00:00\",\"dateModified\":\"2024-10-24T10:30:50+00:00\",\"description\":\"Voller stolz er\u00f6ffnen die Klubs ein Klublokal im Herzen von Essling und laden zur offiziellen Er\u00f6ffnungsfeier am 29. Oktober ein.\",\"inLanguage\":\"de\",\"potentialAction\":[{\"@type\":\"ReadAction\",\"target\":[\"https:\\\/\\\/kwp.at\\\/pensionistenklubs\\\/eroeffnungsfeier-klub-all-in-essling\\\/\"]}]},{\"@type\":\"ImageObject\",\"inLanguage\":\"de\",\"@id\":\"https:\\\/\\\/kwp.at\\\/pensionistenklubs\\\/eroeffnungsfeier-klub-all-in-essling\\\/#primaryimage\",\"url\":\"https:\\\/\\\/kwp.at\\\/pensionistenklubs\\\/wp-content\\\/uploads\\\/sites\\\/2\\\/2024\\\/07\\\/5.jpg\",\"contentUrl\":\"https:\\\/\\\/kwp.at\\\/pensionistenklubs\\\/wp-content\\\/uploads\\\/sites\\\/2\\\/2024\\\/07\\\/5.jpg\",\"width\":1200,\"height\":500,\"caption\":\"Musik\"},{\"@type\":\"WebSite\",\"@id\":\"https:\\\/\\\/kwp.at\\\/pensionistenklubs\\\/#website\",\"url\":\"https:\\\/\\\/kwp.at\\\/pensionistenklubs\\\/\",\"name\":\"Pensionist*innenklubs\",\"description\":\"F\u00fcr die Stadt Wien\",\"publisher\":{\"@id\":\"https:\\\/\\\/kwp.at\\\/pensionistenklubs\\\/#organization\"},\"potentialAction\":[{\"@type\":\"SearchAction\",\"target\":{\"@type\":\"EntryPoint\",\"urlTemplate\":\"https:\\\/\\\/kwp.at\\\/pensionistenklubs\\\/?s={search_term_string}\"},\"query-input\":{\"@type\":\"PropertyValueSpecification\",\"valueRequired\":true,\"valueName\":\"search_term_string\"}}],\"inLanguage\":\"de\"},{\"@type\":\"Organization\",\"@id\":\"https:\\\/\\\/kwp.at\\\/pensionistenklubs\\\/#organization\",\"name\":\"PensionistInnenklubs f\u00fcr die Stadt Wien\",\"url\":\"https:\\\/\\\/kwp.at\\\/pensionistenklubs\\\/\",\"logo\":{\"@type\":\"ImageObject\",\"inLanguage\":\"de\",\"@id\":\"https:\\\/\\\/kwp.at\\\/pensionistenklubs\\\/#\\\/schema\\\/logo\\\/image\\\/\",\"url\":\"https:\\\/\\\/kwp.at\\\/pensionistenklubs\\\/wp-content\\\/uploads\\\/sites\\\/2\\\/2022\\\/08\\\/Logo-Pensionistenklubs-scaled-1.jpeg\",\"contentUrl\":\"https:\\\/\\\/kwp.at\\\/pensionistenklubs\\\/wp-content\\\/uploads\\\/sites\\\/2\\\/2022\\\/08\\\/Logo-Pensionistenklubs-scaled-1.jpeg\",\"width\":2560,\"height\":610,\"caption\":\"PensionistInnenklubs f\u00fcr die Stadt Wien\"},\"image\":{\"@id\":\"https:\\\/\\\/kwp.at\\\/pensionistenklubs\\\/#\\\/schema\\\/logo\\\/image\\\/\"}},{\"@type\":\"Person\",\"@id\":\"https:\\\/\\\/kwp.at\\\/pensionistenklubs\\\/#\\\/schema\\\/person\\\/8c6edf17873d744273376c286447f2fd\",\"name\":\"mkteam\",\"image\":{\"@type\":\"ImageObject\",\"inLanguage\":\"de\",\"@id\":\"https:\\\/\\\/secure.gravatar.com\\\/avatar\\\/5b85da3e8242fed05ef02f007f24fae76ef0d22dc496c6d4dd9a210bcd106db2?s=96&d=mm&r=g\",\"url\":\"https:\\\/\\\/secure.gravatar.com\\\/avatar\\\/5b85da3e8242fed05ef02f007f24fae76ef0d22dc496c6d4dd9a210bcd106db2?s=96&d=mm&r=g\",\"contentUrl\":\"https:\\\/\\\/secure.gravatar.com\\\/avatar\\\/5b85da3e8242fed05ef02f007f24fae76ef0d22dc496c6d4dd9a210bcd106db2?s=96&d=mm&r=g\",\"caption\":\"mkteam\"}}]}<\/script>\n<!-- \/ Yoast SEO plugin. -->","yoast_head_json":{"title":"Er\u00f6ffnungsfeier Klub+ All in Essling - Pensionist*innenklubs","description":"Voller stolz er\u00f6ffnen die Klubs ein Klublokal im Herzen von Essling und laden zur offiziellen Er\u00f6ffnungsfeier am 29. Oktober ein.","robots":{"index":"index","follow":"follow","max-snippet":"max-snippet:-1","max-image-preview":"max-image-preview:large","max-video-preview":"max-video-preview:-1"},"canonical":"https:\/\/kwp.at\/pensionistenklubs\/eroeffnungsfeier-klub-all-in-essling\/","og_locale":"de_DE","og_type":"article","og_title":"Er\u00f6ffnungsfeier Klub+ All in Essling - Pensionist*innenklubs","og_description":"Voller stolz er\u00f6ffnen die Klubs ein Klublokal im Herzen von Essling und laden zur offiziellen Er\u00f6ffnungsfeier am 29. Oktober ein.","og_url":"https:\/\/kwp.at\/pensionistenklubs\/eroeffnungsfeier-klub-all-in-essling\/","og_site_name":"Pensionist*innenklubs","article_published_time":"2024-09-06T07:18:21+00:00","article_modified_time":"2024-10-24T10:30:50+00:00","og_image":[{"width":1200,"height":500,"url":"https:\/\/kwp.at\/pensionistenklubs\/wp-content\/uploads\/sites\/2\/2024\/07\/5.jpg","type":"image\/jpeg"}],"author":"mkteam","twitter_card":"summary_large_image","twitter_misc":{"Geschrieben von":"mkteam","Gesch\u00e4tzte Lesezeit":"3\u00a0Minuten"},"schema":{"@context":"https:\/\/schema.org","@graph":[{"@type":"Article","@id":"https:\/\/kwp.at\/pensionistenklubs\/eroeffnungsfeier-klub-all-in-essling\/#article","isPartOf":{"@id":"https:\/\/kwp.at\/pensionistenklubs\/eroeffnungsfeier-klub-all-in-essling\/"},"author":{"name":"mkteam","@id":"https:\/\/kwp.at\/pensionistenklubs\/#\/schema\/person\/8c6edf17873d744273376c286447f2fd"},"headline":"Er\u00f6ffnungsfeier Klub+ All in Essling","datePublished":"2024-09-06T07:18:21+00:00","dateModified":"2024-10-24T10:30:50+00:00","mainEntityOfPage":{"@id":"https:\/\/kwp.at\/pensionistenklubs\/eroeffnungsfeier-klub-all-in-essling\/"},"wordCount":424,"publisher":{"@id":"https:\/\/kwp.at\/pensionistenklubs\/#organization"},"image":{"@id":"https:\/\/kwp.at\/pensionistenklubs\/eroeffnungsfeier-klub-all-in-essling\/#primaryimage"},"thumbnailUrl":"https:\/\/kwp.at\/pensionistenklubs\/wp-content\/uploads\/sites\/2\/2024\/07\/5.jpg","articleSection":["Feste feiern","Willkommen im Klub"],"inLanguage":"de"},{"@type":"WebPage","@id":"https:\/\/kwp.at\/pensionistenklubs\/eroeffnungsfeier-klub-all-in-essling\/","url":"https:\/\/kwp.at\/pensionistenklubs\/eroeffnungsfeier-klub-all-in-essling\/","name":"Er\u00f6ffnungsfeier Klub+ All in Essling - Pensionist*innenklubs","isPartOf":{"@id":"https:\/\/kwp.at\/pensionistenklubs\/#website"},"primaryImageOfPage":{"@id":"https:\/\/kwp.at\/pensionistenklubs\/eroeffnungsfeier-klub-all-in-essling\/#primaryimage"},"image":{"@id":"https:\/\/kwp.at\/pensionistenklubs\/eroeffnungsfeier-klub-all-in-essling\/#primaryimage"},"thumbnailUrl":"https:\/\/kwp.at\/pensionistenklubs\/wp-content\/uploads\/sites\/2\/2024\/07\/5.jpg","datePublished":"2024-09-06T07:18:21+00:00","dateModified":"2024-10-24T10:30:50+00:00","description":"Voller stolz er\u00f6ffnen die Klubs ein Klublokal im Herzen von Essling und laden zur offiziellen Er\u00f6ffnungsfeier am 29. Oktober ein.","inLanguage":"de","potentialAction":[{"@type":"ReadAction","target":["https:\/\/kwp.at\/pensionistenklubs\/eroeffnungsfeier-klub-all-in-essling\/"]}]},{"@type":"ImageObject","inLanguage":"de","@id":"https:\/\/kwp.at\/pensionistenklubs\/eroeffnungsfeier-klub-all-in-essling\/#primaryimage","url":"https:\/\/kwp.at\/pensionistenklubs\/wp-content\/uploads\/sites\/2\/2024\/07\/5.jpg","contentUrl":"https:\/\/kwp.at\/pensionistenklubs\/wp-content\/uploads\/sites\/2\/2024\/07\/5.jpg","width":1200,"height":500,"caption":"Musik"},{"@type":"WebSite","@id":"https:\/\/kwp.at\/pensionistenklubs\/#website","url":"https:\/\/kwp.at\/pensionistenklubs\/","name":"Pensionist*innenklubs","description":"F\u00fcr die Stadt Wien","publisher":{"@id":"https:\/\/kwp.at\/pensionistenklubs\/#organization"},"potentialAction":[{"@type":"SearchAction","target":{"@type":"EntryPoint","urlTemplate":"https:\/\/kwp.at\/pensionistenklubs\/?s={search_term_string}"},"query-input":{"@type":"PropertyValueSpecification","valueRequired":true,"valueName":"search_term_string"}}],"inLanguage":"de"},{"@type":"Organization","@id":"https:\/\/kwp.at\/pensionistenklubs\/#organization","name":"PensionistInnenklubs f\u00fcr die Stadt Wien","url":"https:\/\/kwp.at\/pensionistenklubs\/","logo":{"@type":"ImageObject","inLanguage":"de","@id":"https:\/\/kwp.at\/pensionistenklubs\/#\/schema\/logo\/image\/","url":"https:\/\/kwp.at\/pensionistenklubs\/wp-content\/uploads\/sites\/2\/2022\/08\/Logo-Pensionistenklubs-scaled-1.jpeg","contentUrl":"https:\/\/kwp.at\/pensionistenklubs\/wp-content\/uploads\/sites\/2\/2022\/08\/Logo-Pensionistenklubs-scaled-1.jpeg","width":2560,"height":610,"caption":"PensionistInnenklubs f\u00fcr die Stadt Wien"},"image":{"@id":"https:\/\/kwp.at\/pensionistenklubs\/#\/schema\/logo\/image\/"}},{"@type":"Person","@id":"https:\/\/kwp.at\/pensionistenklubs\/#\/schema\/person\/8c6edf17873d744273376c286447f2fd","name":"mkteam","image":{"@type":"ImageObject","inLanguage":"de","@id":"https:\/\/secure.gravatar.com\/avatar\/5b85da3e8242fed05ef02f007f24fae76ef0d22dc496c6d4dd9a210bcd106db2?s=96&d=mm&r=g","url":"https:\/\/secure.gravatar.com\/avatar\/5b85da3e8242fed05ef02f007f24fae76ef0d22dc496c6d4dd9a210bcd106db2?s=96&d=mm&r=g","contentUrl":"https:\/\/secure.gravatar.com\/avatar\/5b85da3e8242fed05ef02f007f24fae76ef0d22dc496c6d4dd9a210bcd106db2?s=96&d=mm&r=g","caption":"mkteam"}}]}},"_links":{"self":[{"href":"https:\/\/kwp.at\/pensionistenklubs\/wp-json\/wp\/v2\/posts\/16386","targetHints":{"allow":["GET"]}}],"collection":[{"href":"https:\/\/kwp.at\/pensionistenklubs\/wp-json\/wp\/v2\/posts"}],"about":[{"href":"https:\/\/kwp.at\/pensionistenklubs\/wp-json\/wp\/v2\/types\/post"}],"author":[{"embeddable":true,"href":"https:\/\/kwp.at\/pensionistenklubs\/wp-json\/wp\/v2\/users\/10"}],"replies":[{"embeddable":true,"href":"https:\/\/kwp.at\/pensionistenklubs\/wp-json\/wp\/v2\/comments?post=16386"}],"version-history":[{"count":17,"href":"https:\/\/kwp.at\/pensionistenklubs\/wp-json\/wp\/v2\/posts\/16386\/revisions"}],"predecessor-version":[{"id":16965,"href":"https:\/\/kwp.at\/pensionistenklubs\/wp-json\/wp\/v2\/posts\/16386\/revisions\/16965"}],"wp:featuredmedia":[{"embeddable":true,"href":"https:\/\/kwp.at\/pensionistenklubs\/wp-json\/wp\/v2\/media\/16020"}],"wp:attachment":[{"href":"https:\/\/kwp.at\/pensionistenklubs\/wp-json\/wp\/v2\/media?parent=16386"}],"wp:term":[{"taxonomy":"category","embeddable":true,"href":"https:\/\/kwp.at\/pensionistenklubs\/wp-json\/wp\/v2\/categories?post=16386"},{"taxonomy":"post_tag","embeddable":true,"href":"https:\/\/kwp.at\/pensionistenklubs\/wp-json\/wp\/v2\/tags?post=16386"}],"curies":[{"name":"wp","href":"https:\/\/api.w.org\/{rel}","templated":true}]}}