{"id":15978,"date":"2024-07-08T13:48:04","date_gmt":"2024-07-08T11:48:04","guid":{"rendered":"https:\/\/kwp.at\/pensionistenklubs\/?p=15978"},"modified":"2024-09-11T09:40:49","modified_gmt":"2024-09-11T07:40:49","slug":"seniorinnentag-auf-der-wiener-kaiser-wiesn","status":"publish","type":"post","link":"https:\/\/kwp.at\/pensionistenklubs\/seniorinnentag-auf-der-wiener-kaiser-wiesn\/","title":{"rendered":"Senior*innentag auf der Wiener Kaiser Wiesn"},"content":{"rendered":"\n<p><strong>Bald hei\u00dft es wieder &#8222;O&#8217;zapft is!&#8220; auf Wiens gr\u00f6\u00dftem Oktoberfest. Ab 26. September 2024 l\u00e4dt die Wiener Kaiser Wiesn dann wieder zur urigen Trachten-Sause ein. Auch f\u00fcr Klubmitglieder gibt es hier ein tolles Angebot! <\/strong><\/p>\n\n\n\n<h2 class=\"wp-block-heading\">Wiesngaudi 2024<\/h2>\n\n\n\n<p>Zwischen 26. September und 13. Oktober verwandelt sich die Kaiser Wiese vor dem Wiener Riesenrad zur Partyzone f\u00fcr all jene, die es gerne urig, z\u00fcnftig und gem\u00fctlich haben. Denn dann findet auch in diesem Jahr wieder das gr\u00f6\u00dfte Oktoberfest Wiens &#8211; <a href=\"https:\/\/kaiserwiesn.at\/\">die Wiener Kaiser Wiesn<\/a> &#8211; statt und l\u00e4dt mit Musik, Unterhaltung und herzhaften Schmankerln zum Feiern, Schunkeln und Verweilen ein. <\/p>\n\n\n\n<p>T\u00e4glich ab 11:30 Uhr kann man dann bei freiem Eintritt \u00f6sterreichischen Brauchtum und gem\u00fctliche Bierzeltstimmung genie\u00dfen. Abends laden t\u00e4glich buntgemischte Musik Acts zum gemeinsamen Feiern ein.<\/p>\n\n\n\n<h2 class=\"wp-block-heading\">Senior*innentag auf der Kaiser Wiesn <\/h2>\n\n\n\n<p>Der 9. Oktober steht auf der Wiener Kaiser Wiesn ganz im Zeichen der Seniorinnen und Senioren. Denn dann findet von 12:00-17:00 Uhr im gro\u00dfen G\u00f6sser Zelt ausgew\u00e4hltes Unterhaltungsprogramm statt, zu dem die Mitglieder der Pensionist*innenklubs und des <a href=\"https:\/\/pvoe.at\/wien\/\">Pensionistenverband Wien<\/a> herzlich eingeladen sind.<\/p>\n\n\n\n<p>Genie\u00dfen Sie Geselligkeit, Wiesnstimmung pur und Liveauftritte der Werder Klub Band, sowie des <a href=\"https:\/\/www.hans-ecker-trio.at\/\">Hans Ecker Trio<\/a>. <\/p>\n\n\n\n<p><strong>Auch die Kulinarik kommt hier nicht zu kurz &#8211; speziell f\u00fcr unsere G\u00e4ste gibt es ein verg\u00fcnstigtes Sonderangebot:<\/strong> Klubmitglieder erhalten ein Wiesn-Men\u00fc (1\/2 H\u00e4hnchen und 1\/2 Ma\u00df Bier, oder ein vergleichbares antialkoholisches Getr\u00e4nk) zum reduzierten Sonderpreis von 20,20.- Euro. Weiters k\u00f6nnen Speisen und Getr\u00e4nke laut Konditionen der Speisekarte bestellt werden.<\/p>\n\n\n\n<p><strong>Jetzt schnell sein und online anmelden! <\/strong>F\u00fcr Klubmitglieder gibt es exklusiv ein limitiertes Kartenkontingent von 1.000 reservierten Sitzpl\u00e4tzen!<\/p>\n\n\n\n<div style=\"background-color: #70c4e5\" class=\"wp-block-kwp-blocks-infobox\"><h3>Begleiten Sie uns zur Wiener Kaiser Wiesn! <\/h3><p>\n<p>Melden Sie sich jetzt <a href=\"https:\/\/kwp.at\/veranstaltungen\/?filter=club&amp;club_style=1&amp;event_search=Kaiser+Wies&amp;start_date=&amp;end_date=\">online<\/a> zur Wiesn Gaudi an und holen Sie anschlie\u00dfend zwischen 30. September und 4. Oktober mit der ausgedruckten Anmeldebest\u00e4tigung Ihr pers\u00f6nliches Eintrittsband f\u00fcr die Wiener Kaiser Wiesn in einem unserer <a href=\"https:\/\/kwp.at\/pensionistenklubs\/clubs\/\">Klubs<\/a> ab.<\/p>\n\n\n\n<p><strong>Tipp:<\/strong> Unsere Klubmitarbeiter*innen helfen gerne beim Anmeldeprozess!<\/p>\n\n\n\n<a target=\"_blank\" href=\"https:\/\/kwp.at\/veranstaltungen\/?filter=club&amp;club_style=1&amp;event_search=Kaiser+Wies&amp;start_date=&amp;end_date=\" rel=\"noopener noreferrer\" class=\"wp-block-kwp-blocks-button-block\">Jetzt anmelden! <\/a>\n\n\n\n<p><\/p>\n\n\n\n<p><sub>Die Anmeldung ist kostenfrei und beinhaltet eine Sitzplatzreservierung pro Person am 9. Oktober 2024 von 12:00-17:00 Uhr, inklusive Unterhaltungsprogramm im G\u00f6sserzelt. Anmeldung und Reservierung so lange der Vorrat reicht. Es herrscht Selbstkonsumation vor Ort.<\/sub><\/p>\n<\/p><\/div>\n","protected":false},"excerpt":{"rendered":"<p>Bald hei\u00dft es wieder &#8222;O&#8217;zapft is!&#8220; auf Wiens gr\u00f6\u00dftem Oktoberfest im Prater. Von 26. September bis zum 13. Oktober 2024 l\u00e4dt die Wiener Kaiser Wiesn dann wieder zur urigen Trachten-Sause ein. Auch f\u00fcr Klubmitglieder gibt es hier ein tolles Angebot! <\/p>\n","protected":false},"author":10,"featured_media":15979,"comment_status":"closed","ping_status":"closed","sticky":false,"template":"","format":"standard","meta":{"_acf_changed":false,"footnotes":""},"categories":[80,18],"tags":[],"class_list":["post-15978","post","type-post","status-publish","format-standard","has-post-thumbnail","hentry","category-feste-feiern","category-musik-und-tanz"],"acf":[],"yoast_head":"<!-- This site is optimized with the Yoast SEO plugin v27.4 - https:\/\/yoast.com\/product\/yoast-seo-wordpress\/ -->\n<title>Senior*innentag auf der Wiener Kaiser Wiesn - Pensionist*innenklubs<\/title>\n<meta name=\"robots\" content=\"index, follow, max-snippet:-1, max-image-preview:large, max-video-preview:-1\" \/>\n<link rel=\"canonical\" href=\"https:\/\/kwp.at\/pensionistenklubs\/seniorinnentag-auf-der-wiener-kaiser-wiesn\/\" \/>\n<meta property=\"og:locale\" content=\"de_DE\" \/>\n<meta property=\"og:type\" content=\"article\" \/>\n<meta property=\"og:title\" content=\"Senior*innentag auf der Wiener Kaiser Wiesn - Pensionist*innenklubs\" \/>\n<meta property=\"og:description\" content=\"Bald hei\u00dft es wieder &quot;O&#039;zapft is!&quot; auf Wiens gr\u00f6\u00dftem Oktoberfest im Prater. Von 26. September bis zum 13. Oktober 2024 l\u00e4dt die Wiener Kaiser Wiesn dann wieder zur urigen Trachten-Sause ein. Auch f\u00fcr Klubmitglieder gibt es hier ein tolles Angebot!\" \/>\n<meta property=\"og:url\" content=\"https:\/\/kwp.at\/pensionistenklubs\/seniorinnentag-auf-der-wiener-kaiser-wiesn\/\" \/>\n<meta property=\"og:site_name\" content=\"Pensionist*innenklubs\" \/>\n<meta property=\"article:published_time\" content=\"2024-07-08T11:48:04+00:00\" \/>\n<meta property=\"article:modified_time\" content=\"2024-09-11T07:40:49+00:00\" \/>\n<meta property=\"og:image\" content=\"https:\/\/kwp.at\/pensionistenklubs\/wp-content\/uploads\/sites\/2\/2024\/07\/Design-ohne-Titel-9.jpg\" \/>\n\t<meta property=\"og:image:width\" content=\"1200\" \/>\n\t<meta property=\"og:image:height\" content=\"500\" \/>\n\t<meta property=\"og:image:type\" content=\"image\/jpeg\" \/>\n<meta name=\"author\" content=\"mkteam\" \/>\n<meta name=\"twitter:card\" content=\"summary_large_image\" \/>\n<meta name=\"twitter:label1\" content=\"Geschrieben von\" \/>\n\t<meta name=\"twitter:data1\" content=\"mkteam\" \/>\n\t<meta name=\"twitter:label2\" content=\"Gesch\u00e4tzte Lesezeit\" \/>\n\t<meta name=\"twitter:data2\" content=\"3\u00a0Minuten\" \/>\n<script type=\"application\/ld+json\" class=\"yoast-schema-graph\">{\"@context\":\"https:\\\/\\\/schema.org\",\"@graph\":[{\"@type\":\"Article\",\"@id\":\"https:\\\/\\\/kwp.at\\\/pensionistenklubs\\\/seniorinnentag-auf-der-wiener-kaiser-wiesn\\\/#article\",\"isPartOf\":{\"@id\":\"https:\\\/\\\/kwp.at\\\/pensionistenklubs\\\/seniorinnentag-auf-der-wiener-kaiser-wiesn\\\/\"},\"author\":{\"name\":\"mkteam\",\"@id\":\"https:\\\/\\\/kwp.at\\\/pensionistenklubs\\\/#\\\/schema\\\/person\\\/8c6edf17873d744273376c286447f2fd\"},\"headline\":\"Senior*innentag auf der Wiener Kaiser Wiesn\",\"datePublished\":\"2024-07-08T11:48:04+00:00\",\"dateModified\":\"2024-09-11T07:40:49+00:00\",\"mainEntityOfPage\":{\"@id\":\"https:\\\/\\\/kwp.at\\\/pensionistenklubs\\\/seniorinnentag-auf-der-wiener-kaiser-wiesn\\\/\"},\"wordCount\":368,\"publisher\":{\"@id\":\"https:\\\/\\\/kwp.at\\\/pensionistenklubs\\\/#organization\"},\"image\":{\"@id\":\"https:\\\/\\\/kwp.at\\\/pensionistenklubs\\\/seniorinnentag-auf-der-wiener-kaiser-wiesn\\\/#primaryimage\"},\"thumbnailUrl\":\"https:\\\/\\\/kwp.at\\\/pensionistenklubs\\\/wp-content\\\/uploads\\\/sites\\\/2\\\/2024\\\/07\\\/Design-ohne-Titel-9.jpg\",\"articleSection\":[\"Feste feiern\",\"Musik und Tanz\"],\"inLanguage\":\"de\"},{\"@type\":\"WebPage\",\"@id\":\"https:\\\/\\\/kwp.at\\\/pensionistenklubs\\\/seniorinnentag-auf-der-wiener-kaiser-wiesn\\\/\",\"url\":\"https:\\\/\\\/kwp.at\\\/pensionistenklubs\\\/seniorinnentag-auf-der-wiener-kaiser-wiesn\\\/\",\"name\":\"Senior*innentag auf der Wiener Kaiser Wiesn - Pensionist*innenklubs\",\"isPartOf\":{\"@id\":\"https:\\\/\\\/kwp.at\\\/pensionistenklubs\\\/#website\"},\"primaryImageOfPage\":{\"@id\":\"https:\\\/\\\/kwp.at\\\/pensionistenklubs\\\/seniorinnentag-auf-der-wiener-kaiser-wiesn\\\/#primaryimage\"},\"image\":{\"@id\":\"https:\\\/\\\/kwp.at\\\/pensionistenklubs\\\/seniorinnentag-auf-der-wiener-kaiser-wiesn\\\/#primaryimage\"},\"thumbnailUrl\":\"https:\\\/\\\/kwp.at\\\/pensionistenklubs\\\/wp-content\\\/uploads\\\/sites\\\/2\\\/2024\\\/07\\\/Design-ohne-Titel-9.jpg\",\"datePublished\":\"2024-07-08T11:48:04+00:00\",\"dateModified\":\"2024-09-11T07:40:49+00:00\",\"inLanguage\":\"de\",\"potentialAction\":[{\"@type\":\"ReadAction\",\"target\":[\"https:\\\/\\\/kwp.at\\\/pensionistenklubs\\\/seniorinnentag-auf-der-wiener-kaiser-wiesn\\\/\"]}]},{\"@type\":\"ImageObject\",\"inLanguage\":\"de\",\"@id\":\"https:\\\/\\\/kwp.at\\\/pensionistenklubs\\\/seniorinnentag-auf-der-wiener-kaiser-wiesn\\\/#primaryimage\",\"url\":\"https:\\\/\\\/kwp.at\\\/pensionistenklubs\\\/wp-content\\\/uploads\\\/sites\\\/2\\\/2024\\\/07\\\/Design-ohne-Titel-9.jpg\",\"contentUrl\":\"https:\\\/\\\/kwp.at\\\/pensionistenklubs\\\/wp-content\\\/uploads\\\/sites\\\/2\\\/2024\\\/07\\\/Design-ohne-Titel-9.jpg\",\"width\":1200,\"height\":500},{\"@type\":\"WebSite\",\"@id\":\"https:\\\/\\\/kwp.at\\\/pensionistenklubs\\\/#website\",\"url\":\"https:\\\/\\\/kwp.at\\\/pensionistenklubs\\\/\",\"name\":\"Pensionist*innenklubs\",\"description\":\"F\u00fcr die Stadt Wien\",\"publisher\":{\"@id\":\"https:\\\/\\\/kwp.at\\\/pensionistenklubs\\\/#organization\"},\"potentialAction\":[{\"@type\":\"SearchAction\",\"target\":{\"@type\":\"EntryPoint\",\"urlTemplate\":\"https:\\\/\\\/kwp.at\\\/pensionistenklubs\\\/?s={search_term_string}\"},\"query-input\":{\"@type\":\"PropertyValueSpecification\",\"valueRequired\":true,\"valueName\":\"search_term_string\"}}],\"inLanguage\":\"de\"},{\"@type\":\"Organization\",\"@id\":\"https:\\\/\\\/kwp.at\\\/pensionistenklubs\\\/#organization\",\"name\":\"PensionistInnenklubs f\u00fcr die Stadt Wien\",\"url\":\"https:\\\/\\\/kwp.at\\\/pensionistenklubs\\\/\",\"logo\":{\"@type\":\"ImageObject\",\"inLanguage\":\"de\",\"@id\":\"https:\\\/\\\/kwp.at\\\/pensionistenklubs\\\/#\\\/schema\\\/logo\\\/image\\\/\",\"url\":\"https:\\\/\\\/kwp.at\\\/pensionistenklubs\\\/wp-content\\\/uploads\\\/sites\\\/2\\\/2022\\\/08\\\/Logo-Pensionistenklubs-scaled-1.jpeg\",\"contentUrl\":\"https:\\\/\\\/kwp.at\\\/pensionistenklubs\\\/wp-content\\\/uploads\\\/sites\\\/2\\\/2022\\\/08\\\/Logo-Pensionistenklubs-scaled-1.jpeg\",\"width\":2560,\"height\":610,\"caption\":\"PensionistInnenklubs f\u00fcr die Stadt Wien\"},\"image\":{\"@id\":\"https:\\\/\\\/kwp.at\\\/pensionistenklubs\\\/#\\\/schema\\\/logo\\\/image\\\/\"}},{\"@type\":\"Person\",\"@id\":\"https:\\\/\\\/kwp.at\\\/pensionistenklubs\\\/#\\\/schema\\\/person\\\/8c6edf17873d744273376c286447f2fd\",\"name\":\"mkteam\",\"image\":{\"@type\":\"ImageObject\",\"inLanguage\":\"de\",\"@id\":\"https:\\\/\\\/secure.gravatar.com\\\/avatar\\\/5b85da3e8242fed05ef02f007f24fae76ef0d22dc496c6d4dd9a210bcd106db2?s=96&d=mm&r=g\",\"url\":\"https:\\\/\\\/secure.gravatar.com\\\/avatar\\\/5b85da3e8242fed05ef02f007f24fae76ef0d22dc496c6d4dd9a210bcd106db2?s=96&d=mm&r=g\",\"contentUrl\":\"https:\\\/\\\/secure.gravatar.com\\\/avatar\\\/5b85da3e8242fed05ef02f007f24fae76ef0d22dc496c6d4dd9a210bcd106db2?s=96&d=mm&r=g\",\"caption\":\"mkteam\"}}]}<\/script>\n<!-- \/ Yoast SEO plugin. -->","yoast_head_json":{"title":"Senior*innentag auf der Wiener Kaiser Wiesn - Pensionist*innenklubs","robots":{"index":"index","follow":"follow","max-snippet":"max-snippet:-1","max-image-preview":"max-image-preview:large","max-video-preview":"max-video-preview:-1"},"canonical":"https:\/\/kwp.at\/pensionistenklubs\/seniorinnentag-auf-der-wiener-kaiser-wiesn\/","og_locale":"de_DE","og_type":"article","og_title":"Senior*innentag auf der Wiener Kaiser Wiesn - Pensionist*innenklubs","og_description":"Bald hei\u00dft es wieder \"O'zapft is!\" auf Wiens gr\u00f6\u00dftem Oktoberfest im Prater. Von 26. September bis zum 13. Oktober 2024 l\u00e4dt die Wiener Kaiser Wiesn dann wieder zur urigen Trachten-Sause ein. Auch f\u00fcr Klubmitglieder gibt es hier ein tolles Angebot!","og_url":"https:\/\/kwp.at\/pensionistenklubs\/seniorinnentag-auf-der-wiener-kaiser-wiesn\/","og_site_name":"Pensionist*innenklubs","article_published_time":"2024-07-08T11:48:04+00:00","article_modified_time":"2024-09-11T07:40:49+00:00","og_image":[{"width":1200,"height":500,"url":"https:\/\/kwp.at\/pensionistenklubs\/wp-content\/uploads\/sites\/2\/2024\/07\/Design-ohne-Titel-9.jpg","type":"image\/jpeg"}],"author":"mkteam","twitter_card":"summary_large_image","twitter_misc":{"Geschrieben von":"mkteam","Gesch\u00e4tzte Lesezeit":"3\u00a0Minuten"},"schema":{"@context":"https:\/\/schema.org","@graph":[{"@type":"Article","@id":"https:\/\/kwp.at\/pensionistenklubs\/seniorinnentag-auf-der-wiener-kaiser-wiesn\/#article","isPartOf":{"@id":"https:\/\/kwp.at\/pensionistenklubs\/seniorinnentag-auf-der-wiener-kaiser-wiesn\/"},"author":{"name":"mkteam","@id":"https:\/\/kwp.at\/pensionistenklubs\/#\/schema\/person\/8c6edf17873d744273376c286447f2fd"},"headline":"Senior*innentag auf der Wiener Kaiser Wiesn","datePublished":"2024-07-08T11:48:04+00:00","dateModified":"2024-09-11T07:40:49+00:00","mainEntityOfPage":{"@id":"https:\/\/kwp.at\/pensionistenklubs\/seniorinnentag-auf-der-wiener-kaiser-wiesn\/"},"wordCount":368,"publisher":{"@id":"https:\/\/kwp.at\/pensionistenklubs\/#organization"},"image":{"@id":"https:\/\/kwp.at\/pensionistenklubs\/seniorinnentag-auf-der-wiener-kaiser-wiesn\/#primaryimage"},"thumbnailUrl":"https:\/\/kwp.at\/pensionistenklubs\/wp-content\/uploads\/sites\/2\/2024\/07\/Design-ohne-Titel-9.jpg","articleSection":["Feste feiern","Musik und Tanz"],"inLanguage":"de"},{"@type":"WebPage","@id":"https:\/\/kwp.at\/pensionistenklubs\/seniorinnentag-auf-der-wiener-kaiser-wiesn\/","url":"https:\/\/kwp.at\/pensionistenklubs\/seniorinnentag-auf-der-wiener-kaiser-wiesn\/","name":"Senior*innentag auf der Wiener Kaiser Wiesn - Pensionist*innenklubs","isPartOf":{"@id":"https:\/\/kwp.at\/pensionistenklubs\/#website"},"primaryImageOfPage":{"@id":"https:\/\/kwp.at\/pensionistenklubs\/seniorinnentag-auf-der-wiener-kaiser-wiesn\/#primaryimage"},"image":{"@id":"https:\/\/kwp.at\/pensionistenklubs\/seniorinnentag-auf-der-wiener-kaiser-wiesn\/#primaryimage"},"thumbnailUrl":"https:\/\/kwp.at\/pensionistenklubs\/wp-content\/uploads\/sites\/2\/2024\/07\/Design-ohne-Titel-9.jpg","datePublished":"2024-07-08T11:48:04+00:00","dateModified":"2024-09-11T07:40:49+00:00","inLanguage":"de","potentialAction":[{"@type":"ReadAction","target":["https:\/\/kwp.at\/pensionistenklubs\/seniorinnentag-auf-der-wiener-kaiser-wiesn\/"]}]},{"@type":"ImageObject","inLanguage":"de","@id":"https:\/\/kwp.at\/pensionistenklubs\/seniorinnentag-auf-der-wiener-kaiser-wiesn\/#primaryimage","url":"https:\/\/kwp.at\/pensionistenklubs\/wp-content\/uploads\/sites\/2\/2024\/07\/Design-ohne-Titel-9.jpg","contentUrl":"https:\/\/kwp.at\/pensionistenklubs\/wp-content\/uploads\/sites\/2\/2024\/07\/Design-ohne-Titel-9.jpg","width":1200,"height":500},{"@type":"WebSite","@id":"https:\/\/kwp.at\/pensionistenklubs\/#website","url":"https:\/\/kwp.at\/pensionistenklubs\/","name":"Pensionist*innenklubs","description":"F\u00fcr die Stadt Wien","publisher":{"@id":"https:\/\/kwp.at\/pensionistenklubs\/#organization"},"potentialAction":[{"@type":"SearchAction","target":{"@type":"EntryPoint","urlTemplate":"https:\/\/kwp.at\/pensionistenklubs\/?s={search_term_string}"},"query-input":{"@type":"PropertyValueSpecification","valueRequired":true,"valueName":"search_term_string"}}],"inLanguage":"de"},{"@type":"Organization","@id":"https:\/\/kwp.at\/pensionistenklubs\/#organization","name":"PensionistInnenklubs f\u00fcr die Stadt Wien","url":"https:\/\/kwp.at\/pensionistenklubs\/","logo":{"@type":"ImageObject","inLanguage":"de","@id":"https:\/\/kwp.at\/pensionistenklubs\/#\/schema\/logo\/image\/","url":"https:\/\/kwp.at\/pensionistenklubs\/wp-content\/uploads\/sites\/2\/2022\/08\/Logo-Pensionistenklubs-scaled-1.jpeg","contentUrl":"https:\/\/kwp.at\/pensionistenklubs\/wp-content\/uploads\/sites\/2\/2022\/08\/Logo-Pensionistenklubs-scaled-1.jpeg","width":2560,"height":610,"caption":"PensionistInnenklubs f\u00fcr die Stadt Wien"},"image":{"@id":"https:\/\/kwp.at\/pensionistenklubs\/#\/schema\/logo\/image\/"}},{"@type":"Person","@id":"https:\/\/kwp.at\/pensionistenklubs\/#\/schema\/person\/8c6edf17873d744273376c286447f2fd","name":"mkteam","image":{"@type":"ImageObject","inLanguage":"de","@id":"https:\/\/secure.gravatar.com\/avatar\/5b85da3e8242fed05ef02f007f24fae76ef0d22dc496c6d4dd9a210bcd106db2?s=96&d=mm&r=g","url":"https:\/\/secure.gravatar.com\/avatar\/5b85da3e8242fed05ef02f007f24fae76ef0d22dc496c6d4dd9a210bcd106db2?s=96&d=mm&r=g","contentUrl":"https:\/\/secure.gravatar.com\/avatar\/5b85da3e8242fed05ef02f007f24fae76ef0d22dc496c6d4dd9a210bcd106db2?s=96&d=mm&r=g","caption":"mkteam"}}]}},"_links":{"self":[{"href":"https:\/\/kwp.at\/pensionistenklubs\/wp-json\/wp\/v2\/posts\/15978","targetHints":{"allow":["GET"]}}],"collection":[{"href":"https:\/\/kwp.at\/pensionistenklubs\/wp-json\/wp\/v2\/posts"}],"about":[{"href":"https:\/\/kwp.at\/pensionistenklubs\/wp-json\/wp\/v2\/types\/post"}],"author":[{"embeddable":true,"href":"https:\/\/kwp.at\/pensionistenklubs\/wp-json\/wp\/v2\/users\/10"}],"replies":[{"embeddable":true,"href":"https:\/\/kwp.at\/pensionistenklubs\/wp-json\/wp\/v2\/comments?post=15978"}],"version-history":[{"count":21,"href":"https:\/\/kwp.at\/pensionistenklubs\/wp-json\/wp\/v2\/posts\/15978\/revisions"}],"predecessor-version":[{"id":16466,"href":"https:\/\/kwp.at\/pensionistenklubs\/wp-json\/wp\/v2\/posts\/15978\/revisions\/16466"}],"wp:featuredmedia":[{"embeddable":true,"href":"https:\/\/kwp.at\/pensionistenklubs\/wp-json\/wp\/v2\/media\/15979"}],"wp:attachment":[{"href":"https:\/\/kwp.at\/pensionistenklubs\/wp-json\/wp\/v2\/media?parent=15978"}],"wp:term":[{"taxonomy":"category","embeddable":true,"href":"https:\/\/kwp.at\/pensionistenklubs\/wp-json\/wp\/v2\/categories?post=15978"},{"taxonomy":"post_tag","embeddable":true,"href":"https:\/\/kwp.at\/pensionistenklubs\/wp-json\/wp\/v2\/tags?post=15978"}],"curies":[{"name":"wp","href":"https:\/\/api.w.org\/{rel}","templated":true}]}}