{"id":14871,"date":"2024-02-21T14:41:01","date_gmt":"2024-02-21T13:41:01","guid":{"rendered":"https:\/\/kwp.at\/pensionistenklubs\/?p=14871"},"modified":"2024-03-12T14:06:54","modified_gmt":"2024-03-12T13:06:54","slug":"oesterreichischer-vorlesetag-2024","status":"publish","type":"post","link":"https:\/\/kwp.at\/pensionistenklubs\/oesterreichischer-vorlesetag-2024\/","title":{"rendered":"\u00d6sterreichischer Vorlesetag 2024"},"content":{"rendered":"\n<p><strong>Am 21. M\u00e4rz findet der \u00d6sterreichische Vorlesetag statt. Die Klubs und H\u00e4user zum Leben laden auch in diesem Jahr wieder zu tollen Lesungen ein. Besuchen Sie uns!<\/strong><\/p>\n\n\n\n<p>Am 21. M\u00e4rz dreht sich auch heuer wieder alles um Literatur, das Lesen und Vorlesen. Denn an diesem Tag findet bereits zum siebten Mal in Folge der \u00d6sterreichische Vorlesetag statt.  <\/p>\n\n\n\n<p>Im Jahr 2018 wurde der <a href=\"https:\/\/vorlesetag.eu\/\">\u00d6sterreichische Vorlesetag<\/a> erstmals vom <a href=\"https:\/\/echo.at\/\">echo medienhaus<\/a>&nbsp;ins Leben gerufen, um auf die Wichtigkeit des Lesens in der Bev\u00f6lkerung aufmerksam&nbsp;zu machen. Ziel der Aktion ist, den Menschen verschiedene Formen der Literatur und des Lesens n\u00e4her zu bringen, denn Lesen erm\u00f6glicht einen besseren Zugang zu Bildung, regt die Phantasie an und macht Spa\u00df.<\/p>\n\n\n\n<p>Auch die\u00a0<a href=\"https:\/\/kwp.at\/\">H\u00e4user zum Leben<\/a>\u00a0und ihre Pensionist*innenklubs beteiligen sich in diesem Jahr wieder an der Initiative und laden zu gemeinsamen Lesungen ein. Exklusiv f\u00fcr die Klubs und H\u00e4user zum Leben schickt TV-Moderatorin Barbara St\u00f6ckl digitale Gr\u00fc\u00dfe und liest drei heitere Geschichten zum Fr\u00fchlingsbeginn:<\/p>\n\n\n\n<div class=\"c-youtube-embed\"><a class=\"c-youtube__link\" onclick=\"(function (node){node.parentNode.innerHTML =  unescape('%3Ciframe%20id%3D%22ytplayer%22%20class%3D%22c-youtube-embed__iframe%22%20type%3D%22text\/html%22%20src%3D%22https%3A\/\/www.youtube-nocookie.com\/embed\/ASxuDFbVJXM%3Fautoplay%3D1%22%20allow%3D%27autoplay%27%20frameborder%3D%220%22\/%3E')}(this))\"><img decoding=\"async\" class=\"c-youtube-embed__thumbnail\" src=\"https:\/\/kwp.at\/pensionistenklubs\/wp-content\/uploads\/sites\/2\/2024\/02\/Stoeckl.jpg\" alt=\"Klicken Sie um das Video zu starten\" srcset=\"https:\/\/kwp.at\/pensionistenklubs\/wp-content\/uploads\/sites\/2\/2024\/02\/Stoeckl-150x150.jpg 150w,https:\/\/kwp.at\/pensionistenklubs\/wp-content\/uploads\/sites\/2\/2024\/02\/Stoeckl-300x150.jpg 300w,https:\/\/kwp.at\/pensionistenklubs\/wp-content\/uploads\/sites\/2\/2024\/02\/Stoeckl-1024x513.jpg 1024w,https:\/\/kwp.at\/pensionistenklubs\/wp-content\/uploads\/sites\/2\/2024\/02\/Stoeckl.jpg 1279w,\"\/><svg class=\"play-button\" enable-background=\"new 0 0 1920 1250\" version=\"1.1\" viewBox=\"0 0 1920 1250\" space=\"preserve\" xmlns=\"http:\/\/www.w3.org\/2000\/svg\"><g fill=\"white\"><path d=\"m1227.8 605.5l-447.59-258.42c-18.576-10.725-33.775-1.95-33.775 19.5v516.83c0 21.45 15.199 30.225 33.775 19.5l447.59-258.42c18.576-10.725 18.576-28.275 0-39z\"><\/path><path d=\"m1542.1 384.71c-31.093-73.512-75.6-139.53-132.28-196.21-56.684-56.685-122.7-101.19-196.21-132.28-76.12-32.197-156.97-48.521-240.29-48.521s-164.17 16.325-240.29 48.522c-73.512 31.093-139.53 75.599-196.21 132.28-56.685 56.684-101.19 122.7-132.28 196.21-32.196 76.12-48.521 156.97-48.521 240.29s16.325 164.17 48.521 240.29c31.093 73.512 75.599 139.53 132.28 196.21 56.684 56.685 122.7 101.19 196.21 132.28 76.121 32.196 156.97 48.521 240.29 48.521s164.17-16.325 240.29-48.521c73.512-31.093 139.53-75.6 196.21-132.28 56.685-56.684 101.19-122.7 132.28-196.21 32.196-76.12 48.521-156.97 48.521-240.29s-16.325-164.17-48.521-240.29zm-568.79 807.6c-312.81 0-567.31-254.49-567.31-567.31s254.49-567.31 567.31-567.31 567.31 254.49 567.31 567.31-254.49 567.31-567.31 567.31z\"><\/path><\/g><\/svg><\/a><\/div>\n\n\n\n<div style=\"background-color: #7c81d8\" class=\"wp-block-kwp-blocks-infobox\"><h3>Lesung und Signierstunde mit Lisbeth Bischoff<\/h3><p>\n<p>Ein besonderes Highlight zum diesj\u00e4hrigen \u00d6sterreichischen Vorlesetag findet im Klub+ All in Penzing statt. Hier gibt die ORF-Legende Lisbeth Bischoff Ausz\u00fcge aus ihrem Buch<em> Udo J\u00fcrgens &#8222;Merci&#8220; <\/em>zum Besten.<\/p>\n\n\n\n<p>Im Anschluss an die Lesung nimmt sich Lisbeth Bischoff Zeit f\u00fcr ihre Fans und l\u00e4dt zur Signierstunde ein. <\/p>\n\n\n\n<p><strong>Wann:<\/strong> 21. M\u00e4rz 2024, Beginn 14:00 Uhr<\/p>\n\n\n\n<p><strong>Wo:<\/strong> Klub+ All in Penzing, K\u00e4the-Dorsch-Gasse 17\/1, 1140 Wien<\/p>\n\n\n\n<p><strong>Um Voranmeldung wird gebeten: <\/strong><\/p>\n\n\n\n<a target=\"_blank\" href=\"https:\/\/kwp.at\/veranstaltungen\/?filter=club&amp;club_style=1&amp;event_search=vorlesetag&amp;start_date=&amp;end_date=&amp;club%5B%5D=11717\" rel=\"noopener noreferrer\" class=\"wp-block-kwp-blocks-button-block\">Jetzt anmelden!<\/a>\n<\/p><\/div>\n","protected":false},"excerpt":{"rendered":"<p>Am 21. M\u00e4rz findet der \u00d6sterreichische Vorlesetag statt. Die Klubs und H\u00e4user zum Leben laden auch in diesem Jahr wieder zu tollen Lesungen ein. Besuchen Sie uns!<\/p>\n","protected":false},"author":10,"featured_media":14877,"comment_status":"closed","ping_status":"closed","sticky":false,"template":"","format":"standard","meta":{"_acf_changed":false,"footnotes":""},"categories":[1,79],"tags":[],"class_list":["post-14871","post","type-post","status-publish","format-standard","has-post-thumbnail","hentry","category-allgemein","category-kunst-und-kultur"],"acf":[],"yoast_head":"<!-- This site is optimized with the Yoast SEO plugin v27.4 - https:\/\/yoast.com\/product\/yoast-seo-wordpress\/ -->\n<title>\u00d6sterreichischer Vorlesetag 2024 - Pensionist*innenklubs<\/title>\n<meta name=\"description\" content=\"Am 21. M\u00e4rz findet der \u00d6sterreichische Vorlesetag statt. Die Klubs laden auch in diesem Jahr wieder zu tollen Lesungen ein. Besuchen Sie uns!\" \/>\n<meta name=\"robots\" content=\"index, follow, max-snippet:-1, max-image-preview:large, max-video-preview:-1\" \/>\n<link rel=\"canonical\" href=\"https:\/\/kwp.at\/pensionistenklubs\/oesterreichischer-vorlesetag-2024\/\" \/>\n<meta property=\"og:locale\" content=\"de_DE\" \/>\n<meta property=\"og:type\" content=\"article\" \/>\n<meta property=\"og:title\" content=\"\u00d6sterreichischer Vorlesetag 2024 - Pensionist*innenklubs\" \/>\n<meta property=\"og:description\" content=\"Am 21. M\u00e4rz findet der \u00d6sterreichische Vorlesetag statt. Die Klubs laden auch in diesem Jahr wieder zu tollen Lesungen ein. Besuchen Sie uns!\" \/>\n<meta property=\"og:url\" content=\"https:\/\/kwp.at\/pensionistenklubs\/oesterreichischer-vorlesetag-2024\/\" \/>\n<meta property=\"og:site_name\" content=\"Pensionist*innenklubs\" \/>\n<meta property=\"article:published_time\" content=\"2024-02-21T13:41:01+00:00\" \/>\n<meta property=\"article:modified_time\" content=\"2024-03-12T13:06:54+00:00\" \/>\n<meta property=\"og:image\" content=\"https:\/\/kwp.at\/pensionistenklubs\/wp-content\/uploads\/sites\/2\/2024\/02\/Header_Vorlesetag24.jpg\" \/>\n\t<meta property=\"og:image:width\" content=\"1200\" \/>\n\t<meta property=\"og:image:height\" content=\"500\" \/>\n\t<meta property=\"og:image:type\" content=\"image\/jpeg\" \/>\n<meta name=\"author\" content=\"mkteam\" \/>\n<meta name=\"twitter:card\" content=\"summary_large_image\" \/>\n<meta name=\"twitter:label1\" content=\"Geschrieben von\" \/>\n\t<meta name=\"twitter:data1\" content=\"mkteam\" \/>\n\t<meta name=\"twitter:label2\" content=\"Gesch\u00e4tzte Lesezeit\" \/>\n\t<meta name=\"twitter:data2\" content=\"2\u00a0Minuten\" \/>\n<script type=\"application\/ld+json\" class=\"yoast-schema-graph\">{\"@context\":\"https:\\\/\\\/schema.org\",\"@graph\":[{\"@type\":\"Article\",\"@id\":\"https:\\\/\\\/kwp.at\\\/pensionistenklubs\\\/oesterreichischer-vorlesetag-2024\\\/#article\",\"isPartOf\":{\"@id\":\"https:\\\/\\\/kwp.at\\\/pensionistenklubs\\\/oesterreichischer-vorlesetag-2024\\\/\"},\"author\":{\"name\":\"mkteam\",\"@id\":\"https:\\\/\\\/kwp.at\\\/pensionistenklubs\\\/#\\\/schema\\\/person\\\/8c6edf17873d744273376c286447f2fd\"},\"headline\":\"\u00d6sterreichischer Vorlesetag 2024\",\"datePublished\":\"2024-02-21T13:41:01+00:00\",\"dateModified\":\"2024-03-12T13:06:54+00:00\",\"mainEntityOfPage\":{\"@id\":\"https:\\\/\\\/kwp.at\\\/pensionistenklubs\\\/oesterreichischer-vorlesetag-2024\\\/\"},\"wordCount\":249,\"publisher\":{\"@id\":\"https:\\\/\\\/kwp.at\\\/pensionistenklubs\\\/#organization\"},\"image\":{\"@id\":\"https:\\\/\\\/kwp.at\\\/pensionistenklubs\\\/oesterreichischer-vorlesetag-2024\\\/#primaryimage\"},\"thumbnailUrl\":\"https:\\\/\\\/kwp.at\\\/pensionistenklubs\\\/wp-content\\\/uploads\\\/sites\\\/2\\\/2024\\\/02\\\/Header_Vorlesetag24.jpg\",\"articleSection\":{\"1\":\"Kunst und Kultur\"},\"inLanguage\":\"de\"},{\"@type\":\"WebPage\",\"@id\":\"https:\\\/\\\/kwp.at\\\/pensionistenklubs\\\/oesterreichischer-vorlesetag-2024\\\/\",\"url\":\"https:\\\/\\\/kwp.at\\\/pensionistenklubs\\\/oesterreichischer-vorlesetag-2024\\\/\",\"name\":\"\u00d6sterreichischer Vorlesetag 2024 - Pensionist*innenklubs\",\"isPartOf\":{\"@id\":\"https:\\\/\\\/kwp.at\\\/pensionistenklubs\\\/#website\"},\"primaryImageOfPage\":{\"@id\":\"https:\\\/\\\/kwp.at\\\/pensionistenklubs\\\/oesterreichischer-vorlesetag-2024\\\/#primaryimage\"},\"image\":{\"@id\":\"https:\\\/\\\/kwp.at\\\/pensionistenklubs\\\/oesterreichischer-vorlesetag-2024\\\/#primaryimage\"},\"thumbnailUrl\":\"https:\\\/\\\/kwp.at\\\/pensionistenklubs\\\/wp-content\\\/uploads\\\/sites\\\/2\\\/2024\\\/02\\\/Header_Vorlesetag24.jpg\",\"datePublished\":\"2024-02-21T13:41:01+00:00\",\"dateModified\":\"2024-03-12T13:06:54+00:00\",\"description\":\"Am 21. M\u00e4rz findet der \u00d6sterreichische Vorlesetag statt. Die Klubs laden auch in diesem Jahr wieder zu tollen Lesungen ein. Besuchen Sie uns!\",\"inLanguage\":\"de\",\"potentialAction\":[{\"@type\":\"ReadAction\",\"target\":[\"https:\\\/\\\/kwp.at\\\/pensionistenklubs\\\/oesterreichischer-vorlesetag-2024\\\/\"]}]},{\"@type\":\"ImageObject\",\"inLanguage\":\"de\",\"@id\":\"https:\\\/\\\/kwp.at\\\/pensionistenklubs\\\/oesterreichischer-vorlesetag-2024\\\/#primaryimage\",\"url\":\"https:\\\/\\\/kwp.at\\\/pensionistenklubs\\\/wp-content\\\/uploads\\\/sites\\\/2\\\/2024\\\/02\\\/Header_Vorlesetag24.jpg\",\"contentUrl\":\"https:\\\/\\\/kwp.at\\\/pensionistenklubs\\\/wp-content\\\/uploads\\\/sites\\\/2\\\/2024\\\/02\\\/Header_Vorlesetag24.jpg\",\"width\":1200,\"height\":500,\"caption\":\"Lachende Dame mit Brille in der Hand.\"},{\"@type\":\"WebSite\",\"@id\":\"https:\\\/\\\/kwp.at\\\/pensionistenklubs\\\/#website\",\"url\":\"https:\\\/\\\/kwp.at\\\/pensionistenklubs\\\/\",\"name\":\"Pensionist*innenklubs\",\"description\":\"F\u00fcr die Stadt Wien\",\"publisher\":{\"@id\":\"https:\\\/\\\/kwp.at\\\/pensionistenklubs\\\/#organization\"},\"potentialAction\":[{\"@type\":\"SearchAction\",\"target\":{\"@type\":\"EntryPoint\",\"urlTemplate\":\"https:\\\/\\\/kwp.at\\\/pensionistenklubs\\\/?s={search_term_string}\"},\"query-input\":{\"@type\":\"PropertyValueSpecification\",\"valueRequired\":true,\"valueName\":\"search_term_string\"}}],\"inLanguage\":\"de\"},{\"@type\":\"Organization\",\"@id\":\"https:\\\/\\\/kwp.at\\\/pensionistenklubs\\\/#organization\",\"name\":\"PensionistInnenklubs f\u00fcr die Stadt Wien\",\"url\":\"https:\\\/\\\/kwp.at\\\/pensionistenklubs\\\/\",\"logo\":{\"@type\":\"ImageObject\",\"inLanguage\":\"de\",\"@id\":\"https:\\\/\\\/kwp.at\\\/pensionistenklubs\\\/#\\\/schema\\\/logo\\\/image\\\/\",\"url\":\"https:\\\/\\\/kwp.at\\\/pensionistenklubs\\\/wp-content\\\/uploads\\\/sites\\\/2\\\/2022\\\/08\\\/Logo-Pensionistenklubs-scaled-1.jpeg\",\"contentUrl\":\"https:\\\/\\\/kwp.at\\\/pensionistenklubs\\\/wp-content\\\/uploads\\\/sites\\\/2\\\/2022\\\/08\\\/Logo-Pensionistenklubs-scaled-1.jpeg\",\"width\":2560,\"height\":610,\"caption\":\"PensionistInnenklubs f\u00fcr die Stadt Wien\"},\"image\":{\"@id\":\"https:\\\/\\\/kwp.at\\\/pensionistenklubs\\\/#\\\/schema\\\/logo\\\/image\\\/\"}},{\"@type\":\"Person\",\"@id\":\"https:\\\/\\\/kwp.at\\\/pensionistenklubs\\\/#\\\/schema\\\/person\\\/8c6edf17873d744273376c286447f2fd\",\"name\":\"mkteam\",\"image\":{\"@type\":\"ImageObject\",\"inLanguage\":\"de\",\"@id\":\"https:\\\/\\\/secure.gravatar.com\\\/avatar\\\/5b85da3e8242fed05ef02f007f24fae76ef0d22dc496c6d4dd9a210bcd106db2?s=96&d=mm&r=g\",\"url\":\"https:\\\/\\\/secure.gravatar.com\\\/avatar\\\/5b85da3e8242fed05ef02f007f24fae76ef0d22dc496c6d4dd9a210bcd106db2?s=96&d=mm&r=g\",\"contentUrl\":\"https:\\\/\\\/secure.gravatar.com\\\/avatar\\\/5b85da3e8242fed05ef02f007f24fae76ef0d22dc496c6d4dd9a210bcd106db2?s=96&d=mm&r=g\",\"caption\":\"mkteam\"}}]}<\/script>\n<!-- \/ Yoast SEO plugin. -->","yoast_head_json":{"title":"\u00d6sterreichischer Vorlesetag 2024 - Pensionist*innenklubs","description":"Am 21. M\u00e4rz findet der \u00d6sterreichische Vorlesetag statt. Die Klubs laden auch in diesem Jahr wieder zu tollen Lesungen ein. Besuchen Sie uns!","robots":{"index":"index","follow":"follow","max-snippet":"max-snippet:-1","max-image-preview":"max-image-preview:large","max-video-preview":"max-video-preview:-1"},"canonical":"https:\/\/kwp.at\/pensionistenklubs\/oesterreichischer-vorlesetag-2024\/","og_locale":"de_DE","og_type":"article","og_title":"\u00d6sterreichischer Vorlesetag 2024 - Pensionist*innenklubs","og_description":"Am 21. M\u00e4rz findet der \u00d6sterreichische Vorlesetag statt. Die Klubs laden auch in diesem Jahr wieder zu tollen Lesungen ein. Besuchen Sie uns!","og_url":"https:\/\/kwp.at\/pensionistenklubs\/oesterreichischer-vorlesetag-2024\/","og_site_name":"Pensionist*innenklubs","article_published_time":"2024-02-21T13:41:01+00:00","article_modified_time":"2024-03-12T13:06:54+00:00","og_image":[{"width":1200,"height":500,"url":"https:\/\/kwp.at\/pensionistenklubs\/wp-content\/uploads\/sites\/2\/2024\/02\/Header_Vorlesetag24.jpg","type":"image\/jpeg"}],"author":"mkteam","twitter_card":"summary_large_image","twitter_misc":{"Geschrieben von":"mkteam","Gesch\u00e4tzte Lesezeit":"2\u00a0Minuten"},"schema":{"@context":"https:\/\/schema.org","@graph":[{"@type":"Article","@id":"https:\/\/kwp.at\/pensionistenklubs\/oesterreichischer-vorlesetag-2024\/#article","isPartOf":{"@id":"https:\/\/kwp.at\/pensionistenklubs\/oesterreichischer-vorlesetag-2024\/"},"author":{"name":"mkteam","@id":"https:\/\/kwp.at\/pensionistenklubs\/#\/schema\/person\/8c6edf17873d744273376c286447f2fd"},"headline":"\u00d6sterreichischer Vorlesetag 2024","datePublished":"2024-02-21T13:41:01+00:00","dateModified":"2024-03-12T13:06:54+00:00","mainEntityOfPage":{"@id":"https:\/\/kwp.at\/pensionistenklubs\/oesterreichischer-vorlesetag-2024\/"},"wordCount":249,"publisher":{"@id":"https:\/\/kwp.at\/pensionistenklubs\/#organization"},"image":{"@id":"https:\/\/kwp.at\/pensionistenklubs\/oesterreichischer-vorlesetag-2024\/#primaryimage"},"thumbnailUrl":"https:\/\/kwp.at\/pensionistenklubs\/wp-content\/uploads\/sites\/2\/2024\/02\/Header_Vorlesetag24.jpg","articleSection":{"1":"Kunst und Kultur"},"inLanguage":"de"},{"@type":"WebPage","@id":"https:\/\/kwp.at\/pensionistenklubs\/oesterreichischer-vorlesetag-2024\/","url":"https:\/\/kwp.at\/pensionistenklubs\/oesterreichischer-vorlesetag-2024\/","name":"\u00d6sterreichischer Vorlesetag 2024 - Pensionist*innenklubs","isPartOf":{"@id":"https:\/\/kwp.at\/pensionistenklubs\/#website"},"primaryImageOfPage":{"@id":"https:\/\/kwp.at\/pensionistenklubs\/oesterreichischer-vorlesetag-2024\/#primaryimage"},"image":{"@id":"https:\/\/kwp.at\/pensionistenklubs\/oesterreichischer-vorlesetag-2024\/#primaryimage"},"thumbnailUrl":"https:\/\/kwp.at\/pensionistenklubs\/wp-content\/uploads\/sites\/2\/2024\/02\/Header_Vorlesetag24.jpg","datePublished":"2024-02-21T13:41:01+00:00","dateModified":"2024-03-12T13:06:54+00:00","description":"Am 21. M\u00e4rz findet der \u00d6sterreichische Vorlesetag statt. Die Klubs laden auch in diesem Jahr wieder zu tollen Lesungen ein. Besuchen Sie uns!","inLanguage":"de","potentialAction":[{"@type":"ReadAction","target":["https:\/\/kwp.at\/pensionistenklubs\/oesterreichischer-vorlesetag-2024\/"]}]},{"@type":"ImageObject","inLanguage":"de","@id":"https:\/\/kwp.at\/pensionistenklubs\/oesterreichischer-vorlesetag-2024\/#primaryimage","url":"https:\/\/kwp.at\/pensionistenklubs\/wp-content\/uploads\/sites\/2\/2024\/02\/Header_Vorlesetag24.jpg","contentUrl":"https:\/\/kwp.at\/pensionistenklubs\/wp-content\/uploads\/sites\/2\/2024\/02\/Header_Vorlesetag24.jpg","width":1200,"height":500,"caption":"Lachende Dame mit Brille in der Hand."},{"@type":"WebSite","@id":"https:\/\/kwp.at\/pensionistenklubs\/#website","url":"https:\/\/kwp.at\/pensionistenklubs\/","name":"Pensionist*innenklubs","description":"F\u00fcr die Stadt Wien","publisher":{"@id":"https:\/\/kwp.at\/pensionistenklubs\/#organization"},"potentialAction":[{"@type":"SearchAction","target":{"@type":"EntryPoint","urlTemplate":"https:\/\/kwp.at\/pensionistenklubs\/?s={search_term_string}"},"query-input":{"@type":"PropertyValueSpecification","valueRequired":true,"valueName":"search_term_string"}}],"inLanguage":"de"},{"@type":"Organization","@id":"https:\/\/kwp.at\/pensionistenklubs\/#organization","name":"PensionistInnenklubs f\u00fcr die Stadt Wien","url":"https:\/\/kwp.at\/pensionistenklubs\/","logo":{"@type":"ImageObject","inLanguage":"de","@id":"https:\/\/kwp.at\/pensionistenklubs\/#\/schema\/logo\/image\/","url":"https:\/\/kwp.at\/pensionistenklubs\/wp-content\/uploads\/sites\/2\/2022\/08\/Logo-Pensionistenklubs-scaled-1.jpeg","contentUrl":"https:\/\/kwp.at\/pensionistenklubs\/wp-content\/uploads\/sites\/2\/2022\/08\/Logo-Pensionistenklubs-scaled-1.jpeg","width":2560,"height":610,"caption":"PensionistInnenklubs f\u00fcr die Stadt Wien"},"image":{"@id":"https:\/\/kwp.at\/pensionistenklubs\/#\/schema\/logo\/image\/"}},{"@type":"Person","@id":"https:\/\/kwp.at\/pensionistenklubs\/#\/schema\/person\/8c6edf17873d744273376c286447f2fd","name":"mkteam","image":{"@type":"ImageObject","inLanguage":"de","@id":"https:\/\/secure.gravatar.com\/avatar\/5b85da3e8242fed05ef02f007f24fae76ef0d22dc496c6d4dd9a210bcd106db2?s=96&d=mm&r=g","url":"https:\/\/secure.gravatar.com\/avatar\/5b85da3e8242fed05ef02f007f24fae76ef0d22dc496c6d4dd9a210bcd106db2?s=96&d=mm&r=g","contentUrl":"https:\/\/secure.gravatar.com\/avatar\/5b85da3e8242fed05ef02f007f24fae76ef0d22dc496c6d4dd9a210bcd106db2?s=96&d=mm&r=g","caption":"mkteam"}}]}},"_links":{"self":[{"href":"https:\/\/kwp.at\/pensionistenklubs\/wp-json\/wp\/v2\/posts\/14871","targetHints":{"allow":["GET"]}}],"collection":[{"href":"https:\/\/kwp.at\/pensionistenklubs\/wp-json\/wp\/v2\/posts"}],"about":[{"href":"https:\/\/kwp.at\/pensionistenklubs\/wp-json\/wp\/v2\/types\/post"}],"author":[{"embeddable":true,"href":"https:\/\/kwp.at\/pensionistenklubs\/wp-json\/wp\/v2\/users\/10"}],"replies":[{"embeddable":true,"href":"https:\/\/kwp.at\/pensionistenklubs\/wp-json\/wp\/v2\/comments?post=14871"}],"version-history":[{"count":12,"href":"https:\/\/kwp.at\/pensionistenklubs\/wp-json\/wp\/v2\/posts\/14871\/revisions"}],"predecessor-version":[{"id":15168,"href":"https:\/\/kwp.at\/pensionistenklubs\/wp-json\/wp\/v2\/posts\/14871\/revisions\/15168"}],"wp:featuredmedia":[{"embeddable":true,"href":"https:\/\/kwp.at\/pensionistenklubs\/wp-json\/wp\/v2\/media\/14877"}],"wp:attachment":[{"href":"https:\/\/kwp.at\/pensionistenklubs\/wp-json\/wp\/v2\/media?parent=14871"}],"wp:term":[{"taxonomy":"category","embeddable":true,"href":"https:\/\/kwp.at\/pensionistenklubs\/wp-json\/wp\/v2\/categories?post=14871"},{"taxonomy":"post_tag","embeddable":true,"href":"https:\/\/kwp.at\/pensionistenklubs\/wp-json\/wp\/v2\/tags?post=14871"}],"curies":[{"name":"wp","href":"https:\/\/api.w.org\/{rel}","templated":true}]}}