{"id":12902,"date":"2023-06-09T11:21:45","date_gmt":"2023-06-09T09:21:45","guid":{"rendered":"https:\/\/kwp.at\/pensionistenklubs\/?p=12902"},"modified":"2023-06-09T11:21:49","modified_gmt":"2023-06-09T09:21:49","slug":"schon-fit-fuer-den-nordic-walking-day","status":"publish","type":"post","link":"https:\/\/kwp.at\/pensionistenklubs\/schon-fit-fuer-den-nordic-walking-day\/","title":{"rendered":"Schon fit f\u00fcr den Nordic Walking Day?"},"content":{"rendered":"\n<p><strong>Trainieren Sie mit: SeniorInnen-Trainerin Helga Robnik l\u00e4dt zum gemeinsamen Nordic Walking-Workshop ein. <\/strong><\/p>\n\n\n\n<h2 class=\"wp-block-heading\">Gemeinsam fit f\u00fcr den NWD<\/h2>\n\n\n\n<p>Am&nbsp;<strong>3. Oktober<\/strong>&nbsp;f\u00e4llt auf der&nbsp;<strong>Prater Hauptallee<\/strong>&nbsp;heuer bereits zum f\u00fcnften Mal der Startschuss zum gro\u00dfen <a href=\"https:\/\/kwp.at\/pensionistenklubs\/nordic-walking-day-2023\/\">Nordic Walking Day der PensionistInnenklubs<\/a>. <\/p>\n\n\n\n<p>Neben einem heiteren <strong>Sportfest <\/strong>mit tollem Rahmenprogramm, Musik und Verpflegung erwartet unsere BesucherInnen der gro\u00dfe&nbsp;<strong>Nordic Walking Wettlauf<\/strong>. In den Kategorien 60plus, 70plus und 80plus sowie getrennt nach Geschlechtern, k\u00f6nnen Strecken von jeweils 2,5km oder 5km zur\u00fcckgelegt werden.<\/p>\n\n\n\n<p>Kein Wunder, dass sich unsere Klubmitglieder bestm\u00f6glich auf den gro\u00dfen Bewerb vorbereiten m\u00f6chten und bereits jetzt flei\u00dfig trainieren. So treffen sich regelm\u00e4\u00dfig in ganz Wien&nbsp;<strong>Nordic Walking Gruppen zum gemeinsamen Training<\/strong>. Auch viele weitere&nbsp;<a href=\"https:\/\/kwp.at\/veranstaltungen\/?filter=club&amp;club_style=1&amp;event_search=&amp;start_date=&amp;end_date=&amp;event-category%5B%5D=bewegung-fuer-koerper-geist\">Bewegungsangebote der Klubs<\/a>, wie beispielsweise Yoga oder Gymnastik, unterst\u00fctzen die k\u00f6rperliche und mentale Fitness.<\/p>\n\n\n\n<p><strong>Alle Trainingsm\u00f6glichkeiten und Nordic Walking Angebote der Klubs finden Sie jetzt im Veranstaltungskalender:<\/strong><\/p>\n\n\n\n<a target=\"_blank\" href=\"https:\/\/kwp.at\/veranstaltungen\/?filter=club&amp;club_style=1&amp;event_search=Nordic+Walking&amp;start_date=&amp;end_date=\" rel=\"noopener noreferrer\" class=\"wp-block-kwp-blocks-button-block\">Angebote ansehen! <\/a>\n\n\n\n<p><\/p>\n\n\n\n<h2 class=\"wp-block-heading\">Nordic Walking-Workshops mit Helga<\/h2>\n\n\n\n<p>SeniorInnen-Trainerin Helga Robnik ist zertifizierte Nordic Walking Trainerin und wei\u00df genau, worauf es bei der sportlichen Vorbereitung ankommt! Darum l\u00e4dt Helga am <strong>25. Juli und 8. August<\/strong> zum gemeinsamen <strong>Nordic Walking-Workshop<\/strong> ein. <\/p>\n\n\n\n<p>Die Workshops finden jeweils ab 10:30 Uhr statt und richten sich an interessiere SeniorInnen, die gerne das richtige &#8222;Walken&#8220; erlernen oder ihre pers\u00f6nliche Walking-Technik verbessern m\u00f6chten.<\/p>\n\n\n\n<p>Treffpunkt ist im <a href=\"https:\/\/kwp.at\/pensionistenklubs\/clubs\/bocklinstrase-43\/\">Klub B\u00f6cklinstra\u00dfe<\/a>. Dort findet eine theoretische Einschulung zur richtigen Walking-Technik statt. Danach startet die Gruppe in den gr\u00fcnen Prater, wo gemeinsame \u00dcbungen und eine abwechslungsreiche Nordic Walking-Tour auf die TeilnehmerInnen wartet. <\/p>\n\n\n\n<div style=\"background-color: #f9b233\" class=\"wp-block-kwp-blocks-infobox\"><h3>Jetzt anmelden und mitmachen!<\/h3><p>\n<p><strong>Wann:<\/strong> Dienstag, 25. Juli und 8. August 2023, jeweils ab 10:30 Uhr<\/p>\n\n\n\n<p><strong>Treffpunkt:<\/strong> <a href=\"https:\/\/kwp.at\/pensionistenklubs\/clubs\/bocklinstrase-43\/\">Klub B\u00f6cklinstra\u00dfe<\/a> <\/p>\n\n\n\n<p>Um Voranmeldung per E-Mail an <a href=\"mailto:helga.robnik1@gmail.com\">helga.robnik1@gmail.com<\/a> oder telefonisch unter <a href=\"http:\/\/0664 4884407\">0664 4884407<\/a> wird gebeten. <\/p>\n\n\n\n<p>Mitzubringen sind Nordic Walking-St\u00f6cke, Sportkleidung und eine Wasserflasche. <\/p>\n<\/p><\/div>\n","protected":false},"excerpt":{"rendered":"<p>Trainieren Sie mit: SeniorInnen-Trainerin Helga Robnik l\u00e4dt zum gemeinsamen Nordic Walking-Workshop ein. <\/p>\n","protected":false},"author":78,"featured_media":12938,"comment_status":"closed","ping_status":"closed","sticky":false,"template":"","format":"standard","meta":{"_acf_changed":false,"footnotes":""},"categories":[1,20],"tags":[139,85,87,271],"class_list":["post-12902","post","type-post","status-publish","format-standard","has-post-thumbnail","hentry","category-allgemein","category-bewegung-im-freien","tag-helga","tag-nordic-walking","tag-nordic-walking-day","tag-nwd"],"acf":[],"yoast_head":"<!-- This site is optimized with the Yoast SEO plugin v27.4 - https:\/\/yoast.com\/product\/yoast-seo-wordpress\/ -->\n<title>Schon fit f\u00fcr den Nordic Walking Day?<\/title>\n<meta name=\"description\" content=\"Trainieren Sie mit: Senioren-Trainerin Helga l\u00e4dt am 25. Juli und 8. August zum gemeinsamen Nordic Walking-Workshop ein.\" \/>\n<meta name=\"robots\" content=\"index, follow, max-snippet:-1, max-image-preview:large, max-video-preview:-1\" \/>\n<link rel=\"canonical\" href=\"https:\/\/kwp.at\/pensionistenklubs\/schon-fit-fuer-den-nordic-walking-day\/\" \/>\n<meta property=\"og:locale\" content=\"de_DE\" \/>\n<meta property=\"og:type\" content=\"article\" \/>\n<meta property=\"og:title\" content=\"Schon fit f\u00fcr den Nordic Walking Day?\" \/>\n<meta property=\"og:description\" content=\"Trainieren Sie mit: Senioren-Trainerin Helga l\u00e4dt am 25. Juli und 8. August zum gemeinsamen Nordic Walking-Workshop ein.\" \/>\n<meta property=\"og:url\" content=\"https:\/\/kwp.at\/pensionistenklubs\/schon-fit-fuer-den-nordic-walking-day\/\" \/>\n<meta property=\"og:site_name\" content=\"Pensionist*innenklubs\" \/>\n<meta property=\"article:published_time\" content=\"2023-06-09T09:21:45+00:00\" \/>\n<meta property=\"article:modified_time\" content=\"2023-06-09T09:21:49+00:00\" \/>\n<meta property=\"og:image\" content=\"https:\/\/kwp.at\/pensionistenklubs\/wp-content\/uploads\/sites\/2\/2023\/06\/NWDTraining_header-1.jpg\" \/>\n\t<meta property=\"og:image:width\" content=\"1200\" \/>\n\t<meta property=\"og:image:height\" content=\"500\" \/>\n\t<meta property=\"og:image:type\" content=\"image\/jpeg\" \/>\n<meta name=\"author\" content=\"jgreger\" \/>\n<meta name=\"twitter:card\" content=\"summary_large_image\" \/>\n<meta name=\"twitter:label1\" content=\"Geschrieben von\" \/>\n\t<meta name=\"twitter:data1\" content=\"jgreger\" \/>\n\t<meta name=\"twitter:label2\" content=\"Gesch\u00e4tzte Lesezeit\" \/>\n\t<meta name=\"twitter:data2\" content=\"2\u00a0Minuten\" \/>\n<script type=\"application\/ld+json\" class=\"yoast-schema-graph\">{\"@context\":\"https:\\\/\\\/schema.org\",\"@graph\":[{\"@type\":\"Article\",\"@id\":\"https:\\\/\\\/kwp.at\\\/pensionistenklubs\\\/schon-fit-fuer-den-nordic-walking-day\\\/#article\",\"isPartOf\":{\"@id\":\"https:\\\/\\\/kwp.at\\\/pensionistenklubs\\\/schon-fit-fuer-den-nordic-walking-day\\\/\"},\"author\":{\"name\":\"jgreger\",\"@id\":\"https:\\\/\\\/kwp.at\\\/pensionistenklubs\\\/#\\\/schema\\\/person\\\/61cf2d6446ddb6c1b29073be14a63b67\"},\"headline\":\"Schon fit f\u00fcr den Nordic Walking Day?\",\"datePublished\":\"2023-06-09T09:21:45+00:00\",\"dateModified\":\"2023-06-09T09:21:49+00:00\",\"mainEntityOfPage\":{\"@id\":\"https:\\\/\\\/kwp.at\\\/pensionistenklubs\\\/schon-fit-fuer-den-nordic-walking-day\\\/\"},\"wordCount\":309,\"publisher\":{\"@id\":\"https:\\\/\\\/kwp.at\\\/pensionistenklubs\\\/#organization\"},\"image\":{\"@id\":\"https:\\\/\\\/kwp.at\\\/pensionistenklubs\\\/schon-fit-fuer-den-nordic-walking-day\\\/#primaryimage\"},\"thumbnailUrl\":\"https:\\\/\\\/kwp.at\\\/pensionistenklubs\\\/wp-content\\\/uploads\\\/sites\\\/2\\\/2023\\\/06\\\/NWDTraining_header-1.jpg\",\"keywords\":[\"Helga\",\"Nordic Walking\",\"Nordic Walking Day\",\"NWD\"],\"articleSection\":{\"1\":\"Bewegung im Freien\"},\"inLanguage\":\"de\"},{\"@type\":\"WebPage\",\"@id\":\"https:\\\/\\\/kwp.at\\\/pensionistenklubs\\\/schon-fit-fuer-den-nordic-walking-day\\\/\",\"url\":\"https:\\\/\\\/kwp.at\\\/pensionistenklubs\\\/schon-fit-fuer-den-nordic-walking-day\\\/\",\"name\":\"Schon fit f\u00fcr den Nordic Walking Day?\",\"isPartOf\":{\"@id\":\"https:\\\/\\\/kwp.at\\\/pensionistenklubs\\\/#website\"},\"primaryImageOfPage\":{\"@id\":\"https:\\\/\\\/kwp.at\\\/pensionistenklubs\\\/schon-fit-fuer-den-nordic-walking-day\\\/#primaryimage\"},\"image\":{\"@id\":\"https:\\\/\\\/kwp.at\\\/pensionistenklubs\\\/schon-fit-fuer-den-nordic-walking-day\\\/#primaryimage\"},\"thumbnailUrl\":\"https:\\\/\\\/kwp.at\\\/pensionistenklubs\\\/wp-content\\\/uploads\\\/sites\\\/2\\\/2023\\\/06\\\/NWDTraining_header-1.jpg\",\"datePublished\":\"2023-06-09T09:21:45+00:00\",\"dateModified\":\"2023-06-09T09:21:49+00:00\",\"description\":\"Trainieren Sie mit: Senioren-Trainerin Helga l\u00e4dt am 25. Juli und 8. August zum gemeinsamen Nordic Walking-Workshop ein.\",\"inLanguage\":\"de\",\"potentialAction\":[{\"@type\":\"ReadAction\",\"target\":[\"https:\\\/\\\/kwp.at\\\/pensionistenklubs\\\/schon-fit-fuer-den-nordic-walking-day\\\/\"]}]},{\"@type\":\"ImageObject\",\"inLanguage\":\"de\",\"@id\":\"https:\\\/\\\/kwp.at\\\/pensionistenklubs\\\/schon-fit-fuer-den-nordic-walking-day\\\/#primaryimage\",\"url\":\"https:\\\/\\\/kwp.at\\\/pensionistenklubs\\\/wp-content\\\/uploads\\\/sites\\\/2\\\/2023\\\/06\\\/NWDTraining_header-1.jpg\",\"contentUrl\":\"https:\\\/\\\/kwp.at\\\/pensionistenklubs\\\/wp-content\\\/uploads\\\/sites\\\/2\\\/2023\\\/06\\\/NWDTraining_header-1.jpg\",\"width\":1200,\"height\":500},{\"@type\":\"WebSite\",\"@id\":\"https:\\\/\\\/kwp.at\\\/pensionistenklubs\\\/#website\",\"url\":\"https:\\\/\\\/kwp.at\\\/pensionistenklubs\\\/\",\"name\":\"Pensionist*innenklubs\",\"description\":\"F\u00fcr die Stadt Wien\",\"publisher\":{\"@id\":\"https:\\\/\\\/kwp.at\\\/pensionistenklubs\\\/#organization\"},\"potentialAction\":[{\"@type\":\"SearchAction\",\"target\":{\"@type\":\"EntryPoint\",\"urlTemplate\":\"https:\\\/\\\/kwp.at\\\/pensionistenklubs\\\/?s={search_term_string}\"},\"query-input\":{\"@type\":\"PropertyValueSpecification\",\"valueRequired\":true,\"valueName\":\"search_term_string\"}}],\"inLanguage\":\"de\"},{\"@type\":\"Organization\",\"@id\":\"https:\\\/\\\/kwp.at\\\/pensionistenklubs\\\/#organization\",\"name\":\"PensionistInnenklubs f\u00fcr die Stadt Wien\",\"url\":\"https:\\\/\\\/kwp.at\\\/pensionistenklubs\\\/\",\"logo\":{\"@type\":\"ImageObject\",\"inLanguage\":\"de\",\"@id\":\"https:\\\/\\\/kwp.at\\\/pensionistenklubs\\\/#\\\/schema\\\/logo\\\/image\\\/\",\"url\":\"https:\\\/\\\/kwp.at\\\/pensionistenklubs\\\/wp-content\\\/uploads\\\/sites\\\/2\\\/2022\\\/08\\\/Logo-Pensionistenklubs-scaled-1.jpeg\",\"contentUrl\":\"https:\\\/\\\/kwp.at\\\/pensionistenklubs\\\/wp-content\\\/uploads\\\/sites\\\/2\\\/2022\\\/08\\\/Logo-Pensionistenklubs-scaled-1.jpeg\",\"width\":2560,\"height\":610,\"caption\":\"PensionistInnenklubs f\u00fcr die Stadt Wien\"},\"image\":{\"@id\":\"https:\\\/\\\/kwp.at\\\/pensionistenklubs\\\/#\\\/schema\\\/logo\\\/image\\\/\"}},{\"@type\":\"Person\",\"@id\":\"https:\\\/\\\/kwp.at\\\/pensionistenklubs\\\/#\\\/schema\\\/person\\\/61cf2d6446ddb6c1b29073be14a63b67\",\"name\":\"jgreger\",\"image\":{\"@type\":\"ImageObject\",\"inLanguage\":\"de\",\"@id\":\"https:\\\/\\\/secure.gravatar.com\\\/avatar\\\/9684a2cbe3b4eafe5f601756fda0a28c737f31d3356c28616a94c17141dfb8c4?s=96&d=mm&r=g\",\"url\":\"https:\\\/\\\/secure.gravatar.com\\\/avatar\\\/9684a2cbe3b4eafe5f601756fda0a28c737f31d3356c28616a94c17141dfb8c4?s=96&d=mm&r=g\",\"contentUrl\":\"https:\\\/\\\/secure.gravatar.com\\\/avatar\\\/9684a2cbe3b4eafe5f601756fda0a28c737f31d3356c28616a94c17141dfb8c4?s=96&d=mm&r=g\",\"caption\":\"jgreger\"}}]}<\/script>\n<!-- \/ Yoast SEO plugin. -->","yoast_head_json":{"title":"Schon fit f\u00fcr den Nordic Walking Day?","description":"Trainieren Sie mit: Senioren-Trainerin Helga l\u00e4dt am 25. Juli und 8. August zum gemeinsamen Nordic Walking-Workshop ein.","robots":{"index":"index","follow":"follow","max-snippet":"max-snippet:-1","max-image-preview":"max-image-preview:large","max-video-preview":"max-video-preview:-1"},"canonical":"https:\/\/kwp.at\/pensionistenklubs\/schon-fit-fuer-den-nordic-walking-day\/","og_locale":"de_DE","og_type":"article","og_title":"Schon fit f\u00fcr den Nordic Walking Day?","og_description":"Trainieren Sie mit: Senioren-Trainerin Helga l\u00e4dt am 25. Juli und 8. August zum gemeinsamen Nordic Walking-Workshop ein.","og_url":"https:\/\/kwp.at\/pensionistenklubs\/schon-fit-fuer-den-nordic-walking-day\/","og_site_name":"Pensionist*innenklubs","article_published_time":"2023-06-09T09:21:45+00:00","article_modified_time":"2023-06-09T09:21:49+00:00","og_image":[{"width":1200,"height":500,"url":"https:\/\/kwp.at\/pensionistenklubs\/wp-content\/uploads\/sites\/2\/2023\/06\/NWDTraining_header-1.jpg","type":"image\/jpeg"}],"author":"jgreger","twitter_card":"summary_large_image","twitter_misc":{"Geschrieben von":"jgreger","Gesch\u00e4tzte Lesezeit":"2\u00a0Minuten"},"schema":{"@context":"https:\/\/schema.org","@graph":[{"@type":"Article","@id":"https:\/\/kwp.at\/pensionistenklubs\/schon-fit-fuer-den-nordic-walking-day\/#article","isPartOf":{"@id":"https:\/\/kwp.at\/pensionistenklubs\/schon-fit-fuer-den-nordic-walking-day\/"},"author":{"name":"jgreger","@id":"https:\/\/kwp.at\/pensionistenklubs\/#\/schema\/person\/61cf2d6446ddb6c1b29073be14a63b67"},"headline":"Schon fit f\u00fcr den Nordic Walking Day?","datePublished":"2023-06-09T09:21:45+00:00","dateModified":"2023-06-09T09:21:49+00:00","mainEntityOfPage":{"@id":"https:\/\/kwp.at\/pensionistenklubs\/schon-fit-fuer-den-nordic-walking-day\/"},"wordCount":309,"publisher":{"@id":"https:\/\/kwp.at\/pensionistenklubs\/#organization"},"image":{"@id":"https:\/\/kwp.at\/pensionistenklubs\/schon-fit-fuer-den-nordic-walking-day\/#primaryimage"},"thumbnailUrl":"https:\/\/kwp.at\/pensionistenklubs\/wp-content\/uploads\/sites\/2\/2023\/06\/NWDTraining_header-1.jpg","keywords":["Helga","Nordic Walking","Nordic Walking Day","NWD"],"articleSection":{"1":"Bewegung im Freien"},"inLanguage":"de"},{"@type":"WebPage","@id":"https:\/\/kwp.at\/pensionistenklubs\/schon-fit-fuer-den-nordic-walking-day\/","url":"https:\/\/kwp.at\/pensionistenklubs\/schon-fit-fuer-den-nordic-walking-day\/","name":"Schon fit f\u00fcr den Nordic Walking Day?","isPartOf":{"@id":"https:\/\/kwp.at\/pensionistenklubs\/#website"},"primaryImageOfPage":{"@id":"https:\/\/kwp.at\/pensionistenklubs\/schon-fit-fuer-den-nordic-walking-day\/#primaryimage"},"image":{"@id":"https:\/\/kwp.at\/pensionistenklubs\/schon-fit-fuer-den-nordic-walking-day\/#primaryimage"},"thumbnailUrl":"https:\/\/kwp.at\/pensionistenklubs\/wp-content\/uploads\/sites\/2\/2023\/06\/NWDTraining_header-1.jpg","datePublished":"2023-06-09T09:21:45+00:00","dateModified":"2023-06-09T09:21:49+00:00","description":"Trainieren Sie mit: Senioren-Trainerin Helga l\u00e4dt am 25. Juli und 8. August zum gemeinsamen Nordic Walking-Workshop ein.","inLanguage":"de","potentialAction":[{"@type":"ReadAction","target":["https:\/\/kwp.at\/pensionistenklubs\/schon-fit-fuer-den-nordic-walking-day\/"]}]},{"@type":"ImageObject","inLanguage":"de","@id":"https:\/\/kwp.at\/pensionistenklubs\/schon-fit-fuer-den-nordic-walking-day\/#primaryimage","url":"https:\/\/kwp.at\/pensionistenklubs\/wp-content\/uploads\/sites\/2\/2023\/06\/NWDTraining_header-1.jpg","contentUrl":"https:\/\/kwp.at\/pensionistenklubs\/wp-content\/uploads\/sites\/2\/2023\/06\/NWDTraining_header-1.jpg","width":1200,"height":500},{"@type":"WebSite","@id":"https:\/\/kwp.at\/pensionistenklubs\/#website","url":"https:\/\/kwp.at\/pensionistenklubs\/","name":"Pensionist*innenklubs","description":"F\u00fcr die Stadt Wien","publisher":{"@id":"https:\/\/kwp.at\/pensionistenklubs\/#organization"},"potentialAction":[{"@type":"SearchAction","target":{"@type":"EntryPoint","urlTemplate":"https:\/\/kwp.at\/pensionistenklubs\/?s={search_term_string}"},"query-input":{"@type":"PropertyValueSpecification","valueRequired":true,"valueName":"search_term_string"}}],"inLanguage":"de"},{"@type":"Organization","@id":"https:\/\/kwp.at\/pensionistenklubs\/#organization","name":"PensionistInnenklubs f\u00fcr die Stadt Wien","url":"https:\/\/kwp.at\/pensionistenklubs\/","logo":{"@type":"ImageObject","inLanguage":"de","@id":"https:\/\/kwp.at\/pensionistenklubs\/#\/schema\/logo\/image\/","url":"https:\/\/kwp.at\/pensionistenklubs\/wp-content\/uploads\/sites\/2\/2022\/08\/Logo-Pensionistenklubs-scaled-1.jpeg","contentUrl":"https:\/\/kwp.at\/pensionistenklubs\/wp-content\/uploads\/sites\/2\/2022\/08\/Logo-Pensionistenklubs-scaled-1.jpeg","width":2560,"height":610,"caption":"PensionistInnenklubs f\u00fcr die Stadt Wien"},"image":{"@id":"https:\/\/kwp.at\/pensionistenklubs\/#\/schema\/logo\/image\/"}},{"@type":"Person","@id":"https:\/\/kwp.at\/pensionistenklubs\/#\/schema\/person\/61cf2d6446ddb6c1b29073be14a63b67","name":"jgreger","image":{"@type":"ImageObject","inLanguage":"de","@id":"https:\/\/secure.gravatar.com\/avatar\/9684a2cbe3b4eafe5f601756fda0a28c737f31d3356c28616a94c17141dfb8c4?s=96&d=mm&r=g","url":"https:\/\/secure.gravatar.com\/avatar\/9684a2cbe3b4eafe5f601756fda0a28c737f31d3356c28616a94c17141dfb8c4?s=96&d=mm&r=g","contentUrl":"https:\/\/secure.gravatar.com\/avatar\/9684a2cbe3b4eafe5f601756fda0a28c737f31d3356c28616a94c17141dfb8c4?s=96&d=mm&r=g","caption":"jgreger"}}]}},"_links":{"self":[{"href":"https:\/\/kwp.at\/pensionistenklubs\/wp-json\/wp\/v2\/posts\/12902","targetHints":{"allow":["GET"]}}],"collection":[{"href":"https:\/\/kwp.at\/pensionistenklubs\/wp-json\/wp\/v2\/posts"}],"about":[{"href":"https:\/\/kwp.at\/pensionistenklubs\/wp-json\/wp\/v2\/types\/post"}],"author":[{"embeddable":true,"href":"https:\/\/kwp.at\/pensionistenklubs\/wp-json\/wp\/v2\/users\/78"}],"replies":[{"embeddable":true,"href":"https:\/\/kwp.at\/pensionistenklubs\/wp-json\/wp\/v2\/comments?post=12902"}],"version-history":[{"count":4,"href":"https:\/\/kwp.at\/pensionistenklubs\/wp-json\/wp\/v2\/posts\/12902\/revisions"}],"predecessor-version":[{"id":12939,"href":"https:\/\/kwp.at\/pensionistenklubs\/wp-json\/wp\/v2\/posts\/12902\/revisions\/12939"}],"wp:featuredmedia":[{"embeddable":true,"href":"https:\/\/kwp.at\/pensionistenklubs\/wp-json\/wp\/v2\/media\/12938"}],"wp:attachment":[{"href":"https:\/\/kwp.at\/pensionistenklubs\/wp-json\/wp\/v2\/media?parent=12902"}],"wp:term":[{"taxonomy":"category","embeddable":true,"href":"https:\/\/kwp.at\/pensionistenklubs\/wp-json\/wp\/v2\/categories?post=12902"},{"taxonomy":"post_tag","embeddable":true,"href":"https:\/\/kwp.at\/pensionistenklubs\/wp-json\/wp\/v2\/tags?post=12902"}],"curies":[{"name":"wp","href":"https:\/\/api.w.org\/{rel}","templated":true}]}}