{"id":12259,"date":"2023-06-07T08:55:08","date_gmt":"2023-06-07T06:55:08","guid":{"rendered":"https:\/\/kwp.at\/pensionistenklubs\/?p=12259"},"modified":"2023-06-07T08:55:09","modified_gmt":"2023-06-07T06:55:09","slug":"trara-die-neue-sommerausgabe-ist-da","status":"publish","type":"post","link":"https:\/\/kwp.at\/pensionistenklubs\/trara-die-neue-sommerausgabe-ist-da\/","title":{"rendered":"TRARA! Die neue Sommerausgabe ist da!"},"content":{"rendered":"\n<p><strong>Hurra, die neueste Ausgabe der SeniorInnenzeitung TRARA! ist da und bietet auf &#8222;achtundzwanzig Seiten Optimismus&#8220; lesenswerte Beitr\u00e4ge zu den Themen Ausfl\u00fcge, Bewegung, Musik und gesundem Schlaf. <\/strong><\/p>\n\n\n\n<p>TRARA! ist die&nbsp;<a href=\"https:\/\/kwp.at\/pensionistenklubs\/programm\/trara-seniorinnenzeitung\/\">SeniorInnenzeitung der PensionistInnenklubs<\/a>&nbsp;f\u00fcr die Stadt Wien. Hier schreiben literaturbegeisterte SeniorInnen auf \u201eachtundzwanzig Seiten Optimismus\u201c f\u00fcr interessierte LeserInnen aller Generationen.<\/p>\n\n\n\n<p>In spannenden Beitr\u00e4ge geht es um die aktuellsten Angebote der Klubs. Weiters lesen Sie stimmungsvolle Fr\u00fchlings- und Sommer-Geschichten f\u00fcr Gro\u00df und Klein. Hier ist f\u00fcr jede und jeden der passende Lesestoff dabei! <\/p>\n\n\n\n<h2 class=\"wp-block-heading\">Jetzt reinschm\u00f6kern!<\/h2>\n\n\n\n<p>Die neueste Ausgabe der SeniorInnenzeitung TRARA! erscheint im Juni 2023 und wird allen eingeschriebenen Klubmitgliedern <strong>kostenlos per Post zugestellt.<\/strong><\/p>\n\n\n\n<p>Weiteres liegt die neueste Ausgabe der TRARA! <strong>in allen Klubstandorten zur freien Entnahme<\/strong> auf. <\/p>\n\n\n\n<p>Das gesamte Redaktions-Team w\u00fcnscht viel Freude beim Schm\u00f6kern! <\/p>\n\n\n\n<div style=\"background-color: #80c677\" class=\"wp-block-kwp-blocks-infobox\"><h3>Jetzt auch online lesen!<\/h3><p>\n<p>Auch online kann man die neueste Ausgabe unserer SeniorInnenzeitung TRARA! als PDF Datei herunterladen und nachlesen. <\/p>\n\n\n\n<a target=\"_blank\" href=\"https:\/\/kwp.at\/pensionistenklubs\/wp-content\/uploads\/sites\/2\/2023\/06\/Trara_Zeitung_Fruehling_2023_V7.pdf\" rel=\"noopener noreferrer\" class=\"wp-block-kwp-blocks-button-block\">TRARA! downloaden <\/a>\n\n\n\n<p><\/p>\n\n\n\n<p>Selbstverst\u00e4ndlich findet man in unserem Online-Archiv auch alle vorhergegangenen Ausgaben der TRARA! SeniorInnenzeitung als Download. <\/p>\n\n\n\n<a target=\"_blank\" href=\"https:\/\/kwp.at\/pensionistenklubs\/programm\/trara-seniorinnenzeitung\/\" rel=\"noopener noreferrer\" class=\"wp-block-kwp-blocks-button-block\">Zum Archiv!<\/a>\n<\/p><\/div>\n\n\n\n<p><\/p>\n","protected":false},"excerpt":{"rendered":"<p>Der Fr\u00fchling zieht ins Land und so erscheint diesen April auch die neueste Ausgabe der SeniorInnenzeitung TRARA!<\/p>\n","protected":false},"author":78,"featured_media":12261,"comment_status":"closed","ping_status":"closed","sticky":false,"template":"","format":"standard","meta":{"_acf_changed":false,"footnotes":""},"categories":[79],"tags":[237,172,173],"class_list":["post-12259","post","type-post","status-publish","format-standard","has-post-thumbnail","hentry","category-kunst-und-kultur","tag-seniorinnenzeitung","tag-trara","tag-zeitung"],"acf":[],"yoast_head":"<!-- This site is optimized with the Yoast SEO plugin v27.4 - https:\/\/yoast.com\/product\/yoast-seo-wordpress\/ -->\n<title>TRARA! SeniorInnenzeitung | Fr\u00fchlingsausgabe<\/title>\n<meta name=\"description\" content=\"Der Fr\u00fchling zieht ins Land und so erscheint diesen April auch die neueste Ausgabe der SeniorInnenzeitung TRARA!\" \/>\n<meta name=\"robots\" content=\"index, follow, max-snippet:-1, max-image-preview:large, max-video-preview:-1\" \/>\n<link rel=\"canonical\" href=\"https:\/\/kwp.at\/pensionistenklubs\/trara-die-neue-sommerausgabe-ist-da\/\" \/>\n<meta property=\"og:locale\" content=\"de_DE\" \/>\n<meta property=\"og:type\" content=\"article\" \/>\n<meta property=\"og:title\" content=\"TRARA! SeniorInnenzeitung | Fr\u00fchlingsausgabe\" \/>\n<meta property=\"og:description\" content=\"Der Fr\u00fchling zieht ins Land und so erscheint diesen April auch die neueste Ausgabe der SeniorInnenzeitung TRARA!\" \/>\n<meta property=\"og:url\" content=\"https:\/\/kwp.at\/pensionistenklubs\/trara-die-neue-sommerausgabe-ist-da\/\" \/>\n<meta property=\"og:site_name\" content=\"Pensionist*innenklubs\" \/>\n<meta property=\"article:published_time\" content=\"2023-06-07T06:55:08+00:00\" \/>\n<meta property=\"article:modified_time\" content=\"2023-06-07T06:55:09+00:00\" \/>\n<meta property=\"og:image\" content=\"https:\/\/kwp.at\/pensionistenklubs\/wp-content\/uploads\/sites\/2\/2023\/03\/Trara-Fruehlingsausgabe_header.jpg\" \/>\n\t<meta property=\"og:image:width\" content=\"1220\" \/>\n\t<meta property=\"og:image:height\" content=\"500\" \/>\n\t<meta property=\"og:image:type\" content=\"image\/jpeg\" \/>\n<meta name=\"author\" content=\"jgreger\" \/>\n<meta name=\"twitter:card\" content=\"summary_large_image\" \/>\n<meta name=\"twitter:label1\" content=\"Geschrieben von\" \/>\n\t<meta name=\"twitter:data1\" content=\"jgreger\" \/>\n<script type=\"application\/ld+json\" class=\"yoast-schema-graph\">{\"@context\":\"https:\\\/\\\/schema.org\",\"@graph\":[{\"@type\":\"Article\",\"@id\":\"https:\\\/\\\/kwp.at\\\/pensionistenklubs\\\/trara-die-neue-sommerausgabe-ist-da\\\/#article\",\"isPartOf\":{\"@id\":\"https:\\\/\\\/kwp.at\\\/pensionistenklubs\\\/trara-die-neue-sommerausgabe-ist-da\\\/\"},\"author\":{\"name\":\"jgreger\",\"@id\":\"https:\\\/\\\/kwp.at\\\/pensionistenklubs\\\/#\\\/schema\\\/person\\\/61cf2d6446ddb6c1b29073be14a63b67\"},\"headline\":\"TRARA! Die neue Sommerausgabe ist da!\",\"datePublished\":\"2023-06-07T06:55:08+00:00\",\"dateModified\":\"2023-06-07T06:55:09+00:00\",\"mainEntityOfPage\":{\"@id\":\"https:\\\/\\\/kwp.at\\\/pensionistenklubs\\\/trara-die-neue-sommerausgabe-ist-da\\\/\"},\"wordCount\":182,\"publisher\":{\"@id\":\"https:\\\/\\\/kwp.at\\\/pensionistenklubs\\\/#organization\"},\"image\":{\"@id\":\"https:\\\/\\\/kwp.at\\\/pensionistenklubs\\\/trara-die-neue-sommerausgabe-ist-da\\\/#primaryimage\"},\"thumbnailUrl\":\"https:\\\/\\\/kwp.at\\\/pensionistenklubs\\\/wp-content\\\/uploads\\\/sites\\\/2\\\/2023\\\/03\\\/Trara-Fruehlingsausgabe_header.jpg\",\"keywords\":[\"SeniorInnenzeitung\",\"TRARA!\",\"Zeitung\"],\"articleSection\":[\"Kunst und Kultur\"],\"inLanguage\":\"de\"},{\"@type\":\"WebPage\",\"@id\":\"https:\\\/\\\/kwp.at\\\/pensionistenklubs\\\/trara-die-neue-sommerausgabe-ist-da\\\/\",\"url\":\"https:\\\/\\\/kwp.at\\\/pensionistenklubs\\\/trara-die-neue-sommerausgabe-ist-da\\\/\",\"name\":\"TRARA! SeniorInnenzeitung | Fr\u00fchlingsausgabe\",\"isPartOf\":{\"@id\":\"https:\\\/\\\/kwp.at\\\/pensionistenklubs\\\/#website\"},\"primaryImageOfPage\":{\"@id\":\"https:\\\/\\\/kwp.at\\\/pensionistenklubs\\\/trara-die-neue-sommerausgabe-ist-da\\\/#primaryimage\"},\"image\":{\"@id\":\"https:\\\/\\\/kwp.at\\\/pensionistenklubs\\\/trara-die-neue-sommerausgabe-ist-da\\\/#primaryimage\"},\"thumbnailUrl\":\"https:\\\/\\\/kwp.at\\\/pensionistenklubs\\\/wp-content\\\/uploads\\\/sites\\\/2\\\/2023\\\/03\\\/Trara-Fruehlingsausgabe_header.jpg\",\"datePublished\":\"2023-06-07T06:55:08+00:00\",\"dateModified\":\"2023-06-07T06:55:09+00:00\",\"description\":\"Der Fr\u00fchling zieht ins Land und so erscheint diesen April auch die neueste Ausgabe der SeniorInnenzeitung TRARA!\",\"inLanguage\":\"de\",\"potentialAction\":[{\"@type\":\"ReadAction\",\"target\":[\"https:\\\/\\\/kwp.at\\\/pensionistenklubs\\\/trara-die-neue-sommerausgabe-ist-da\\\/\"]}]},{\"@type\":\"ImageObject\",\"inLanguage\":\"de\",\"@id\":\"https:\\\/\\\/kwp.at\\\/pensionistenklubs\\\/trara-die-neue-sommerausgabe-ist-da\\\/#primaryimage\",\"url\":\"https:\\\/\\\/kwp.at\\\/pensionistenklubs\\\/wp-content\\\/uploads\\\/sites\\\/2\\\/2023\\\/03\\\/Trara-Fruehlingsausgabe_header.jpg\",\"contentUrl\":\"https:\\\/\\\/kwp.at\\\/pensionistenklubs\\\/wp-content\\\/uploads\\\/sites\\\/2\\\/2023\\\/03\\\/Trara-Fruehlingsausgabe_header.jpg\",\"width\":1220,\"height\":500},{\"@type\":\"WebSite\",\"@id\":\"https:\\\/\\\/kwp.at\\\/pensionistenklubs\\\/#website\",\"url\":\"https:\\\/\\\/kwp.at\\\/pensionistenklubs\\\/\",\"name\":\"Pensionist*innenklubs\",\"description\":\"F\u00fcr die Stadt Wien\",\"publisher\":{\"@id\":\"https:\\\/\\\/kwp.at\\\/pensionistenklubs\\\/#organization\"},\"potentialAction\":[{\"@type\":\"SearchAction\",\"target\":{\"@type\":\"EntryPoint\",\"urlTemplate\":\"https:\\\/\\\/kwp.at\\\/pensionistenklubs\\\/?s={search_term_string}\"},\"query-input\":{\"@type\":\"PropertyValueSpecification\",\"valueRequired\":true,\"valueName\":\"search_term_string\"}}],\"inLanguage\":\"de\"},{\"@type\":\"Organization\",\"@id\":\"https:\\\/\\\/kwp.at\\\/pensionistenklubs\\\/#organization\",\"name\":\"PensionistInnenklubs f\u00fcr die Stadt Wien\",\"url\":\"https:\\\/\\\/kwp.at\\\/pensionistenklubs\\\/\",\"logo\":{\"@type\":\"ImageObject\",\"inLanguage\":\"de\",\"@id\":\"https:\\\/\\\/kwp.at\\\/pensionistenklubs\\\/#\\\/schema\\\/logo\\\/image\\\/\",\"url\":\"https:\\\/\\\/kwp.at\\\/pensionistenklubs\\\/wp-content\\\/uploads\\\/sites\\\/2\\\/2022\\\/08\\\/Logo-Pensionistenklubs-scaled-1.jpeg\",\"contentUrl\":\"https:\\\/\\\/kwp.at\\\/pensionistenklubs\\\/wp-content\\\/uploads\\\/sites\\\/2\\\/2022\\\/08\\\/Logo-Pensionistenklubs-scaled-1.jpeg\",\"width\":2560,\"height\":610,\"caption\":\"PensionistInnenklubs f\u00fcr die Stadt Wien\"},\"image\":{\"@id\":\"https:\\\/\\\/kwp.at\\\/pensionistenklubs\\\/#\\\/schema\\\/logo\\\/image\\\/\"}},{\"@type\":\"Person\",\"@id\":\"https:\\\/\\\/kwp.at\\\/pensionistenklubs\\\/#\\\/schema\\\/person\\\/61cf2d6446ddb6c1b29073be14a63b67\",\"name\":\"jgreger\",\"image\":{\"@type\":\"ImageObject\",\"inLanguage\":\"de\",\"@id\":\"https:\\\/\\\/secure.gravatar.com\\\/avatar\\\/9684a2cbe3b4eafe5f601756fda0a28c737f31d3356c28616a94c17141dfb8c4?s=96&d=mm&r=g\",\"url\":\"https:\\\/\\\/secure.gravatar.com\\\/avatar\\\/9684a2cbe3b4eafe5f601756fda0a28c737f31d3356c28616a94c17141dfb8c4?s=96&d=mm&r=g\",\"contentUrl\":\"https:\\\/\\\/secure.gravatar.com\\\/avatar\\\/9684a2cbe3b4eafe5f601756fda0a28c737f31d3356c28616a94c17141dfb8c4?s=96&d=mm&r=g\",\"caption\":\"jgreger\"}}]}<\/script>\n<!-- \/ Yoast SEO plugin. -->","yoast_head_json":{"title":"TRARA! SeniorInnenzeitung | Fr\u00fchlingsausgabe","description":"Der Fr\u00fchling zieht ins Land und so erscheint diesen April auch die neueste Ausgabe der SeniorInnenzeitung TRARA!","robots":{"index":"index","follow":"follow","max-snippet":"max-snippet:-1","max-image-preview":"max-image-preview:large","max-video-preview":"max-video-preview:-1"},"canonical":"https:\/\/kwp.at\/pensionistenklubs\/trara-die-neue-sommerausgabe-ist-da\/","og_locale":"de_DE","og_type":"article","og_title":"TRARA! SeniorInnenzeitung | Fr\u00fchlingsausgabe","og_description":"Der Fr\u00fchling zieht ins Land und so erscheint diesen April auch die neueste Ausgabe der SeniorInnenzeitung TRARA!","og_url":"https:\/\/kwp.at\/pensionistenklubs\/trara-die-neue-sommerausgabe-ist-da\/","og_site_name":"Pensionist*innenklubs","article_published_time":"2023-06-07T06:55:08+00:00","article_modified_time":"2023-06-07T06:55:09+00:00","og_image":[{"width":1220,"height":500,"url":"https:\/\/kwp.at\/pensionistenklubs\/wp-content\/uploads\/sites\/2\/2023\/03\/Trara-Fruehlingsausgabe_header.jpg","type":"image\/jpeg"}],"author":"jgreger","twitter_card":"summary_large_image","twitter_misc":{"Geschrieben von":"jgreger"},"schema":{"@context":"https:\/\/schema.org","@graph":[{"@type":"Article","@id":"https:\/\/kwp.at\/pensionistenklubs\/trara-die-neue-sommerausgabe-ist-da\/#article","isPartOf":{"@id":"https:\/\/kwp.at\/pensionistenklubs\/trara-die-neue-sommerausgabe-ist-da\/"},"author":{"name":"jgreger","@id":"https:\/\/kwp.at\/pensionistenklubs\/#\/schema\/person\/61cf2d6446ddb6c1b29073be14a63b67"},"headline":"TRARA! Die neue Sommerausgabe ist da!","datePublished":"2023-06-07T06:55:08+00:00","dateModified":"2023-06-07T06:55:09+00:00","mainEntityOfPage":{"@id":"https:\/\/kwp.at\/pensionistenklubs\/trara-die-neue-sommerausgabe-ist-da\/"},"wordCount":182,"publisher":{"@id":"https:\/\/kwp.at\/pensionistenklubs\/#organization"},"image":{"@id":"https:\/\/kwp.at\/pensionistenklubs\/trara-die-neue-sommerausgabe-ist-da\/#primaryimage"},"thumbnailUrl":"https:\/\/kwp.at\/pensionistenklubs\/wp-content\/uploads\/sites\/2\/2023\/03\/Trara-Fruehlingsausgabe_header.jpg","keywords":["SeniorInnenzeitung","TRARA!","Zeitung"],"articleSection":["Kunst und Kultur"],"inLanguage":"de"},{"@type":"WebPage","@id":"https:\/\/kwp.at\/pensionistenklubs\/trara-die-neue-sommerausgabe-ist-da\/","url":"https:\/\/kwp.at\/pensionistenklubs\/trara-die-neue-sommerausgabe-ist-da\/","name":"TRARA! SeniorInnenzeitung | Fr\u00fchlingsausgabe","isPartOf":{"@id":"https:\/\/kwp.at\/pensionistenklubs\/#website"},"primaryImageOfPage":{"@id":"https:\/\/kwp.at\/pensionistenklubs\/trara-die-neue-sommerausgabe-ist-da\/#primaryimage"},"image":{"@id":"https:\/\/kwp.at\/pensionistenklubs\/trara-die-neue-sommerausgabe-ist-da\/#primaryimage"},"thumbnailUrl":"https:\/\/kwp.at\/pensionistenklubs\/wp-content\/uploads\/sites\/2\/2023\/03\/Trara-Fruehlingsausgabe_header.jpg","datePublished":"2023-06-07T06:55:08+00:00","dateModified":"2023-06-07T06:55:09+00:00","description":"Der Fr\u00fchling zieht ins Land und so erscheint diesen April auch die neueste Ausgabe der SeniorInnenzeitung TRARA!","inLanguage":"de","potentialAction":[{"@type":"ReadAction","target":["https:\/\/kwp.at\/pensionistenklubs\/trara-die-neue-sommerausgabe-ist-da\/"]}]},{"@type":"ImageObject","inLanguage":"de","@id":"https:\/\/kwp.at\/pensionistenklubs\/trara-die-neue-sommerausgabe-ist-da\/#primaryimage","url":"https:\/\/kwp.at\/pensionistenklubs\/wp-content\/uploads\/sites\/2\/2023\/03\/Trara-Fruehlingsausgabe_header.jpg","contentUrl":"https:\/\/kwp.at\/pensionistenklubs\/wp-content\/uploads\/sites\/2\/2023\/03\/Trara-Fruehlingsausgabe_header.jpg","width":1220,"height":500},{"@type":"WebSite","@id":"https:\/\/kwp.at\/pensionistenklubs\/#website","url":"https:\/\/kwp.at\/pensionistenklubs\/","name":"Pensionist*innenklubs","description":"F\u00fcr die Stadt Wien","publisher":{"@id":"https:\/\/kwp.at\/pensionistenklubs\/#organization"},"potentialAction":[{"@type":"SearchAction","target":{"@type":"EntryPoint","urlTemplate":"https:\/\/kwp.at\/pensionistenklubs\/?s={search_term_string}"},"query-input":{"@type":"PropertyValueSpecification","valueRequired":true,"valueName":"search_term_string"}}],"inLanguage":"de"},{"@type":"Organization","@id":"https:\/\/kwp.at\/pensionistenklubs\/#organization","name":"PensionistInnenklubs f\u00fcr die Stadt Wien","url":"https:\/\/kwp.at\/pensionistenklubs\/","logo":{"@type":"ImageObject","inLanguage":"de","@id":"https:\/\/kwp.at\/pensionistenklubs\/#\/schema\/logo\/image\/","url":"https:\/\/kwp.at\/pensionistenklubs\/wp-content\/uploads\/sites\/2\/2022\/08\/Logo-Pensionistenklubs-scaled-1.jpeg","contentUrl":"https:\/\/kwp.at\/pensionistenklubs\/wp-content\/uploads\/sites\/2\/2022\/08\/Logo-Pensionistenklubs-scaled-1.jpeg","width":2560,"height":610,"caption":"PensionistInnenklubs f\u00fcr die Stadt Wien"},"image":{"@id":"https:\/\/kwp.at\/pensionistenklubs\/#\/schema\/logo\/image\/"}},{"@type":"Person","@id":"https:\/\/kwp.at\/pensionistenklubs\/#\/schema\/person\/61cf2d6446ddb6c1b29073be14a63b67","name":"jgreger","image":{"@type":"ImageObject","inLanguage":"de","@id":"https:\/\/secure.gravatar.com\/avatar\/9684a2cbe3b4eafe5f601756fda0a28c737f31d3356c28616a94c17141dfb8c4?s=96&d=mm&r=g","url":"https:\/\/secure.gravatar.com\/avatar\/9684a2cbe3b4eafe5f601756fda0a28c737f31d3356c28616a94c17141dfb8c4?s=96&d=mm&r=g","contentUrl":"https:\/\/secure.gravatar.com\/avatar\/9684a2cbe3b4eafe5f601756fda0a28c737f31d3356c28616a94c17141dfb8c4?s=96&d=mm&r=g","caption":"jgreger"}}]}},"_links":{"self":[{"href":"https:\/\/kwp.at\/pensionistenklubs\/wp-json\/wp\/v2\/posts\/12259","targetHints":{"allow":["GET"]}}],"collection":[{"href":"https:\/\/kwp.at\/pensionistenklubs\/wp-json\/wp\/v2\/posts"}],"about":[{"href":"https:\/\/kwp.at\/pensionistenklubs\/wp-json\/wp\/v2\/types\/post"}],"author":[{"embeddable":true,"href":"https:\/\/kwp.at\/pensionistenklubs\/wp-json\/wp\/v2\/users\/78"}],"replies":[{"embeddable":true,"href":"https:\/\/kwp.at\/pensionistenklubs\/wp-json\/wp\/v2\/comments?post=12259"}],"version-history":[{"count":10,"href":"https:\/\/kwp.at\/pensionistenklubs\/wp-json\/wp\/v2\/posts\/12259\/revisions"}],"predecessor-version":[{"id":12923,"href":"https:\/\/kwp.at\/pensionistenklubs\/wp-json\/wp\/v2\/posts\/12259\/revisions\/12923"}],"wp:featuredmedia":[{"embeddable":true,"href":"https:\/\/kwp.at\/pensionistenklubs\/wp-json\/wp\/v2\/media\/12261"}],"wp:attachment":[{"href":"https:\/\/kwp.at\/pensionistenklubs\/wp-json\/wp\/v2\/media?parent=12259"}],"wp:term":[{"taxonomy":"category","embeddable":true,"href":"https:\/\/kwp.at\/pensionistenklubs\/wp-json\/wp\/v2\/categories?post=12259"},{"taxonomy":"post_tag","embeddable":true,"href":"https:\/\/kwp.at\/pensionistenklubs\/wp-json\/wp\/v2\/tags?post=12259"}],"curies":[{"name":"wp","href":"https:\/\/api.w.org\/{rel}","templated":true}]}}