{"id":11829,"date":"2023-02-20T09:17:09","date_gmt":"2023-02-20T08:17:09","guid":{"rendered":"https:\/\/kwp.at\/pensionistenklubs\/?p=11829"},"modified":"2023-02-20T09:17:10","modified_gmt":"2023-02-20T08:17:10","slug":"garteln-im-klub","status":"publish","type":"post","link":"https:\/\/kwp.at\/pensionistenklubs\/garteln-im-klub\/","title":{"rendered":"Garteln im Klub"},"content":{"rendered":"\n<p class=\"wp-block-paragraph\"><strong>&#8222;Gemeinsam raus in den Garten&#8220; lautet das Motto im Klub+ am Hofferplatz. Die dortigen Hochbeete warten bereits auf engagierte G\u00e4rtnerInnen und eine frische Gestaltung. Machen Sie mit! <\/strong><\/p>\n\n\n\n<p class=\"wp-block-paragraph\">Nicht mehr lange, bald steht das Fr\u00fchjahr vor der T\u00fcr. Im Klub+ am Hofferplatz laufen bereits die ersten Vorbereitung zur Garten-Saison 2023. Hier werden gemeinsam die Hochbeete vorbereitet und die ersten Pl\u00e4ne zur diesj\u00e4hrigen Bepflanzung geschmiedet. <\/p>\n\n\n\n<h2 class=\"wp-block-heading\">Schaufel, Blumenzwiebel und Gie\u00dfkanne <\/h2>\n\n\n\n<p class=\"wp-block-paragraph\">Das Thema  des &#8222;Urban Gardening&#8220;, also die Gartengestaltung und Kultivierung von Beeten inmitten der Gro\u00dfstadt, erfreut sich immer gr\u00f6\u00dfer werdender Beliebtheit. Denn nichts verbindet uns mehr mit der Natur als die haptische Wahrnehmung von Erde und das Pflanzen von frischen Setzlingen.  <\/p>\n\n\n\n<p class=\"wp-block-paragraph\">Im Klub+ am Hofferplatz warten die Hochbeete bereits auf engagierte G\u00e4rtnerInnen und eine frische Bepflanzung. <\/p>\n\n\n\n<p class=\"wp-block-paragraph\">Gemeinsam mit unseren SeniorInnen, KooperationspartnerInnen und Nachbarn aus dem Gr\u00e4tzl soll der Garten neu gestaltet werden. <strong>Garteln Sie mit!<\/strong> <\/p>\n\n\n\n<div style=\"background-color: #80c677\" class=\"wp-block-kwp-blocks-infobox\"><h3>Jetzt mitgarteln! <\/h3><p>\n<p class=\"wp-block-paragraph\"><strong>Wann:<\/strong> Montag bis Freitag, 13:00-18:00 Uhr<\/p>\n\n\n\n<p class=\"wp-block-paragraph\"><strong>Wo:<\/strong> <a href=\"https:\/\/kwp.at\/pensionistenklubs\/clubs\/hofferplatz-3\/\">Klub+ Viel Platz f\u00fcr Generationen<\/a>, Hofferplatz 3, 1160 Wien<\/p>\n<\/p><\/div>\n","protected":false},"excerpt":{"rendered":"<p>&#8222;Gemeinsam raus in den Garten&#8220; lautet das Motto im Klub+ am Hofferplatz. Die dortigen Hochbeete warten bereits auf engagierte G\u00e4rtnerInnen und eine frische Gestaltung. Machen Sie mit! <\/p>\n","protected":false},"author":78,"featured_media":11831,"comment_status":"closed","ping_status":"closed","sticky":false,"template":"","format":"standard","meta":{"_acf_changed":false,"footnotes":""},"categories":[1,63],"tags":[203,202],"class_list":["post-11829","post","type-post","status-publish","format-standard","has-post-thumbnail","hentry","category-allgemein","category-nachhaltigkeit","tag-garten","tag-hochbeete"],"acf":[],"yoast_head":"<!-- This site is optimized with the Yoast SEO plugin v28.2 - https:\/\/yoast.com\/product\/yoast-seo-wordpress\/ -->\n<title>Garteln im Klub - Pensionist*innenklubs<\/title>\n<meta name=\"description\" content=\"Gemeinsam raus in den Garten! Die Hochbeete des Klub+ am Hofferplatz warten bereits auf engagierte G\u00e4rtnerInnen und eine frische Gestaltung.\" \/>\n<meta name=\"robots\" content=\"index, follow, max-snippet:-1, max-image-preview:large, max-video-preview:-1\" \/>\n<link rel=\"canonical\" href=\"https:\/\/kwp.at\/pensionistenklubs\/garteln-im-klub\/\" \/>\n<meta property=\"og:locale\" content=\"de_DE\" \/>\n<meta property=\"og:type\" content=\"article\" \/>\n<meta property=\"og:title\" content=\"Garteln im Klub - Pensionist*innenklubs\" \/>\n<meta property=\"og:description\" content=\"Gemeinsam raus in den Garten! Die Hochbeete des Klub+ am Hofferplatz warten bereits auf engagierte G\u00e4rtnerInnen und eine frische Gestaltung.\" \/>\n<meta property=\"og:url\" content=\"https:\/\/kwp.at\/pensionistenklubs\/garteln-im-klub\/\" \/>\n<meta property=\"og:site_name\" content=\"Pensionist*innenklubs\" \/>\n<meta property=\"article:published_time\" content=\"2023-02-20T08:17:09+00:00\" \/>\n<meta property=\"article:modified_time\" content=\"2023-02-20T08:17:10+00:00\" \/>\n<meta property=\"og:image\" content=\"https:\/\/kwp.at\/pensionistenklubs\/wp-content\/uploads\/sites\/2\/2023\/02\/Garten_Small-scaled-e1676637051803.jpg\" \/>\n\t<meta property=\"og:image:width\" content=\"2560\" \/>\n\t<meta property=\"og:image:height\" content=\"1709\" \/>\n\t<meta property=\"og:image:type\" content=\"image\/jpeg\" \/>\n<meta name=\"author\" content=\"jgreger\" \/>\n<meta name=\"twitter:card\" content=\"summary_large_image\" \/>\n<meta name=\"twitter:label1\" content=\"Geschrieben von\" \/>\n\t<meta name=\"twitter:data1\" content=\"jgreger\" \/>\n\t<meta name=\"twitter:label2\" content=\"Gesch\u00e4tzte Lesezeit\" \/>\n\t<meta name=\"twitter:data2\" content=\"1\u00a0Minute\" \/>\n<script type=\"application\/ld+json\" class=\"yoast-schema-graph\">{\"@context\":\"https:\\\/\\\/schema.org\",\"@graph\":[{\"@type\":\"Article\",\"@id\":\"https:\\\/\\\/kwp.at\\\/pensionistenklubs\\\/garteln-im-klub\\\/#article\",\"isPartOf\":{\"@id\":\"https:\\\/\\\/kwp.at\\\/pensionistenklubs\\\/garteln-im-klub\\\/\"},\"author\":{\"name\":\"jgreger\",\"@id\":\"https:\\\/\\\/kwp.at\\\/pensionistenklubs\\\/#\\\/schema\\\/person\\\/61cf2d6446ddb6c1b29073be14a63b67\"},\"headline\":\"Garteln im Klub\",\"datePublished\":\"2023-02-20T08:17:09+00:00\",\"dateModified\":\"2023-02-20T08:17:10+00:00\",\"mainEntityOfPage\":{\"@id\":\"https:\\\/\\\/kwp.at\\\/pensionistenklubs\\\/garteln-im-klub\\\/\"},\"wordCount\":171,\"publisher\":{\"@id\":\"https:\\\/\\\/kwp.at\\\/pensionistenklubs\\\/#organization\"},\"image\":{\"@id\":\"https:\\\/\\\/kwp.at\\\/pensionistenklubs\\\/garteln-im-klub\\\/#primaryimage\"},\"thumbnailUrl\":\"https:\\\/\\\/kwp.at\\\/pensionistenklubs\\\/wp-content\\\/uploads\\\/sites\\\/2\\\/2023\\\/02\\\/Garten_Small-scaled-e1676637051803.jpg\",\"keywords\":[\"Garten\",\"Hochbeete\"],\"articleSection\":{\"1\":\"Nachhaltigkeit\"},\"inLanguage\":\"de\"},{\"@type\":\"WebPage\",\"@id\":\"https:\\\/\\\/kwp.at\\\/pensionistenklubs\\\/garteln-im-klub\\\/\",\"url\":\"https:\\\/\\\/kwp.at\\\/pensionistenklubs\\\/garteln-im-klub\\\/\",\"name\":\"Garteln im Klub - Pensionist*innenklubs\",\"isPartOf\":{\"@id\":\"https:\\\/\\\/kwp.at\\\/pensionistenklubs\\\/#website\"},\"primaryImageOfPage\":{\"@id\":\"https:\\\/\\\/kwp.at\\\/pensionistenklubs\\\/garteln-im-klub\\\/#primaryimage\"},\"image\":{\"@id\":\"https:\\\/\\\/kwp.at\\\/pensionistenklubs\\\/garteln-im-klub\\\/#primaryimage\"},\"thumbnailUrl\":\"https:\\\/\\\/kwp.at\\\/pensionistenklubs\\\/wp-content\\\/uploads\\\/sites\\\/2\\\/2023\\\/02\\\/Garten_Small-scaled-e1676637051803.jpg\",\"datePublished\":\"2023-02-20T08:17:09+00:00\",\"dateModified\":\"2023-02-20T08:17:10+00:00\",\"description\":\"Gemeinsam raus in den Garten! Die Hochbeete des Klub+ am Hofferplatz warten bereits auf engagierte G\u00e4rtnerInnen und eine frische Gestaltung.\",\"inLanguage\":\"de\",\"potentialAction\":[{\"@type\":\"ReadAction\",\"target\":[\"https:\\\/\\\/kwp.at\\\/pensionistenklubs\\\/garteln-im-klub\\\/\"]}]},{\"@type\":\"ImageObject\",\"inLanguage\":\"de\",\"@id\":\"https:\\\/\\\/kwp.at\\\/pensionistenklubs\\\/garteln-im-klub\\\/#primaryimage\",\"url\":\"https:\\\/\\\/kwp.at\\\/pensionistenklubs\\\/wp-content\\\/uploads\\\/sites\\\/2\\\/2023\\\/02\\\/Garten_Small-scaled-e1676637051803.jpg\",\"contentUrl\":\"https:\\\/\\\/kwp.at\\\/pensionistenklubs\\\/wp-content\\\/uploads\\\/sites\\\/2\\\/2023\\\/02\\\/Garten_Small-scaled-e1676637051803.jpg\",\"width\":2560,\"height\":1709},{\"@type\":\"WebSite\",\"@id\":\"https:\\\/\\\/kwp.at\\\/pensionistenklubs\\\/#website\",\"url\":\"https:\\\/\\\/kwp.at\\\/pensionistenklubs\\\/\",\"name\":\"Pensionist*innenklubs\",\"description\":\"F\u00fcr die Stadt Wien\",\"publisher\":{\"@id\":\"https:\\\/\\\/kwp.at\\\/pensionistenklubs\\\/#organization\"},\"potentialAction\":[{\"@type\":\"SearchAction\",\"target\":{\"@type\":\"EntryPoint\",\"urlTemplate\":\"https:\\\/\\\/kwp.at\\\/pensionistenklubs\\\/?s={search_term_string}\"},\"query-input\":{\"@type\":\"PropertyValueSpecification\",\"valueRequired\":true,\"valueName\":\"search_term_string\"}}],\"inLanguage\":\"de\"},{\"@type\":\"Organization\",\"@id\":\"https:\\\/\\\/kwp.at\\\/pensionistenklubs\\\/#organization\",\"name\":\"PensionistInnenklubs f\u00fcr die Stadt Wien\",\"url\":\"https:\\\/\\\/kwp.at\\\/pensionistenklubs\\\/\",\"logo\":{\"@type\":\"ImageObject\",\"inLanguage\":\"de\",\"@id\":\"https:\\\/\\\/kwp.at\\\/pensionistenklubs\\\/#\\\/schema\\\/logo\\\/image\\\/\",\"url\":\"https:\\\/\\\/kwp.at\\\/pensionistenklubs\\\/wp-content\\\/uploads\\\/sites\\\/2\\\/2022\\\/08\\\/Logo-Pensionistenklubs-scaled-1.jpeg\",\"contentUrl\":\"https:\\\/\\\/kwp.at\\\/pensionistenklubs\\\/wp-content\\\/uploads\\\/sites\\\/2\\\/2022\\\/08\\\/Logo-Pensionistenklubs-scaled-1.jpeg\",\"width\":2560,\"height\":610,\"caption\":\"PensionistInnenklubs f\u00fcr die Stadt Wien\"},\"image\":{\"@id\":\"https:\\\/\\\/kwp.at\\\/pensionistenklubs\\\/#\\\/schema\\\/logo\\\/image\\\/\"}},{\"@type\":\"Person\",\"@id\":\"https:\\\/\\\/kwp.at\\\/pensionistenklubs\\\/#\\\/schema\\\/person\\\/61cf2d6446ddb6c1b29073be14a63b67\",\"name\":\"jgreger\",\"image\":{\"@type\":\"ImageObject\",\"inLanguage\":\"de\",\"@id\":\"https:\\\/\\\/secure.gravatar.com\\\/avatar\\\/9684a2cbe3b4eafe5f601756fda0a28c737f31d3356c28616a94c17141dfb8c4?s=96&d=mm&r=g\",\"url\":\"https:\\\/\\\/secure.gravatar.com\\\/avatar\\\/9684a2cbe3b4eafe5f601756fda0a28c737f31d3356c28616a94c17141dfb8c4?s=96&d=mm&r=g\",\"contentUrl\":\"https:\\\/\\\/secure.gravatar.com\\\/avatar\\\/9684a2cbe3b4eafe5f601756fda0a28c737f31d3356c28616a94c17141dfb8c4?s=96&d=mm&r=g\",\"caption\":\"jgreger\"}}]}<\/script>\n<!-- \/ Yoast SEO plugin. -->","yoast_head_json":{"title":"Garteln im Klub - Pensionist*innenklubs","description":"Gemeinsam raus in den Garten! Die Hochbeete des Klub+ am Hofferplatz warten bereits auf engagierte G\u00e4rtnerInnen und eine frische Gestaltung.","robots":{"index":"index","follow":"follow","max-snippet":"max-snippet:-1","max-image-preview":"max-image-preview:large","max-video-preview":"max-video-preview:-1"},"canonical":"https:\/\/kwp.at\/pensionistenklubs\/garteln-im-klub\/","og_locale":"de_DE","og_type":"article","og_title":"Garteln im Klub - Pensionist*innenklubs","og_description":"Gemeinsam raus in den Garten! Die Hochbeete des Klub+ am Hofferplatz warten bereits auf engagierte G\u00e4rtnerInnen und eine frische Gestaltung.","og_url":"https:\/\/kwp.at\/pensionistenklubs\/garteln-im-klub\/","og_site_name":"Pensionist*innenklubs","article_published_time":"2023-02-20T08:17:09+00:00","article_modified_time":"2023-02-20T08:17:10+00:00","og_image":[{"width":2560,"height":1709,"url":"https:\/\/kwp.at\/pensionistenklubs\/wp-content\/uploads\/sites\/2\/2023\/02\/Garten_Small-scaled-e1676637051803.jpg","type":"image\/jpeg"}],"author":"jgreger","twitter_card":"summary_large_image","twitter_misc":{"Geschrieben von":"jgreger","Gesch\u00e4tzte Lesezeit":"1\u00a0Minute"},"schema":{"@context":"https:\/\/schema.org","@graph":[{"@type":"Article","@id":"https:\/\/kwp.at\/pensionistenklubs\/garteln-im-klub\/#article","isPartOf":{"@id":"https:\/\/kwp.at\/pensionistenklubs\/garteln-im-klub\/"},"author":{"name":"jgreger","@id":"https:\/\/kwp.at\/pensionistenklubs\/#\/schema\/person\/61cf2d6446ddb6c1b29073be14a63b67"},"headline":"Garteln im Klub","datePublished":"2023-02-20T08:17:09+00:00","dateModified":"2023-02-20T08:17:10+00:00","mainEntityOfPage":{"@id":"https:\/\/kwp.at\/pensionistenklubs\/garteln-im-klub\/"},"wordCount":171,"publisher":{"@id":"https:\/\/kwp.at\/pensionistenklubs\/#organization"},"image":{"@id":"https:\/\/kwp.at\/pensionistenklubs\/garteln-im-klub\/#primaryimage"},"thumbnailUrl":"https:\/\/kwp.at\/pensionistenklubs\/wp-content\/uploads\/sites\/2\/2023\/02\/Garten_Small-scaled-e1676637051803.jpg","keywords":["Garten","Hochbeete"],"articleSection":{"1":"Nachhaltigkeit"},"inLanguage":"de"},{"@type":"WebPage","@id":"https:\/\/kwp.at\/pensionistenklubs\/garteln-im-klub\/","url":"https:\/\/kwp.at\/pensionistenklubs\/garteln-im-klub\/","name":"Garteln im Klub - Pensionist*innenklubs","isPartOf":{"@id":"https:\/\/kwp.at\/pensionistenklubs\/#website"},"primaryImageOfPage":{"@id":"https:\/\/kwp.at\/pensionistenklubs\/garteln-im-klub\/#primaryimage"},"image":{"@id":"https:\/\/kwp.at\/pensionistenklubs\/garteln-im-klub\/#primaryimage"},"thumbnailUrl":"https:\/\/kwp.at\/pensionistenklubs\/wp-content\/uploads\/sites\/2\/2023\/02\/Garten_Small-scaled-e1676637051803.jpg","datePublished":"2023-02-20T08:17:09+00:00","dateModified":"2023-02-20T08:17:10+00:00","description":"Gemeinsam raus in den Garten! Die Hochbeete des Klub+ am Hofferplatz warten bereits auf engagierte G\u00e4rtnerInnen und eine frische Gestaltung.","inLanguage":"de","potentialAction":[{"@type":"ReadAction","target":["https:\/\/kwp.at\/pensionistenklubs\/garteln-im-klub\/"]}]},{"@type":"ImageObject","inLanguage":"de","@id":"https:\/\/kwp.at\/pensionistenklubs\/garteln-im-klub\/#primaryimage","url":"https:\/\/kwp.at\/pensionistenklubs\/wp-content\/uploads\/sites\/2\/2023\/02\/Garten_Small-scaled-e1676637051803.jpg","contentUrl":"https:\/\/kwp.at\/pensionistenklubs\/wp-content\/uploads\/sites\/2\/2023\/02\/Garten_Small-scaled-e1676637051803.jpg","width":2560,"height":1709},{"@type":"WebSite","@id":"https:\/\/kwp.at\/pensionistenklubs\/#website","url":"https:\/\/kwp.at\/pensionistenklubs\/","name":"Pensionist*innenklubs","description":"F\u00fcr die Stadt Wien","publisher":{"@id":"https:\/\/kwp.at\/pensionistenklubs\/#organization"},"potentialAction":[{"@type":"SearchAction","target":{"@type":"EntryPoint","urlTemplate":"https:\/\/kwp.at\/pensionistenklubs\/?s={search_term_string}"},"query-input":{"@type":"PropertyValueSpecification","valueRequired":true,"valueName":"search_term_string"}}],"inLanguage":"de"},{"@type":"Organization","@id":"https:\/\/kwp.at\/pensionistenklubs\/#organization","name":"PensionistInnenklubs f\u00fcr die Stadt Wien","url":"https:\/\/kwp.at\/pensionistenklubs\/","logo":{"@type":"ImageObject","inLanguage":"de","@id":"https:\/\/kwp.at\/pensionistenklubs\/#\/schema\/logo\/image\/","url":"https:\/\/kwp.at\/pensionistenklubs\/wp-content\/uploads\/sites\/2\/2022\/08\/Logo-Pensionistenklubs-scaled-1.jpeg","contentUrl":"https:\/\/kwp.at\/pensionistenklubs\/wp-content\/uploads\/sites\/2\/2022\/08\/Logo-Pensionistenklubs-scaled-1.jpeg","width":2560,"height":610,"caption":"PensionistInnenklubs f\u00fcr die Stadt Wien"},"image":{"@id":"https:\/\/kwp.at\/pensionistenklubs\/#\/schema\/logo\/image\/"}},{"@type":"Person","@id":"https:\/\/kwp.at\/pensionistenklubs\/#\/schema\/person\/61cf2d6446ddb6c1b29073be14a63b67","name":"jgreger","image":{"@type":"ImageObject","inLanguage":"de","@id":"https:\/\/secure.gravatar.com\/avatar\/9684a2cbe3b4eafe5f601756fda0a28c737f31d3356c28616a94c17141dfb8c4?s=96&d=mm&r=g","url":"https:\/\/secure.gravatar.com\/avatar\/9684a2cbe3b4eafe5f601756fda0a28c737f31d3356c28616a94c17141dfb8c4?s=96&d=mm&r=g","contentUrl":"https:\/\/secure.gravatar.com\/avatar\/9684a2cbe3b4eafe5f601756fda0a28c737f31d3356c28616a94c17141dfb8c4?s=96&d=mm&r=g","caption":"jgreger"}}]}},"_links":{"self":[{"href":"https:\/\/kwp.at\/pensionistenklubs\/wp-json\/wp\/v2\/posts\/11829","targetHints":{"allow":["GET"]}}],"collection":[{"href":"https:\/\/kwp.at\/pensionistenklubs\/wp-json\/wp\/v2\/posts"}],"about":[{"href":"https:\/\/kwp.at\/pensionistenklubs\/wp-json\/wp\/v2\/types\/post"}],"author":[{"embeddable":true,"href":"https:\/\/kwp.at\/pensionistenklubs\/wp-json\/wp\/v2\/users\/78"}],"replies":[{"embeddable":true,"href":"https:\/\/kwp.at\/pensionistenklubs\/wp-json\/wp\/v2\/comments?post=11829"}],"version-history":[{"count":6,"href":"https:\/\/kwp.at\/pensionistenklubs\/wp-json\/wp\/v2\/posts\/11829\/revisions"}],"predecessor-version":[{"id":11836,"href":"https:\/\/kwp.at\/pensionistenklubs\/wp-json\/wp\/v2\/posts\/11829\/revisions\/11836"}],"wp:featuredmedia":[{"embeddable":true,"href":"https:\/\/kwp.at\/pensionistenklubs\/wp-json\/wp\/v2\/media\/11831"}],"wp:attachment":[{"href":"https:\/\/kwp.at\/pensionistenklubs\/wp-json\/wp\/v2\/media?parent=11829"}],"wp:term":[{"taxonomy":"category","embeddable":true,"href":"https:\/\/kwp.at\/pensionistenklubs\/wp-json\/wp\/v2\/categories?post=11829"},{"taxonomy":"post_tag","embeddable":true,"href":"https:\/\/kwp.at\/pensionistenklubs\/wp-json\/wp\/v2\/tags?post=11829"}],"curies":[{"name":"wp","href":"https:\/\/api.w.org\/{rel}","templated":true}]}}