{"id":11246,"date":"2022-12-07T12:08:13","date_gmt":"2022-12-07T11:08:13","guid":{"rendered":"https:\/\/kwp.at\/pensionistenklubs\/?p=11246"},"modified":"2022-12-07T12:08:14","modified_gmt":"2022-12-07T11:08:14","slug":"weihnachts-wandern","status":"publish","type":"post","link":"https:\/\/kwp.at\/pensionistenklubs\/weihnachts-wandern\/","title":{"rendered":"Weihnachts-Wandern"},"content":{"rendered":"\n<p><strong>Begleiten Sie uns zu einer stimmungsvollen Weihnachts-Wanderung durch den sch\u00f6nen Wiener Prater.<\/strong><\/p>\n\n\n\n<blockquote class=\"wp-block-quote is-layout-flow wp-block-quote-is-layout-flow\"><p>Von drau\u00dfen, vom Walde komm ich her. Ich muss euch sagen, es weihnachtet sehr! \u00dcberall auf den Tannenspitzen sah ich goldene Lichtlein blitzen. Und droben aus dem Himmelstor sah mit gro\u00dfen Augen das Christkind hervor. [&#8230;]<\/p><cite>Knecht Ruprecht | Theodor Storm<\/cite><\/blockquote>\n\n\n\n<p>Diesen Advent bieten die Klubs unz\u00e4hlige stimmungsvolle Programmpunkte. Neben der gro\u00dfen <a href=\"https:\/\/kwp.at\/pensionistenklubs\/advent-mit-den-klubs\/\">Advent-Tour der Klubs<\/a> und zahlreichen gemeinsamen <a href=\"https:\/\/kwp.at\/pensionistenklubs\/adventzauber-mit-den-klubs\/\">Ausfl\u00fcgen zu unterschiedlichen Weihnachtsm\u00e4rkten<\/a>, laden wir Sie am <strong>20. Dezember<\/strong> zur stimmungsvollen <strong>Advent-Wanderung im Wiener Prater<\/strong> ein. <\/p>\n\n\n\n<p>Treffpunkt ist ab <strong>15:30 Uhr<\/strong> beim Trinkbrunnen am Beginn der <strong>Prater Hauptallee<\/strong>. Gemeinsam wandern wir durch den sch\u00f6nen Wiener Prater. Unser Ziel ist die<strong> Kapelle Maria Gr\u00fcn<\/strong>, wo Punsch und Kekse auf alle TeilnehmerInnen warten. <\/p>\n\n\n\n<div style=\"background-color: #00a18e\" class=\"wp-block-kwp-blocks-infobox\"><h3>Begleiten Sie uns!<\/h3><p>\n<p><strong>Wann:<\/strong> 20. Dezember, ab 15:30 Uhr<\/p>\n\n\n\n<p><strong>Treffpunkt<\/strong>: Trinkbrunnen am Beginn der Prater Hautallee<\/p>\n\n\n\n<p>Empfohlen werden festes Schuhwerk, warme Kleidung und gegebenenfalls Nordic-Walking St\u00f6cke. <\/p>\n<\/p><\/div>\n","protected":false},"excerpt":{"rendered":"<p>Begleiten Sie uns zu einer stimmungsvollen Weihnachts-Wanderung durch den sch\u00f6nen Wiener Prater.<\/p>\n","protected":false},"author":78,"featured_media":11248,"comment_status":"closed","ping_status":"closed","sticky":false,"template":"","format":"standard","meta":{"_acf_changed":false,"footnotes":""},"categories":[1,20,80,21],"tags":[146,167,153],"class_list":["post-11246","post","type-post","status-publish","format-standard","has-post-thumbnail","hentry","category-allgemein","category-bewegung-im-freien","category-feste-feiern","category-unterwegs-mit-den-klubs","tag-advent","tag-wandern","tag-weihnachten"],"acf":[],"yoast_head":"<!-- This site is optimized with the Yoast SEO plugin v27.4 - https:\/\/yoast.com\/product\/yoast-seo-wordpress\/ -->\n<title>Weihnachts-Wandern - Pensionist*innenklubs<\/title>\n<meta name=\"description\" content=\"Begleiten Sie uns am 20. Dezember zu einer stimmungsvollen Weihnachts-Wanderung durch den sch\u00f6nen Wiener Prater.\" \/>\n<meta name=\"robots\" content=\"index, follow, max-snippet:-1, max-image-preview:large, max-video-preview:-1\" \/>\n<link rel=\"canonical\" href=\"https:\/\/kwp.at\/pensionistenklubs\/weihnachts-wandern\/\" \/>\n<meta property=\"og:locale\" content=\"de_DE\" \/>\n<meta property=\"og:type\" content=\"article\" \/>\n<meta property=\"og:title\" content=\"Weihnachts-Wandern - Pensionist*innenklubs\" \/>\n<meta property=\"og:description\" content=\"Begleiten Sie uns am 20. Dezember zu einer stimmungsvollen Weihnachts-Wanderung durch den sch\u00f6nen Wiener Prater.\" \/>\n<meta property=\"og:url\" content=\"https:\/\/kwp.at\/pensionistenklubs\/weihnachts-wandern\/\" \/>\n<meta property=\"og:site_name\" content=\"Pensionist*innenklubs\" \/>\n<meta property=\"article:published_time\" content=\"2022-12-07T11:08:13+00:00\" \/>\n<meta property=\"article:modified_time\" content=\"2022-12-07T11:08:14+00:00\" \/>\n<meta property=\"og:image\" content=\"https:\/\/kwp.at\/pensionistenklubs\/wp-content\/uploads\/sites\/2\/2022\/11\/Fotoshooting_Kampagne_Weihnachten-6843-scaled-e1669628395344.jpg\" \/>\n\t<meta property=\"og:image:width\" content=\"2560\" \/>\n\t<meta property=\"og:image:height\" content=\"1709\" \/>\n\t<meta property=\"og:image:type\" content=\"image\/jpeg\" \/>\n<meta name=\"author\" content=\"jgreger\" \/>\n<meta name=\"twitter:card\" content=\"summary_large_image\" \/>\n<meta name=\"twitter:label1\" content=\"Geschrieben von\" \/>\n\t<meta name=\"twitter:data1\" content=\"jgreger\" \/>\n\t<meta name=\"twitter:label2\" content=\"Gesch\u00e4tzte Lesezeit\" \/>\n\t<meta name=\"twitter:data2\" content=\"1\u00a0Minute\" \/>\n<script type=\"application\/ld+json\" class=\"yoast-schema-graph\">{\"@context\":\"https:\\\/\\\/schema.org\",\"@graph\":[{\"@type\":\"Article\",\"@id\":\"https:\\\/\\\/kwp.at\\\/pensionistenklubs\\\/weihnachts-wandern\\\/#article\",\"isPartOf\":{\"@id\":\"https:\\\/\\\/kwp.at\\\/pensionistenklubs\\\/weihnachts-wandern\\\/\"},\"author\":{\"name\":\"jgreger\",\"@id\":\"https:\\\/\\\/kwp.at\\\/pensionistenklubs\\\/#\\\/schema\\\/person\\\/61cf2d6446ddb6c1b29073be14a63b67\"},\"headline\":\"Weihnachts-Wandern\",\"datePublished\":\"2022-12-07T11:08:13+00:00\",\"dateModified\":\"2022-12-07T11:08:14+00:00\",\"mainEntityOfPage\":{\"@id\":\"https:\\\/\\\/kwp.at\\\/pensionistenklubs\\\/weihnachts-wandern\\\/\"},\"wordCount\":153,\"publisher\":{\"@id\":\"https:\\\/\\\/kwp.at\\\/pensionistenklubs\\\/#organization\"},\"image\":{\"@id\":\"https:\\\/\\\/kwp.at\\\/pensionistenklubs\\\/weihnachts-wandern\\\/#primaryimage\"},\"thumbnailUrl\":\"https:\\\/\\\/kwp.at\\\/pensionistenklubs\\\/wp-content\\\/uploads\\\/sites\\\/2\\\/2022\\\/11\\\/Fotoshooting_Kampagne_Weihnachten-6843-scaled-e1669628395344.jpg\",\"keywords\":[\"Advent\",\"Wandern\",\"Weihnachten\"],\"articleSection\":{\"1\":\"Bewegung im Freien\",\"2\":\"Feste feiern\",\"3\":\"Unterwegs mit den Klubs\"},\"inLanguage\":\"de\"},{\"@type\":\"WebPage\",\"@id\":\"https:\\\/\\\/kwp.at\\\/pensionistenklubs\\\/weihnachts-wandern\\\/\",\"url\":\"https:\\\/\\\/kwp.at\\\/pensionistenklubs\\\/weihnachts-wandern\\\/\",\"name\":\"Weihnachts-Wandern - Pensionist*innenklubs\",\"isPartOf\":{\"@id\":\"https:\\\/\\\/kwp.at\\\/pensionistenklubs\\\/#website\"},\"primaryImageOfPage\":{\"@id\":\"https:\\\/\\\/kwp.at\\\/pensionistenklubs\\\/weihnachts-wandern\\\/#primaryimage\"},\"image\":{\"@id\":\"https:\\\/\\\/kwp.at\\\/pensionistenklubs\\\/weihnachts-wandern\\\/#primaryimage\"},\"thumbnailUrl\":\"https:\\\/\\\/kwp.at\\\/pensionistenklubs\\\/wp-content\\\/uploads\\\/sites\\\/2\\\/2022\\\/11\\\/Fotoshooting_Kampagne_Weihnachten-6843-scaled-e1669628395344.jpg\",\"datePublished\":\"2022-12-07T11:08:13+00:00\",\"dateModified\":\"2022-12-07T11:08:14+00:00\",\"description\":\"Begleiten Sie uns am 20. Dezember zu einer stimmungsvollen Weihnachts-Wanderung durch den sch\u00f6nen Wiener Prater.\",\"inLanguage\":\"de\",\"potentialAction\":[{\"@type\":\"ReadAction\",\"target\":[\"https:\\\/\\\/kwp.at\\\/pensionistenklubs\\\/weihnachts-wandern\\\/\"]}]},{\"@type\":\"ImageObject\",\"inLanguage\":\"de\",\"@id\":\"https:\\\/\\\/kwp.at\\\/pensionistenklubs\\\/weihnachts-wandern\\\/#primaryimage\",\"url\":\"https:\\\/\\\/kwp.at\\\/pensionistenklubs\\\/wp-content\\\/uploads\\\/sites\\\/2\\\/2022\\\/11\\\/Fotoshooting_Kampagne_Weihnachten-6843-scaled-e1669628395344.jpg\",\"contentUrl\":\"https:\\\/\\\/kwp.at\\\/pensionistenklubs\\\/wp-content\\\/uploads\\\/sites\\\/2\\\/2022\\\/11\\\/Fotoshooting_Kampagne_Weihnachten-6843-scaled-e1669628395344.jpg\",\"width\":2560,\"height\":1709},{\"@type\":\"WebSite\",\"@id\":\"https:\\\/\\\/kwp.at\\\/pensionistenklubs\\\/#website\",\"url\":\"https:\\\/\\\/kwp.at\\\/pensionistenklubs\\\/\",\"name\":\"Pensionist*innenklubs\",\"description\":\"F\u00fcr die Stadt Wien\",\"publisher\":{\"@id\":\"https:\\\/\\\/kwp.at\\\/pensionistenklubs\\\/#organization\"},\"potentialAction\":[{\"@type\":\"SearchAction\",\"target\":{\"@type\":\"EntryPoint\",\"urlTemplate\":\"https:\\\/\\\/kwp.at\\\/pensionistenklubs\\\/?s={search_term_string}\"},\"query-input\":{\"@type\":\"PropertyValueSpecification\",\"valueRequired\":true,\"valueName\":\"search_term_string\"}}],\"inLanguage\":\"de\"},{\"@type\":\"Organization\",\"@id\":\"https:\\\/\\\/kwp.at\\\/pensionistenklubs\\\/#organization\",\"name\":\"PensionistInnenklubs f\u00fcr die Stadt Wien\",\"url\":\"https:\\\/\\\/kwp.at\\\/pensionistenklubs\\\/\",\"logo\":{\"@type\":\"ImageObject\",\"inLanguage\":\"de\",\"@id\":\"https:\\\/\\\/kwp.at\\\/pensionistenklubs\\\/#\\\/schema\\\/logo\\\/image\\\/\",\"url\":\"https:\\\/\\\/kwp.at\\\/pensionistenklubs\\\/wp-content\\\/uploads\\\/sites\\\/2\\\/2022\\\/08\\\/Logo-Pensionistenklubs-scaled-1.jpeg\",\"contentUrl\":\"https:\\\/\\\/kwp.at\\\/pensionistenklubs\\\/wp-content\\\/uploads\\\/sites\\\/2\\\/2022\\\/08\\\/Logo-Pensionistenklubs-scaled-1.jpeg\",\"width\":2560,\"height\":610,\"caption\":\"PensionistInnenklubs f\u00fcr die Stadt Wien\"},\"image\":{\"@id\":\"https:\\\/\\\/kwp.at\\\/pensionistenklubs\\\/#\\\/schema\\\/logo\\\/image\\\/\"}},{\"@type\":\"Person\",\"@id\":\"https:\\\/\\\/kwp.at\\\/pensionistenklubs\\\/#\\\/schema\\\/person\\\/61cf2d6446ddb6c1b29073be14a63b67\",\"name\":\"jgreger\",\"image\":{\"@type\":\"ImageObject\",\"inLanguage\":\"de\",\"@id\":\"https:\\\/\\\/secure.gravatar.com\\\/avatar\\\/9684a2cbe3b4eafe5f601756fda0a28c737f31d3356c28616a94c17141dfb8c4?s=96&d=mm&r=g\",\"url\":\"https:\\\/\\\/secure.gravatar.com\\\/avatar\\\/9684a2cbe3b4eafe5f601756fda0a28c737f31d3356c28616a94c17141dfb8c4?s=96&d=mm&r=g\",\"contentUrl\":\"https:\\\/\\\/secure.gravatar.com\\\/avatar\\\/9684a2cbe3b4eafe5f601756fda0a28c737f31d3356c28616a94c17141dfb8c4?s=96&d=mm&r=g\",\"caption\":\"jgreger\"}}]}<\/script>\n<!-- \/ Yoast SEO plugin. -->","yoast_head_json":{"title":"Weihnachts-Wandern - Pensionist*innenklubs","description":"Begleiten Sie uns am 20. Dezember zu einer stimmungsvollen Weihnachts-Wanderung durch den sch\u00f6nen Wiener Prater.","robots":{"index":"index","follow":"follow","max-snippet":"max-snippet:-1","max-image-preview":"max-image-preview:large","max-video-preview":"max-video-preview:-1"},"canonical":"https:\/\/kwp.at\/pensionistenklubs\/weihnachts-wandern\/","og_locale":"de_DE","og_type":"article","og_title":"Weihnachts-Wandern - Pensionist*innenklubs","og_description":"Begleiten Sie uns am 20. Dezember zu einer stimmungsvollen Weihnachts-Wanderung durch den sch\u00f6nen Wiener Prater.","og_url":"https:\/\/kwp.at\/pensionistenklubs\/weihnachts-wandern\/","og_site_name":"Pensionist*innenklubs","article_published_time":"2022-12-07T11:08:13+00:00","article_modified_time":"2022-12-07T11:08:14+00:00","og_image":[{"width":2560,"height":1709,"url":"https:\/\/kwp.at\/pensionistenklubs\/wp-content\/uploads\/sites\/2\/2022\/11\/Fotoshooting_Kampagne_Weihnachten-6843-scaled-e1669628395344.jpg","type":"image\/jpeg"}],"author":"jgreger","twitter_card":"summary_large_image","twitter_misc":{"Geschrieben von":"jgreger","Gesch\u00e4tzte Lesezeit":"1\u00a0Minute"},"schema":{"@context":"https:\/\/schema.org","@graph":[{"@type":"Article","@id":"https:\/\/kwp.at\/pensionistenklubs\/weihnachts-wandern\/#article","isPartOf":{"@id":"https:\/\/kwp.at\/pensionistenklubs\/weihnachts-wandern\/"},"author":{"name":"jgreger","@id":"https:\/\/kwp.at\/pensionistenklubs\/#\/schema\/person\/61cf2d6446ddb6c1b29073be14a63b67"},"headline":"Weihnachts-Wandern","datePublished":"2022-12-07T11:08:13+00:00","dateModified":"2022-12-07T11:08:14+00:00","mainEntityOfPage":{"@id":"https:\/\/kwp.at\/pensionistenklubs\/weihnachts-wandern\/"},"wordCount":153,"publisher":{"@id":"https:\/\/kwp.at\/pensionistenklubs\/#organization"},"image":{"@id":"https:\/\/kwp.at\/pensionistenklubs\/weihnachts-wandern\/#primaryimage"},"thumbnailUrl":"https:\/\/kwp.at\/pensionistenklubs\/wp-content\/uploads\/sites\/2\/2022\/11\/Fotoshooting_Kampagne_Weihnachten-6843-scaled-e1669628395344.jpg","keywords":["Advent","Wandern","Weihnachten"],"articleSection":{"1":"Bewegung im Freien","2":"Feste feiern","3":"Unterwegs mit den Klubs"},"inLanguage":"de"},{"@type":"WebPage","@id":"https:\/\/kwp.at\/pensionistenklubs\/weihnachts-wandern\/","url":"https:\/\/kwp.at\/pensionistenklubs\/weihnachts-wandern\/","name":"Weihnachts-Wandern - Pensionist*innenklubs","isPartOf":{"@id":"https:\/\/kwp.at\/pensionistenklubs\/#website"},"primaryImageOfPage":{"@id":"https:\/\/kwp.at\/pensionistenklubs\/weihnachts-wandern\/#primaryimage"},"image":{"@id":"https:\/\/kwp.at\/pensionistenklubs\/weihnachts-wandern\/#primaryimage"},"thumbnailUrl":"https:\/\/kwp.at\/pensionistenklubs\/wp-content\/uploads\/sites\/2\/2022\/11\/Fotoshooting_Kampagne_Weihnachten-6843-scaled-e1669628395344.jpg","datePublished":"2022-12-07T11:08:13+00:00","dateModified":"2022-12-07T11:08:14+00:00","description":"Begleiten Sie uns am 20. Dezember zu einer stimmungsvollen Weihnachts-Wanderung durch den sch\u00f6nen Wiener Prater.","inLanguage":"de","potentialAction":[{"@type":"ReadAction","target":["https:\/\/kwp.at\/pensionistenklubs\/weihnachts-wandern\/"]}]},{"@type":"ImageObject","inLanguage":"de","@id":"https:\/\/kwp.at\/pensionistenklubs\/weihnachts-wandern\/#primaryimage","url":"https:\/\/kwp.at\/pensionistenklubs\/wp-content\/uploads\/sites\/2\/2022\/11\/Fotoshooting_Kampagne_Weihnachten-6843-scaled-e1669628395344.jpg","contentUrl":"https:\/\/kwp.at\/pensionistenklubs\/wp-content\/uploads\/sites\/2\/2022\/11\/Fotoshooting_Kampagne_Weihnachten-6843-scaled-e1669628395344.jpg","width":2560,"height":1709},{"@type":"WebSite","@id":"https:\/\/kwp.at\/pensionistenklubs\/#website","url":"https:\/\/kwp.at\/pensionistenklubs\/","name":"Pensionist*innenklubs","description":"F\u00fcr die Stadt Wien","publisher":{"@id":"https:\/\/kwp.at\/pensionistenklubs\/#organization"},"potentialAction":[{"@type":"SearchAction","target":{"@type":"EntryPoint","urlTemplate":"https:\/\/kwp.at\/pensionistenklubs\/?s={search_term_string}"},"query-input":{"@type":"PropertyValueSpecification","valueRequired":true,"valueName":"search_term_string"}}],"inLanguage":"de"},{"@type":"Organization","@id":"https:\/\/kwp.at\/pensionistenklubs\/#organization","name":"PensionistInnenklubs f\u00fcr die Stadt Wien","url":"https:\/\/kwp.at\/pensionistenklubs\/","logo":{"@type":"ImageObject","inLanguage":"de","@id":"https:\/\/kwp.at\/pensionistenklubs\/#\/schema\/logo\/image\/","url":"https:\/\/kwp.at\/pensionistenklubs\/wp-content\/uploads\/sites\/2\/2022\/08\/Logo-Pensionistenklubs-scaled-1.jpeg","contentUrl":"https:\/\/kwp.at\/pensionistenklubs\/wp-content\/uploads\/sites\/2\/2022\/08\/Logo-Pensionistenklubs-scaled-1.jpeg","width":2560,"height":610,"caption":"PensionistInnenklubs f\u00fcr die Stadt Wien"},"image":{"@id":"https:\/\/kwp.at\/pensionistenklubs\/#\/schema\/logo\/image\/"}},{"@type":"Person","@id":"https:\/\/kwp.at\/pensionistenklubs\/#\/schema\/person\/61cf2d6446ddb6c1b29073be14a63b67","name":"jgreger","image":{"@type":"ImageObject","inLanguage":"de","@id":"https:\/\/secure.gravatar.com\/avatar\/9684a2cbe3b4eafe5f601756fda0a28c737f31d3356c28616a94c17141dfb8c4?s=96&d=mm&r=g","url":"https:\/\/secure.gravatar.com\/avatar\/9684a2cbe3b4eafe5f601756fda0a28c737f31d3356c28616a94c17141dfb8c4?s=96&d=mm&r=g","contentUrl":"https:\/\/secure.gravatar.com\/avatar\/9684a2cbe3b4eafe5f601756fda0a28c737f31d3356c28616a94c17141dfb8c4?s=96&d=mm&r=g","caption":"jgreger"}}]}},"_links":{"self":[{"href":"https:\/\/kwp.at\/pensionistenklubs\/wp-json\/wp\/v2\/posts\/11246","targetHints":{"allow":["GET"]}}],"collection":[{"href":"https:\/\/kwp.at\/pensionistenklubs\/wp-json\/wp\/v2\/posts"}],"about":[{"href":"https:\/\/kwp.at\/pensionistenklubs\/wp-json\/wp\/v2\/types\/post"}],"author":[{"embeddable":true,"href":"https:\/\/kwp.at\/pensionistenklubs\/wp-json\/wp\/v2\/users\/78"}],"replies":[{"embeddable":true,"href":"https:\/\/kwp.at\/pensionistenklubs\/wp-json\/wp\/v2\/comments?post=11246"}],"version-history":[{"count":4,"href":"https:\/\/kwp.at\/pensionistenklubs\/wp-json\/wp\/v2\/posts\/11246\/revisions"}],"predecessor-version":[{"id":11251,"href":"https:\/\/kwp.at\/pensionistenklubs\/wp-json\/wp\/v2\/posts\/11246\/revisions\/11251"}],"wp:featuredmedia":[{"embeddable":true,"href":"https:\/\/kwp.at\/pensionistenklubs\/wp-json\/wp\/v2\/media\/11248"}],"wp:attachment":[{"href":"https:\/\/kwp.at\/pensionistenklubs\/wp-json\/wp\/v2\/media?parent=11246"}],"wp:term":[{"taxonomy":"category","embeddable":true,"href":"https:\/\/kwp.at\/pensionistenklubs\/wp-json\/wp\/v2\/categories?post=11246"},{"taxonomy":"post_tag","embeddable":true,"href":"https:\/\/kwp.at\/pensionistenklubs\/wp-json\/wp\/v2\/tags?post=11246"}],"curies":[{"name":"wp","href":"https:\/\/api.w.org\/{rel}","templated":true}]}}