{"id":10522,"date":"2022-09-01T10:32:15","date_gmt":"2022-09-01T08:32:15","guid":{"rendered":"https:\/\/kwp.at\/pensionistenklubs\/?p=10522"},"modified":"2022-09-20T12:00:41","modified_gmt":"2022-09-20T10:00:41","slug":"graetzelfeste-im-september","status":"publish","type":"post","link":"https:\/\/kwp.at\/pensionistenklubs\/graetzelfeste-im-september\/","title":{"rendered":"Gr\u00e4tzelfeste im September"},"content":{"rendered":"\n<p class=\"wp-block-paragraph\"><strong>Im September touren die PensionistInnenklubs noch einmal mit den Gr\u00e4tzelfesten durch die Stadt. SeniorInnen, Angeh\u00f6rige und FreundInnen der Klubs sind herzlich eingeladen, mitzufeiern.<\/strong><\/p>\n\n\n\n<p class=\"wp-block-paragraph\">Bereits <a href=\"https:\/\/kwp.at\/pensionistenklubs\/graetzlfest-tour-der-klubs\/\" target=\"_blank\" rel=\"noreferrer noopener\">im Fr\u00fchjahr<\/a> tourten die PensionistInnenklubs mit den Gr\u00e4tzelfesten durch die Wiener Bezirke. SeniorInnen, AnrainerInnen, PassantInnen und KooperationspartnerInnen der Bezirke trafen zusammen. Es wurde gelacht, getanzt und gefeiert. Auch im September wird gefeiert. Drei weitere Gr\u00e4tzelfeste stehen auf dem Programm \u2013 in Floridsdorf, in Rudolfsheim-F\u00fcnfhaus und in der Brigittenau (siehe Termine unten).<\/p>\n\n\n\n\n<div class=\"wp-block-eedee-block-gutenslide vertical-align-center\"><div id=\"gutenslide-1ew2bdaym\"><div class=\"eedee-background-div\"><img loading=\"lazy\" decoding=\"async\" width=\"1200\" height=\"801\" class=\"wp-image-10526 swiper-zoom-target\" src=\"https:\/\/kwp.at\/pensionistenklubs\/wp-content\/uploads\/sites\/2\/2022\/09\/Graetzlfest-Karmeliterplatz-2.jpg\" alt=\"\" style=\"object-fit:cover;object-position:50% 50%\" srcset=\"https:\/\/kwp.at\/pensionistenklubs\/wp-content\/uploads\/sites\/2\/2022\/09\/Graetzlfest-Karmeliterplatz-2.jpg 1200w, https:\/\/kwp.at\/pensionistenklubs\/wp-content\/uploads\/sites\/2\/2022\/09\/Graetzlfest-Karmeliterplatz-2-300x200.jpg 300w, https:\/\/kwp.at\/pensionistenklubs\/wp-content\/uploads\/sites\/2\/2022\/09\/Graetzlfest-Karmeliterplatz-2-1024x684.jpg 1024w, https:\/\/kwp.at\/pensionistenklubs\/wp-content\/uploads\/sites\/2\/2022\/09\/Graetzlfest-Karmeliterplatz-2-768x513.jpg 768w, https:\/\/kwp.at\/pensionistenklubs\/wp-content\/uploads\/sites\/2\/2022\/09\/Graetzlfest-Karmeliterplatz-2-317x212.jpg 317w, https:\/\/kwp.at\/pensionistenklubs\/wp-content\/uploads\/sites\/2\/2022\/09\/Graetzlfest-Karmeliterplatz-2-648x433.jpg 648w\" sizes=\"auto, (max-width: 1200px) 100vw, 1200px\" \/><div class=\"eedee-background-div__overlay\" style=\"opacity:1\"><\/div><\/div><div class=\"slide-content\"><\/div><\/div><\/div>\n\n\n\n<div class=\"wp-block-eedee-block-gutenslide vertical-align-center\"><div id=\"gutenslide-wl648z0lj\"><div class=\"eedee-background-div\"><img loading=\"lazy\" decoding=\"async\" width=\"1200\" height=\"801\" class=\"wp-image-10527 swiper-zoom-target\" src=\"https:\/\/kwp.at\/pensionistenklubs\/wp-content\/uploads\/sites\/2\/2022\/09\/Graetzlfest-Karmeliterplatz-3.jpg\" alt=\"\" style=\"object-fit:cover;object-position:50% 50%\" srcset=\"https:\/\/kwp.at\/pensionistenklubs\/wp-content\/uploads\/sites\/2\/2022\/09\/Graetzlfest-Karmeliterplatz-3.jpg 1200w, https:\/\/kwp.at\/pensionistenklubs\/wp-content\/uploads\/sites\/2\/2022\/09\/Graetzlfest-Karmeliterplatz-3-300x200.jpg 300w, https:\/\/kwp.at\/pensionistenklubs\/wp-content\/uploads\/sites\/2\/2022\/09\/Graetzlfest-Karmeliterplatz-3-1024x684.jpg 1024w, https:\/\/kwp.at\/pensionistenklubs\/wp-content\/uploads\/sites\/2\/2022\/09\/Graetzlfest-Karmeliterplatz-3-768x513.jpg 768w, https:\/\/kwp.at\/pensionistenklubs\/wp-content\/uploads\/sites\/2\/2022\/09\/Graetzlfest-Karmeliterplatz-3-317x212.jpg 317w, https:\/\/kwp.at\/pensionistenklubs\/wp-content\/uploads\/sites\/2\/2022\/09\/Graetzlfest-Karmeliterplatz-3-648x433.jpg 648w\" sizes=\"auto, (max-width: 1200px) 100vw, 1200px\" \/><div class=\"eedee-background-div__overlay\" style=\"opacity:1\"><\/div><\/div><div class=\"slide-content\"><\/div><\/div><\/div>\n\n\n\n<div class=\"wp-block-eedee-block-gutenslide vertical-align-center\"><div id=\"gutenslide-b6hy9qhjj\"><div class=\"eedee-background-div\"><img loading=\"lazy\" decoding=\"async\" width=\"1200\" height=\"801\" class=\"wp-image-10528 swiper-zoom-target\" src=\"https:\/\/kwp.at\/pensionistenklubs\/wp-content\/uploads\/sites\/2\/2022\/09\/Graetzlfest-Karmeliterplatz-4.jpg\" alt=\"\" style=\"object-fit:cover;object-position:50% 50%\" srcset=\"https:\/\/kwp.at\/pensionistenklubs\/wp-content\/uploads\/sites\/2\/2022\/09\/Graetzlfest-Karmeliterplatz-4.jpg 1200w, https:\/\/kwp.at\/pensionistenklubs\/wp-content\/uploads\/sites\/2\/2022\/09\/Graetzlfest-Karmeliterplatz-4-300x200.jpg 300w, https:\/\/kwp.at\/pensionistenklubs\/wp-content\/uploads\/sites\/2\/2022\/09\/Graetzlfest-Karmeliterplatz-4-1024x684.jpg 1024w, https:\/\/kwp.at\/pensionistenklubs\/wp-content\/uploads\/sites\/2\/2022\/09\/Graetzlfest-Karmeliterplatz-4-768x513.jpg 768w, https:\/\/kwp.at\/pensionistenklubs\/wp-content\/uploads\/sites\/2\/2022\/09\/Graetzlfest-Karmeliterplatz-4-317x212.jpg 317w, https:\/\/kwp.at\/pensionistenklubs\/wp-content\/uploads\/sites\/2\/2022\/09\/Graetzlfest-Karmeliterplatz-4-648x433.jpg 648w\" sizes=\"auto, (max-width: 1200px) 100vw, 1200px\" \/><div class=\"eedee-background-div__overlay\" style=\"opacity:1\"><\/div><\/div><div class=\"slide-content\"><\/div><\/div><\/div>\n\n\n\n<div class=\"wp-block-eedee-block-gutenslide vertical-align-center\"><div id=\"gutenslide-zf19f4xx9\"><div class=\"eedee-background-div\"><img loading=\"lazy\" decoding=\"async\" width=\"1200\" height=\"801\" class=\"wp-image-10529 swiper-zoom-target\" src=\"https:\/\/kwp.at\/pensionistenklubs\/wp-content\/uploads\/sites\/2\/2022\/09\/Graetzlfest-Wieden-2022-26-von-61.jpg\" alt=\"\" style=\"object-fit:cover;object-position:50% 50%\" srcset=\"https:\/\/kwp.at\/pensionistenklubs\/wp-content\/uploads\/sites\/2\/2022\/09\/Graetzlfest-Wieden-2022-26-von-61.jpg 1200w, https:\/\/kwp.at\/pensionistenklubs\/wp-content\/uploads\/sites\/2\/2022\/09\/Graetzlfest-Wieden-2022-26-von-61-300x200.jpg 300w, https:\/\/kwp.at\/pensionistenklubs\/wp-content\/uploads\/sites\/2\/2022\/09\/Graetzlfest-Wieden-2022-26-von-61-1024x684.jpg 1024w, https:\/\/kwp.at\/pensionistenklubs\/wp-content\/uploads\/sites\/2\/2022\/09\/Graetzlfest-Wieden-2022-26-von-61-768x513.jpg 768w, https:\/\/kwp.at\/pensionistenklubs\/wp-content\/uploads\/sites\/2\/2022\/09\/Graetzlfest-Wieden-2022-26-von-61-317x212.jpg 317w, https:\/\/kwp.at\/pensionistenklubs\/wp-content\/uploads\/sites\/2\/2022\/09\/Graetzlfest-Wieden-2022-26-von-61-648x433.jpg 648w\" sizes=\"auto, (max-width: 1200px) 100vw, 1200px\" \/><div class=\"eedee-background-div__overlay\" style=\"opacity:1\"><\/div><\/div><div class=\"slide-content\"><\/div><\/div><\/div>\n\n\n\n\n<p class=\"wp-block-paragraph\">Die Klubs sorgen f\u00fcr ein vielf\u00e4ltiges B\u00fchnenprogramm, unter anderem mit Tanz zu lateinamerikanischen Rhythmen und Gesang. F\u00fcr das leibliche Wohl sorgt das Foodbike der H\u00e4user zum Leben. Kleine K\u00f6stlichkeiten und herrliche Schmankerl warten auf alle BesucherInnen. Speisen und Getr\u00e4nke sind kostenlos.<\/p>\n\n\n\n<div style=\"background-color: #f9b233\" class=\"wp-block-kwp-blocks-infobox\"><h3>Gr\u00e4tzelfeste im September<\/h3><p>\n<p class=\"wp-block-paragraph\">7. September: Pius-Parsch-Platz, 1210 Wien, 13 &#8211; 18 Uhr<br>15. September: Leopold-Mistinger-Platz (U3 Johnstra\u00dfe, Aufgang Wasserwelt), 1150 Wien, 14 &#8211; 18 Uhr<br>20. September: Wallensteinplatz, 1200 Wien, 14 &#8211; 18 Uhr &#8211; <strong>Achtung: wegen Schlechtwetters leider abgesagt!<\/strong><\/p>\n<\/p><\/div>\n\n\n\n<p class=\"wp-block-paragraph\">Um w\u00e4hrend der Teilnahme an unseren Klubaktivit\u00e4ten f\u00fcr Ihre pers\u00f6nliche Sicherheit zu garantieren, sorgen die PensionistInnenklubs im Rahmen der Covid-19-Ma\u00dfnahmen f\u00fcr ein umfangreiches <a href=\"https:\/\/kwp.at\/pensionistenklubs\/covid-19-sicherheitskonzept\/\" target=\"_blank\" rel=\"noreferrer noopener\">Sicherheitskonzept<\/a>.<\/p>\n\n\n\n<p class=\"wp-block-paragraph\"><strong>Wir freuen uns auf Ihren Besuch!<\/strong><\/p>\n","protected":false},"excerpt":{"rendered":"<p>Im September touren die PensionistInnenklubs noch einmal mit den Gr\u00e4tzelfesten durch die Stadt. SeniorInnen, Angeh\u00f6rige und FreundInnen der Klubs sind herzlich eingeladen, mitzufeiern.<\/p>\n","protected":false},"author":270,"featured_media":10525,"comment_status":"closed","ping_status":"closed","sticky":false,"template":"","format":"standard","meta":{"_acf_changed":false,"footnotes":""},"categories":[1],"tags":[],"class_list":["post-10522","post","type-post","status-publish","format-standard","has-post-thumbnail","hentry","category-allgemein"],"acf":[],"yoast_head":"<!-- This site is optimized with the Yoast SEO plugin v28.2 - https:\/\/yoast.com\/product\/yoast-seo-wordpress\/ -->\n<title>Gr\u00e4tzelfeste im September - Pensionist*innenklubs<\/title>\n<meta name=\"description\" content=\"Gr\u00e4tzlfeste der Pensionistenklubs: 7. September: Pius-Parsch-Platz, 15.9.: Leopold-Mistinger-Platz (U3 Johnstra\u00dfe), 20.9. Wallensteinplatz\" \/>\n<meta name=\"robots\" content=\"index, follow, max-snippet:-1, max-image-preview:large, max-video-preview:-1\" \/>\n<link rel=\"canonical\" href=\"https:\/\/kwp.at\/pensionistenklubs\/graetzelfeste-im-september\/\" \/>\n<meta property=\"og:locale\" content=\"de_DE\" \/>\n<meta property=\"og:type\" content=\"article\" \/>\n<meta property=\"og:title\" content=\"Gr\u00e4tzelfeste im September - Pensionist*innenklubs\" \/>\n<meta property=\"og:description\" content=\"Gr\u00e4tzlfeste der Pensionistenklubs: 7. September: Pius-Parsch-Platz, 15.9.: Leopold-Mistinger-Platz (U3 Johnstra\u00dfe), 20.9. Wallensteinplatz\" \/>\n<meta property=\"og:url\" content=\"https:\/\/kwp.at\/pensionistenklubs\/graetzelfeste-im-september\/\" \/>\n<meta property=\"og:site_name\" content=\"Pensionist*innenklubs\" \/>\n<meta property=\"article:published_time\" content=\"2022-09-01T08:32:15+00:00\" \/>\n<meta property=\"article:modified_time\" content=\"2022-09-20T10:00:41+00:00\" \/>\n<meta property=\"og:image\" content=\"https:\/\/kwp.at\/pensionistenklubs\/wp-content\/uploads\/sites\/2\/2022\/09\/Graetzlfest-Karmeliterplatz-2022-8704.jpg\" \/>\n\t<meta property=\"og:image:width\" content=\"1200\" \/>\n\t<meta property=\"og:image:height\" content=\"504\" \/>\n\t<meta property=\"og:image:type\" content=\"image\/jpeg\" \/>\n<meta name=\"author\" content=\"Birgit Riezinger\" \/>\n<meta name=\"twitter:card\" content=\"summary_large_image\" \/>\n<meta name=\"twitter:label1\" content=\"Geschrieben von\" \/>\n\t<meta name=\"twitter:data1\" content=\"Birgit Riezinger\" \/>\n\t<meta name=\"twitter:label2\" content=\"Gesch\u00e4tzte Lesezeit\" \/>\n\t<meta name=\"twitter:data2\" content=\"2\u00a0Minuten\" \/>\n<script type=\"application\/ld+json\" class=\"yoast-schema-graph\">{\"@context\":\"https:\\\/\\\/schema.org\",\"@graph\":[{\"@type\":\"Article\",\"@id\":\"https:\\\/\\\/kwp.at\\\/pensionistenklubs\\\/graetzelfeste-im-september\\\/#article\",\"isPartOf\":{\"@id\":\"https:\\\/\\\/kwp.at\\\/pensionistenklubs\\\/graetzelfeste-im-september\\\/\"},\"author\":{\"name\":\"Birgit Riezinger\",\"@id\":\"https:\\\/\\\/kwp.at\\\/pensionistenklubs\\\/#\\\/schema\\\/person\\\/b69d4f9c907f5c6cc3b57ba47e0359b7\"},\"headline\":\"Gr\u00e4tzelfeste im September\",\"datePublished\":\"2022-09-01T08:32:15+00:00\",\"dateModified\":\"2022-09-20T10:00:41+00:00\",\"mainEntityOfPage\":{\"@id\":\"https:\\\/\\\/kwp.at\\\/pensionistenklubs\\\/graetzelfeste-im-september\\\/\"},\"wordCount\":199,\"publisher\":{\"@id\":\"https:\\\/\\\/kwp.at\\\/pensionistenklubs\\\/#organization\"},\"image\":{\"@id\":\"https:\\\/\\\/kwp.at\\\/pensionistenklubs\\\/graetzelfeste-im-september\\\/#primaryimage\"},\"thumbnailUrl\":\"https:\\\/\\\/kwp.at\\\/pensionistenklubs\\\/wp-content\\\/uploads\\\/sites\\\/2\\\/2022\\\/09\\\/Graetzlfest-Karmeliterplatz-2022-8704.jpg\",\"inLanguage\":\"de\"},{\"@type\":\"WebPage\",\"@id\":\"https:\\\/\\\/kwp.at\\\/pensionistenklubs\\\/graetzelfeste-im-september\\\/\",\"url\":\"https:\\\/\\\/kwp.at\\\/pensionistenklubs\\\/graetzelfeste-im-september\\\/\",\"name\":\"Gr\u00e4tzelfeste im September - Pensionist*innenklubs\",\"isPartOf\":{\"@id\":\"https:\\\/\\\/kwp.at\\\/pensionistenklubs\\\/#website\"},\"primaryImageOfPage\":{\"@id\":\"https:\\\/\\\/kwp.at\\\/pensionistenklubs\\\/graetzelfeste-im-september\\\/#primaryimage\"},\"image\":{\"@id\":\"https:\\\/\\\/kwp.at\\\/pensionistenklubs\\\/graetzelfeste-im-september\\\/#primaryimage\"},\"thumbnailUrl\":\"https:\\\/\\\/kwp.at\\\/pensionistenklubs\\\/wp-content\\\/uploads\\\/sites\\\/2\\\/2022\\\/09\\\/Graetzlfest-Karmeliterplatz-2022-8704.jpg\",\"datePublished\":\"2022-09-01T08:32:15+00:00\",\"dateModified\":\"2022-09-20T10:00:41+00:00\",\"description\":\"Gr\u00e4tzlfeste der Pensionistenklubs: 7. September: Pius-Parsch-Platz, 15.9.: Leopold-Mistinger-Platz (U3 Johnstra\u00dfe), 20.9. Wallensteinplatz\",\"inLanguage\":\"de\",\"potentialAction\":[{\"@type\":\"ReadAction\",\"target\":[\"https:\\\/\\\/kwp.at\\\/pensionistenklubs\\\/graetzelfeste-im-september\\\/\"]}]},{\"@type\":\"ImageObject\",\"inLanguage\":\"de\",\"@id\":\"https:\\\/\\\/kwp.at\\\/pensionistenklubs\\\/graetzelfeste-im-september\\\/#primaryimage\",\"url\":\"https:\\\/\\\/kwp.at\\\/pensionistenklubs\\\/wp-content\\\/uploads\\\/sites\\\/2\\\/2022\\\/09\\\/Graetzlfest-Karmeliterplatz-2022-8704.jpg\",\"contentUrl\":\"https:\\\/\\\/kwp.at\\\/pensionistenklubs\\\/wp-content\\\/uploads\\\/sites\\\/2\\\/2022\\\/09\\\/Graetzlfest-Karmeliterplatz-2022-8704.jpg\",\"width\":1200,\"height\":504,\"caption\":\"Zwei Frauen beim Gr\u00e4tzelfest am Karmeliterplatz\"},{\"@type\":\"WebSite\",\"@id\":\"https:\\\/\\\/kwp.at\\\/pensionistenklubs\\\/#website\",\"url\":\"https:\\\/\\\/kwp.at\\\/pensionistenklubs\\\/\",\"name\":\"Pensionist*innenklubs\",\"description\":\"F\u00fcr die Stadt Wien\",\"publisher\":{\"@id\":\"https:\\\/\\\/kwp.at\\\/pensionistenklubs\\\/#organization\"},\"potentialAction\":[{\"@type\":\"SearchAction\",\"target\":{\"@type\":\"EntryPoint\",\"urlTemplate\":\"https:\\\/\\\/kwp.at\\\/pensionistenklubs\\\/?s={search_term_string}\"},\"query-input\":{\"@type\":\"PropertyValueSpecification\",\"valueRequired\":true,\"valueName\":\"search_term_string\"}}],\"inLanguage\":\"de\"},{\"@type\":\"Organization\",\"@id\":\"https:\\\/\\\/kwp.at\\\/pensionistenklubs\\\/#organization\",\"name\":\"PensionistInnenklubs f\u00fcr die Stadt Wien\",\"url\":\"https:\\\/\\\/kwp.at\\\/pensionistenklubs\\\/\",\"logo\":{\"@type\":\"ImageObject\",\"inLanguage\":\"de\",\"@id\":\"https:\\\/\\\/kwp.at\\\/pensionistenklubs\\\/#\\\/schema\\\/logo\\\/image\\\/\",\"url\":\"https:\\\/\\\/kwp.at\\\/pensionistenklubs\\\/wp-content\\\/uploads\\\/sites\\\/2\\\/2022\\\/08\\\/Logo-Pensionistenklubs-scaled-1.jpeg\",\"contentUrl\":\"https:\\\/\\\/kwp.at\\\/pensionistenklubs\\\/wp-content\\\/uploads\\\/sites\\\/2\\\/2022\\\/08\\\/Logo-Pensionistenklubs-scaled-1.jpeg\",\"width\":2560,\"height\":610,\"caption\":\"PensionistInnenklubs f\u00fcr die Stadt Wien\"},\"image\":{\"@id\":\"https:\\\/\\\/kwp.at\\\/pensionistenklubs\\\/#\\\/schema\\\/logo\\\/image\\\/\"}},{\"@type\":\"Person\",\"@id\":\"https:\\\/\\\/kwp.at\\\/pensionistenklubs\\\/#\\\/schema\\\/person\\\/b69d4f9c907f5c6cc3b57ba47e0359b7\",\"name\":\"Birgit Riezinger\",\"image\":{\"@type\":\"ImageObject\",\"inLanguage\":\"de\",\"@id\":\"https:\\\/\\\/secure.gravatar.com\\\/avatar\\\/feec49cd8da2391eda4c174b5133afa640833b56deb9e58884198343495a430a?s=96&d=mm&r=g\",\"url\":\"https:\\\/\\\/secure.gravatar.com\\\/avatar\\\/feec49cd8da2391eda4c174b5133afa640833b56deb9e58884198343495a430a?s=96&d=mm&r=g\",\"contentUrl\":\"https:\\\/\\\/secure.gravatar.com\\\/avatar\\\/feec49cd8da2391eda4c174b5133afa640833b56deb9e58884198343495a430a?s=96&d=mm&r=g\",\"caption\":\"Birgit Riezinger\"}}]}<\/script>\n<!-- \/ Yoast SEO plugin. -->","yoast_head_json":{"title":"Gr\u00e4tzelfeste im September - Pensionist*innenklubs","description":"Gr\u00e4tzlfeste der Pensionistenklubs: 7. September: Pius-Parsch-Platz, 15.9.: Leopold-Mistinger-Platz (U3 Johnstra\u00dfe), 20.9. Wallensteinplatz","robots":{"index":"index","follow":"follow","max-snippet":"max-snippet:-1","max-image-preview":"max-image-preview:large","max-video-preview":"max-video-preview:-1"},"canonical":"https:\/\/kwp.at\/pensionistenklubs\/graetzelfeste-im-september\/","og_locale":"de_DE","og_type":"article","og_title":"Gr\u00e4tzelfeste im September - Pensionist*innenklubs","og_description":"Gr\u00e4tzlfeste der Pensionistenklubs: 7. September: Pius-Parsch-Platz, 15.9.: Leopold-Mistinger-Platz (U3 Johnstra\u00dfe), 20.9. Wallensteinplatz","og_url":"https:\/\/kwp.at\/pensionistenklubs\/graetzelfeste-im-september\/","og_site_name":"Pensionist*innenklubs","article_published_time":"2022-09-01T08:32:15+00:00","article_modified_time":"2022-09-20T10:00:41+00:00","og_image":[{"width":1200,"height":504,"url":"https:\/\/kwp.at\/pensionistenklubs\/wp-content\/uploads\/sites\/2\/2022\/09\/Graetzlfest-Karmeliterplatz-2022-8704.jpg","type":"image\/jpeg"}],"author":"Birgit Riezinger","twitter_card":"summary_large_image","twitter_misc":{"Geschrieben von":"Birgit Riezinger","Gesch\u00e4tzte Lesezeit":"2\u00a0Minuten"},"schema":{"@context":"https:\/\/schema.org","@graph":[{"@type":"Article","@id":"https:\/\/kwp.at\/pensionistenklubs\/graetzelfeste-im-september\/#article","isPartOf":{"@id":"https:\/\/kwp.at\/pensionistenklubs\/graetzelfeste-im-september\/"},"author":{"name":"Birgit Riezinger","@id":"https:\/\/kwp.at\/pensionistenklubs\/#\/schema\/person\/b69d4f9c907f5c6cc3b57ba47e0359b7"},"headline":"Gr\u00e4tzelfeste im September","datePublished":"2022-09-01T08:32:15+00:00","dateModified":"2022-09-20T10:00:41+00:00","mainEntityOfPage":{"@id":"https:\/\/kwp.at\/pensionistenklubs\/graetzelfeste-im-september\/"},"wordCount":199,"publisher":{"@id":"https:\/\/kwp.at\/pensionistenklubs\/#organization"},"image":{"@id":"https:\/\/kwp.at\/pensionistenklubs\/graetzelfeste-im-september\/#primaryimage"},"thumbnailUrl":"https:\/\/kwp.at\/pensionistenklubs\/wp-content\/uploads\/sites\/2\/2022\/09\/Graetzlfest-Karmeliterplatz-2022-8704.jpg","inLanguage":"de"},{"@type":"WebPage","@id":"https:\/\/kwp.at\/pensionistenklubs\/graetzelfeste-im-september\/","url":"https:\/\/kwp.at\/pensionistenklubs\/graetzelfeste-im-september\/","name":"Gr\u00e4tzelfeste im September - Pensionist*innenklubs","isPartOf":{"@id":"https:\/\/kwp.at\/pensionistenklubs\/#website"},"primaryImageOfPage":{"@id":"https:\/\/kwp.at\/pensionistenklubs\/graetzelfeste-im-september\/#primaryimage"},"image":{"@id":"https:\/\/kwp.at\/pensionistenklubs\/graetzelfeste-im-september\/#primaryimage"},"thumbnailUrl":"https:\/\/kwp.at\/pensionistenklubs\/wp-content\/uploads\/sites\/2\/2022\/09\/Graetzlfest-Karmeliterplatz-2022-8704.jpg","datePublished":"2022-09-01T08:32:15+00:00","dateModified":"2022-09-20T10:00:41+00:00","description":"Gr\u00e4tzlfeste der Pensionistenklubs: 7. September: Pius-Parsch-Platz, 15.9.: Leopold-Mistinger-Platz (U3 Johnstra\u00dfe), 20.9. Wallensteinplatz","inLanguage":"de","potentialAction":[{"@type":"ReadAction","target":["https:\/\/kwp.at\/pensionistenklubs\/graetzelfeste-im-september\/"]}]},{"@type":"ImageObject","inLanguage":"de","@id":"https:\/\/kwp.at\/pensionistenklubs\/graetzelfeste-im-september\/#primaryimage","url":"https:\/\/kwp.at\/pensionistenklubs\/wp-content\/uploads\/sites\/2\/2022\/09\/Graetzlfest-Karmeliterplatz-2022-8704.jpg","contentUrl":"https:\/\/kwp.at\/pensionistenklubs\/wp-content\/uploads\/sites\/2\/2022\/09\/Graetzlfest-Karmeliterplatz-2022-8704.jpg","width":1200,"height":504,"caption":"Zwei Frauen beim Gr\u00e4tzelfest am Karmeliterplatz"},{"@type":"WebSite","@id":"https:\/\/kwp.at\/pensionistenklubs\/#website","url":"https:\/\/kwp.at\/pensionistenklubs\/","name":"Pensionist*innenklubs","description":"F\u00fcr die Stadt Wien","publisher":{"@id":"https:\/\/kwp.at\/pensionistenklubs\/#organization"},"potentialAction":[{"@type":"SearchAction","target":{"@type":"EntryPoint","urlTemplate":"https:\/\/kwp.at\/pensionistenklubs\/?s={search_term_string}"},"query-input":{"@type":"PropertyValueSpecification","valueRequired":true,"valueName":"search_term_string"}}],"inLanguage":"de"},{"@type":"Organization","@id":"https:\/\/kwp.at\/pensionistenklubs\/#organization","name":"PensionistInnenklubs f\u00fcr die Stadt Wien","url":"https:\/\/kwp.at\/pensionistenklubs\/","logo":{"@type":"ImageObject","inLanguage":"de","@id":"https:\/\/kwp.at\/pensionistenklubs\/#\/schema\/logo\/image\/","url":"https:\/\/kwp.at\/pensionistenklubs\/wp-content\/uploads\/sites\/2\/2022\/08\/Logo-Pensionistenklubs-scaled-1.jpeg","contentUrl":"https:\/\/kwp.at\/pensionistenklubs\/wp-content\/uploads\/sites\/2\/2022\/08\/Logo-Pensionistenklubs-scaled-1.jpeg","width":2560,"height":610,"caption":"PensionistInnenklubs f\u00fcr die Stadt Wien"},"image":{"@id":"https:\/\/kwp.at\/pensionistenklubs\/#\/schema\/logo\/image\/"}},{"@type":"Person","@id":"https:\/\/kwp.at\/pensionistenklubs\/#\/schema\/person\/b69d4f9c907f5c6cc3b57ba47e0359b7","name":"Birgit Riezinger","image":{"@type":"ImageObject","inLanguage":"de","@id":"https:\/\/secure.gravatar.com\/avatar\/feec49cd8da2391eda4c174b5133afa640833b56deb9e58884198343495a430a?s=96&d=mm&r=g","url":"https:\/\/secure.gravatar.com\/avatar\/feec49cd8da2391eda4c174b5133afa640833b56deb9e58884198343495a430a?s=96&d=mm&r=g","contentUrl":"https:\/\/secure.gravatar.com\/avatar\/feec49cd8da2391eda4c174b5133afa640833b56deb9e58884198343495a430a?s=96&d=mm&r=g","caption":"Birgit Riezinger"}}]}},"_links":{"self":[{"href":"https:\/\/kwp.at\/pensionistenklubs\/wp-json\/wp\/v2\/posts\/10522","targetHints":{"allow":["GET"]}}],"collection":[{"href":"https:\/\/kwp.at\/pensionistenklubs\/wp-json\/wp\/v2\/posts"}],"about":[{"href":"https:\/\/kwp.at\/pensionistenklubs\/wp-json\/wp\/v2\/types\/post"}],"author":[{"embeddable":true,"href":"https:\/\/kwp.at\/pensionistenklubs\/wp-json\/wp\/v2\/users\/270"}],"replies":[{"embeddable":true,"href":"https:\/\/kwp.at\/pensionistenklubs\/wp-json\/wp\/v2\/comments?post=10522"}],"version-history":[{"count":5,"href":"https:\/\/kwp.at\/pensionistenklubs\/wp-json\/wp\/v2\/posts\/10522\/revisions"}],"predecessor-version":[{"id":10688,"href":"https:\/\/kwp.at\/pensionistenklubs\/wp-json\/wp\/v2\/posts\/10522\/revisions\/10688"}],"wp:featuredmedia":[{"embeddable":true,"href":"https:\/\/kwp.at\/pensionistenklubs\/wp-json\/wp\/v2\/media\/10525"}],"wp:attachment":[{"href":"https:\/\/kwp.at\/pensionistenklubs\/wp-json\/wp\/v2\/media?parent=10522"}],"wp:term":[{"taxonomy":"category","embeddable":true,"href":"https:\/\/kwp.at\/pensionistenklubs\/wp-json\/wp\/v2\/categories?post=10522"},{"taxonomy":"post_tag","embeddable":true,"href":"https:\/\/kwp.at\/pensionistenklubs\/wp-json\/wp\/v2\/tags?post=10522"}],"curies":[{"name":"wp","href":"https:\/\/api.w.org\/{rel}","templated":true}]}}