{"id":10243,"date":"2022-07-19T13:33:58","date_gmt":"2022-07-19T11:33:58","guid":{"rendered":"https:\/\/kwp.at\/pensionistenklubs\/?p=10243"},"modified":"2022-07-19T15:12:02","modified_gmt":"2022-07-19T13:12:02","slug":"die-klubs-sind-hitze-fit","status":"publish","type":"post","link":"https:\/\/kwp.at\/pensionistenklubs\/die-klubs-sind-hitze-fit\/","title":{"rendered":"Die Klubs sind Hitze-fit!"},"content":{"rendered":"\n<p><strong>F\u00fcr diese Woche ist erneut eine Hitzewelle f\u00fcr ganz \u00d6sterreich und vor allem die dicht bebauten St\u00e4dte wie Wien angek\u00fcndigt. Um gut durch diese Hitzeperiode zu kommen, setzen die <a href=\"https:\/\/kwp.at\/\">H\u00e4user zum Leben<\/a> und PensionistInnenklubs gezielt Ma\u00dfnahmen, um k\u00fchle Abhilfe zu schaffen. <\/strong><\/p>\n\n\n\n<h2 class=\"wp-block-heading\">&#8222;Cooler&#8220; Klub<\/h2>\n\n\n\n<p>Die PensionistInnenklubs bieten wienweit an ausgew\u00e4hlten <a href=\"https:\/\/kwp.at\/pensionistenklubs\/clubs\/\">Standorten<\/a> <strong>klimatisierte R\u00e4umlichkeiten f\u00fcr alle BesucherInnen<\/strong>. Sukzessive wird daran gearbeitet alle 150 PensionistInnenklubs <strong>Klima-fit<\/strong> zu machen. Dies betrifft sowohl die CO2-Bilanz als auch die Heizung und die K\u00fchlung. <\/p>\n\n\n\n<p>Zudem bieten einige der Klubstandorte einen <strong>schattigen Garten<\/strong>. Denn auch in solch <strong>st\u00e4dtischen Gr\u00fcnoasen<\/strong> l\u00e4sst sich so manche Hitzeperiode leichter \u00fcberdauern.<\/p>\n\n\n\n<div style=\"background-color: #70c4e5\" class=\"wp-block-kwp-blocks-infobox\"><h3>Besuchen Sie uns!<\/h3><p>\n<p><strong>Klimatisierte Klubs:<\/strong><\/p>\n\n\n\n<ul class=\"wp-block-list\"><li>06. Klub&nbsp;<a href=\"https:\/\/kwp.at\/pensionistenklubs\/clubs\/gumpendorfer-strase-117\/\">Gumpendorfer Stra\u00dfe<\/a><\/li><li>21. Klub&nbsp;<a href=\"https:\/\/kwp.at\/pensionistenklubs\/clubs\/karl-lothringer-strase-32\/\">Karl-Lothringer-Stra\u00dfe<\/a><\/li><li>22. Klub&nbsp;<a href=\"https:\/\/kwp.at\/pensionistenklubs\/clubs\/biberhaufenweg-78\/\">Biberhaufenweg<\/a><\/li><li>23. Klub&nbsp;<a href=\"https:\/\/kwp.at\/pensionistenklubs\/clubs\/kinskygasse-16-30-inzersdorf\/\">Kinskygasse<\/a><\/li><li>23. Klub&nbsp;<a href=\"https:\/\/kwp.at\/pensionistenklubs\/clubs\/breitenfurter-strase-452-1-rodaun\/\">Breitenfurter Stra\u00dfe<\/a><\/li><\/ul>\n\n\n\n<p><strong>Klubg\u00e4rten:<\/strong><\/p>\n\n\n\n<ul class=\"wp-block-list\"><li>02. Klub&nbsp;<a href=\"https:\/\/kwp.at\/pensionistenklubs\/clubs\/bocklinstrase-43\/\">B\u00f6cklinstra\u00dfe<\/a><\/li><li>09. Klub&nbsp;<a href=\"https:\/\/kwp.at\/pensionistenklubs\/clubs\/grunentorgasse-7\/\">Gr\u00fcnentorgasse<\/a><\/li><li>16. Klub&nbsp;<a href=\"https:\/\/kwp.at\/pensionistenklubs\/clubs\/hofferplatz-3\/\">Hofferplatz<\/a><\/li><li>22. Klub&nbsp;<a href=\"https:\/\/kwp.at\/pensionistenklubs\/clubs\/pappelweg-4\/\">Pappelweg<\/a><\/li><\/ul>\n<\/p><\/div>\n\n\n\n<h2 class=\"wp-block-heading\">Auf ins Gr\u00fcne!<\/h2>\n\n\n\n<p>BesucherInnen des <a href=\"https:\/\/kwp.at\/pensionistenklubs\/unsere-klubs-2\/unsere-klubs\/klub-im-freien\/\">Klub+ im Freien<\/a> treffen sich im Sommer an den k\u00fchlsten Orten der Stadt und werden dort auch gratis mit Erfrischungen bewirtet. Hier findet s\u00e4mtliches Klubprogramm im Freien statt. <\/p>\n\n\n\n<p>Zudem bieten die Klubs unz\u00e4hlige <a href=\"https:\/\/kwp.at\/pensionistenklubs\/programm\/ausfluge\/\">Ausflugsm\u00f6glichkeiten<\/a> mit modernen, klimatisierten Bussen. Gemeinsam fahren wir in die Berge oder an einen k\u00fchlen See. Dabei kann man aus drei unterschiedlichen Angeboten zwischen <strong>Kurz-, Halbtages- oder Ganztagesausfl\u00fcgen<\/strong> w\u00e4hlen. Die Fahrten finden in den Sommermonaten Juli und August statt. Die Abfahrt der Reisebusse erfolgt zentral aus Wien. Die Fahrten und Touren werden von den MitarbeiterInnen der Klubs begleitet. Mit dem Mobil-Pass bekommt man hier sogar Verg\u00fcnstigungen.<\/p>\n\n\n\n<p>&#8222;Raus aus der Stadt und hinein in das k\u00fchle Gr\u00fcn&#8220;, lautet auch das Motto bei den <a href=\"https:\/\/kwp.at\/pensionistenklubs\/programm\/sommerurlaub\/\">Urlaubsangeboten<\/a> der Klubs. Jedes Jahr bieten die PensionistInnenklubs f\u00fcr die Stadt Wien und die H\u00e4user zum Leben \u201e<strong>Urlaub in der Sommerfrische<\/strong>\u201c von Mai bis September an. Dabei stehen Wiener SeniorInnen Reisen in die sch\u00f6nsten Regionen \u00d6sterreichs zu leistbaren Preisen zur Auswahl. <\/p>\n\n\n\n<a target=\"_blank\" href=\"https:\/\/kwp.at\/veranstaltungen\/\" rel=\"noopener noreferrer\" class=\"wp-block-kwp-blocks-button-block\">Sommerangebote entdecken!<\/a>\n\n\n\n\n<div class=\"wp-block-eedee-block-gutenslide vertical-align-center\"><div id=\"gutenslide-fhfywq8bx\"><div class=\"eedee-background-div\"><img loading=\"lazy\" decoding=\"async\" width=\"2560\" height=\"1709\" class=\"wp-image-10181 swiper-zoom-target\" src=\"https:\/\/kwp.at\/pensionistenklubs\/wp-content\/uploads\/sites\/2\/2022\/07\/Sportliche-Vielfalt-im-Augarten-7068-scaled.jpg\" alt=\"\" style=\"object-fit:cover;object-position:50% 50%\" srcset=\"https:\/\/kwp.at\/pensionistenklubs\/wp-content\/uploads\/sites\/2\/2022\/07\/Sportliche-Vielfalt-im-Augarten-7068-scaled.jpg 2560w, https:\/\/kwp.at\/pensionistenklubs\/wp-content\/uploads\/sites\/2\/2022\/07\/Sportliche-Vielfalt-im-Augarten-7068-300x200.jpg 300w, https:\/\/kwp.at\/pensionistenklubs\/wp-content\/uploads\/sites\/2\/2022\/07\/Sportliche-Vielfalt-im-Augarten-7068-1024x684.jpg 1024w, https:\/\/kwp.at\/pensionistenklubs\/wp-content\/uploads\/sites\/2\/2022\/07\/Sportliche-Vielfalt-im-Augarten-7068-768x513.jpg 768w, https:\/\/kwp.at\/pensionistenklubs\/wp-content\/uploads\/sites\/2\/2022\/07\/Sportliche-Vielfalt-im-Augarten-7068-1536x1025.jpg 1536w, https:\/\/kwp.at\/pensionistenklubs\/wp-content\/uploads\/sites\/2\/2022\/07\/Sportliche-Vielfalt-im-Augarten-7068-2048x1367.jpg 2048w, https:\/\/kwp.at\/pensionistenklubs\/wp-content\/uploads\/sites\/2\/2022\/07\/Sportliche-Vielfalt-im-Augarten-7068-1600x1068.jpg 1600w, https:\/\/kwp.at\/pensionistenklubs\/wp-content\/uploads\/sites\/2\/2022\/07\/Sportliche-Vielfalt-im-Augarten-7068-317x212.jpg 317w, https:\/\/kwp.at\/pensionistenklubs\/wp-content\/uploads\/sites\/2\/2022\/07\/Sportliche-Vielfalt-im-Augarten-7068-648x433.jpg 648w, https:\/\/kwp.at\/pensionistenklubs\/wp-content\/uploads\/sites\/2\/2022\/07\/Sportliche-Vielfalt-im-Augarten-7068-1296x865.jpg 1296w\" sizes=\"auto, (max-width: 2560px) 100vw, 2560px\" \/><div class=\"eedee-background-div__overlay\" style=\"opacity:1\"><\/div><\/div><div class=\"slide-content\"><\/div><\/div><\/div>\n\n\n\n<div class=\"wp-block-eedee-block-gutenslide vertical-align-center\"><div id=\"gutenslide-5irvqjq14\"><div class=\"eedee-background-div\"><img loading=\"lazy\" decoding=\"async\" width=\"2560\" height=\"1709\" class=\"wp-image-10180 swiper-zoom-target\" src=\"https:\/\/kwp.at\/pensionistenklubs\/wp-content\/uploads\/sites\/2\/2022\/07\/Sportliche-Vielfalt-im-Augarten-7227-scaled.jpg\" alt=\"\" style=\"object-fit:cover;object-position:50% 50%\" srcset=\"https:\/\/kwp.at\/pensionistenklubs\/wp-content\/uploads\/sites\/2\/2022\/07\/Sportliche-Vielfalt-im-Augarten-7227-scaled.jpg 2560w, https:\/\/kwp.at\/pensionistenklubs\/wp-content\/uploads\/sites\/2\/2022\/07\/Sportliche-Vielfalt-im-Augarten-7227-300x200.jpg 300w, https:\/\/kwp.at\/pensionistenklubs\/wp-content\/uploads\/sites\/2\/2022\/07\/Sportliche-Vielfalt-im-Augarten-7227-1024x684.jpg 1024w, https:\/\/kwp.at\/pensionistenklubs\/wp-content\/uploads\/sites\/2\/2022\/07\/Sportliche-Vielfalt-im-Augarten-7227-768x513.jpg 768w, https:\/\/kwp.at\/pensionistenklubs\/wp-content\/uploads\/sites\/2\/2022\/07\/Sportliche-Vielfalt-im-Augarten-7227-1536x1025.jpg 1536w, https:\/\/kwp.at\/pensionistenklubs\/wp-content\/uploads\/sites\/2\/2022\/07\/Sportliche-Vielfalt-im-Augarten-7227-2048x1367.jpg 2048w, https:\/\/kwp.at\/pensionistenklubs\/wp-content\/uploads\/sites\/2\/2022\/07\/Sportliche-Vielfalt-im-Augarten-7227-1600x1068.jpg 1600w, https:\/\/kwp.at\/pensionistenklubs\/wp-content\/uploads\/sites\/2\/2022\/07\/Sportliche-Vielfalt-im-Augarten-7227-317x212.jpg 317w, https:\/\/kwp.at\/pensionistenklubs\/wp-content\/uploads\/sites\/2\/2022\/07\/Sportliche-Vielfalt-im-Augarten-7227-648x433.jpg 648w, https:\/\/kwp.at\/pensionistenklubs\/wp-content\/uploads\/sites\/2\/2022\/07\/Sportliche-Vielfalt-im-Augarten-7227-1296x865.jpg 1296w\" sizes=\"auto, (max-width: 2560px) 100vw, 2560px\" \/><div class=\"eedee-background-div__overlay\" style=\"opacity:1\"><\/div><\/div><div class=\"slide-content\"><\/div><\/div><\/div>\n\n\n\n<div class=\"wp-block-eedee-block-gutenslide vertical-align-center\"><div id=\"gutenslide-nzjamsert\"><div class=\"eedee-background-div\"><img loading=\"lazy\" decoding=\"async\" width=\"2560\" height=\"1709\" class=\"wp-image-10178 swiper-zoom-target\" src=\"https:\/\/kwp.at\/pensionistenklubs\/wp-content\/uploads\/sites\/2\/2022\/07\/Karibisches-Sommerfest_Alte-Donau2022-20-von-44-scaled.jpg\" alt=\"\" style=\"object-fit:cover;object-position:50% 50%\" srcset=\"https:\/\/kwp.at\/pensionistenklubs\/wp-content\/uploads\/sites\/2\/2022\/07\/Karibisches-Sommerfest_Alte-Donau2022-20-von-44-scaled.jpg 2560w, https:\/\/kwp.at\/pensionistenklubs\/wp-content\/uploads\/sites\/2\/2022\/07\/Karibisches-Sommerfest_Alte-Donau2022-20-von-44-300x200.jpg 300w, https:\/\/kwp.at\/pensionistenklubs\/wp-content\/uploads\/sites\/2\/2022\/07\/Karibisches-Sommerfest_Alte-Donau2022-20-von-44-1024x684.jpg 1024w, https:\/\/kwp.at\/pensionistenklubs\/wp-content\/uploads\/sites\/2\/2022\/07\/Karibisches-Sommerfest_Alte-Donau2022-20-von-44-768x513.jpg 768w, https:\/\/kwp.at\/pensionistenklubs\/wp-content\/uploads\/sites\/2\/2022\/07\/Karibisches-Sommerfest_Alte-Donau2022-20-von-44-1536x1025.jpg 1536w, https:\/\/kwp.at\/pensionistenklubs\/wp-content\/uploads\/sites\/2\/2022\/07\/Karibisches-Sommerfest_Alte-Donau2022-20-von-44-2048x1367.jpg 2048w, https:\/\/kwp.at\/pensionistenklubs\/wp-content\/uploads\/sites\/2\/2022\/07\/Karibisches-Sommerfest_Alte-Donau2022-20-von-44-1600x1068.jpg 1600w, https:\/\/kwp.at\/pensionistenklubs\/wp-content\/uploads\/sites\/2\/2022\/07\/Karibisches-Sommerfest_Alte-Donau2022-20-von-44-317x212.jpg 317w, https:\/\/kwp.at\/pensionistenklubs\/wp-content\/uploads\/sites\/2\/2022\/07\/Karibisches-Sommerfest_Alte-Donau2022-20-von-44-648x433.jpg 648w, https:\/\/kwp.at\/pensionistenklubs\/wp-content\/uploads\/sites\/2\/2022\/07\/Karibisches-Sommerfest_Alte-Donau2022-20-von-44-1296x865.jpg 1296w\" sizes=\"auto, (max-width: 2560px) 100vw, 2560px\" \/><div class=\"eedee-background-div__overlay\" style=\"opacity:1\"><\/div><\/div><div class=\"slide-content\"><\/div><\/div><\/div>\n\n\n\n<div class=\"wp-block-eedee-block-gutenslide vertical-align-center\"><div id=\"gutenslide-7ay4pgjeo\"><div class=\"eedee-background-div\"><img loading=\"lazy\" decoding=\"async\" width=\"2560\" height=\"1709\" class=\"wp-image-10174 swiper-zoom-target\" src=\"https:\/\/kwp.at\/pensionistenklubs\/wp-content\/uploads\/sites\/2\/2022\/07\/Graetzlfest-Karmeliterplatz-2022-8570-scaled.jpg\" alt=\"\" style=\"object-fit:cover;object-position:50% 50%\" srcset=\"https:\/\/kwp.at\/pensionistenklubs\/wp-content\/uploads\/sites\/2\/2022\/07\/Graetzlfest-Karmeliterplatz-2022-8570-scaled.jpg 2560w, https:\/\/kwp.at\/pensionistenklubs\/wp-content\/uploads\/sites\/2\/2022\/07\/Graetzlfest-Karmeliterplatz-2022-8570-300x200.jpg 300w, https:\/\/kwp.at\/pensionistenklubs\/wp-content\/uploads\/sites\/2\/2022\/07\/Graetzlfest-Karmeliterplatz-2022-8570-1024x684.jpg 1024w, https:\/\/kwp.at\/pensionistenklubs\/wp-content\/uploads\/sites\/2\/2022\/07\/Graetzlfest-Karmeliterplatz-2022-8570-768x513.jpg 768w, https:\/\/kwp.at\/pensionistenklubs\/wp-content\/uploads\/sites\/2\/2022\/07\/Graetzlfest-Karmeliterplatz-2022-8570-1536x1025.jpg 1536w, https:\/\/kwp.at\/pensionistenklubs\/wp-content\/uploads\/sites\/2\/2022\/07\/Graetzlfest-Karmeliterplatz-2022-8570-2048x1367.jpg 2048w, https:\/\/kwp.at\/pensionistenklubs\/wp-content\/uploads\/sites\/2\/2022\/07\/Graetzlfest-Karmeliterplatz-2022-8570-1600x1068.jpg 1600w, https:\/\/kwp.at\/pensionistenklubs\/wp-content\/uploads\/sites\/2\/2022\/07\/Graetzlfest-Karmeliterplatz-2022-8570-317x212.jpg 317w, https:\/\/kwp.at\/pensionistenklubs\/wp-content\/uploads\/sites\/2\/2022\/07\/Graetzlfest-Karmeliterplatz-2022-8570-648x433.jpg 648w, https:\/\/kwp.at\/pensionistenklubs\/wp-content\/uploads\/sites\/2\/2022\/07\/Graetzlfest-Karmeliterplatz-2022-8570-1296x865.jpg 1296w\" sizes=\"auto, (max-width: 2560px) 100vw, 2560px\" \/><div class=\"eedee-background-div__overlay\" style=\"opacity:1\"><\/div><\/div><div class=\"slide-content\"><\/div><\/div><\/div>\n\n\n\n<div class=\"wp-block-eedee-block-gutenslide vertical-align-center\"><div id=\"gutenslide-3r0mgm9g8\"><div class=\"eedee-background-div\"><img loading=\"lazy\" decoding=\"async\" width=\"2560\" height=\"1709\" class=\"wp-image-10173 swiper-zoom-target\" src=\"https:\/\/kwp.at\/pensionistenklubs\/wp-content\/uploads\/sites\/2\/2022\/07\/Graetzlfest-Karmeliterplatz-2022-8551-scaled.jpg\" alt=\"\" style=\"object-fit:cover;object-position:50% 50%\" srcset=\"https:\/\/kwp.at\/pensionistenklubs\/wp-content\/uploads\/sites\/2\/2022\/07\/Graetzlfest-Karmeliterplatz-2022-8551-scaled.jpg 2560w, https:\/\/kwp.at\/pensionistenklubs\/wp-content\/uploads\/sites\/2\/2022\/07\/Graetzlfest-Karmeliterplatz-2022-8551-300x200.jpg 300w, https:\/\/kwp.at\/pensionistenklubs\/wp-content\/uploads\/sites\/2\/2022\/07\/Graetzlfest-Karmeliterplatz-2022-8551-1024x684.jpg 1024w, https:\/\/kwp.at\/pensionistenklubs\/wp-content\/uploads\/sites\/2\/2022\/07\/Graetzlfest-Karmeliterplatz-2022-8551-768x513.jpg 768w, https:\/\/kwp.at\/pensionistenklubs\/wp-content\/uploads\/sites\/2\/2022\/07\/Graetzlfest-Karmeliterplatz-2022-8551-1536x1025.jpg 1536w, https:\/\/kwp.at\/pensionistenklubs\/wp-content\/uploads\/sites\/2\/2022\/07\/Graetzlfest-Karmeliterplatz-2022-8551-2048x1367.jpg 2048w, https:\/\/kwp.at\/pensionistenklubs\/wp-content\/uploads\/sites\/2\/2022\/07\/Graetzlfest-Karmeliterplatz-2022-8551-1600x1068.jpg 1600w, https:\/\/kwp.at\/pensionistenklubs\/wp-content\/uploads\/sites\/2\/2022\/07\/Graetzlfest-Karmeliterplatz-2022-8551-317x212.jpg 317w, https:\/\/kwp.at\/pensionistenklubs\/wp-content\/uploads\/sites\/2\/2022\/07\/Graetzlfest-Karmeliterplatz-2022-8551-648x433.jpg 648w, https:\/\/kwp.at\/pensionistenklubs\/wp-content\/uploads\/sites\/2\/2022\/07\/Graetzlfest-Karmeliterplatz-2022-8551-1296x865.jpg 1296w\" sizes=\"auto, (max-width: 2560px) 100vw, 2560px\" \/><div class=\"eedee-background-div__overlay\" style=\"opacity:1\"><\/div><\/div><div class=\"slide-content\"><\/div><\/div><\/div>\n\n\n\n<div class=\"wp-block-eedee-block-gutenslide vertical-align-center\"><div id=\"gutenslide-q5tlsxhay\"><div class=\"eedee-background-div\"><img loading=\"lazy\" decoding=\"async\" width=\"2560\" height=\"1709\" class=\"wp-image-10172 swiper-zoom-target\" src=\"https:\/\/kwp.at\/pensionistenklubs\/wp-content\/uploads\/sites\/2\/2022\/07\/Graetzlfest-Karmeliterplatz-2022-8763-scaled.jpg\" alt=\"\" style=\"object-fit:cover;object-position:50% 50%\" srcset=\"https:\/\/kwp.at\/pensionistenklubs\/wp-content\/uploads\/sites\/2\/2022\/07\/Graetzlfest-Karmeliterplatz-2022-8763-scaled.jpg 2560w, https:\/\/kwp.at\/pensionistenklubs\/wp-content\/uploads\/sites\/2\/2022\/07\/Graetzlfest-Karmeliterplatz-2022-8763-300x200.jpg 300w, https:\/\/kwp.at\/pensionistenklubs\/wp-content\/uploads\/sites\/2\/2022\/07\/Graetzlfest-Karmeliterplatz-2022-8763-1024x684.jpg 1024w, https:\/\/kwp.at\/pensionistenklubs\/wp-content\/uploads\/sites\/2\/2022\/07\/Graetzlfest-Karmeliterplatz-2022-8763-768x513.jpg 768w, https:\/\/kwp.at\/pensionistenklubs\/wp-content\/uploads\/sites\/2\/2022\/07\/Graetzlfest-Karmeliterplatz-2022-8763-1536x1025.jpg 1536w, https:\/\/kwp.at\/pensionistenklubs\/wp-content\/uploads\/sites\/2\/2022\/07\/Graetzlfest-Karmeliterplatz-2022-8763-2048x1367.jpg 2048w, https:\/\/kwp.at\/pensionistenklubs\/wp-content\/uploads\/sites\/2\/2022\/07\/Graetzlfest-Karmeliterplatz-2022-8763-1600x1068.jpg 1600w, https:\/\/kwp.at\/pensionistenklubs\/wp-content\/uploads\/sites\/2\/2022\/07\/Graetzlfest-Karmeliterplatz-2022-8763-317x212.jpg 317w, https:\/\/kwp.at\/pensionistenklubs\/wp-content\/uploads\/sites\/2\/2022\/07\/Graetzlfest-Karmeliterplatz-2022-8763-648x433.jpg 648w, https:\/\/kwp.at\/pensionistenklubs\/wp-content\/uploads\/sites\/2\/2022\/07\/Graetzlfest-Karmeliterplatz-2022-8763-1296x865.jpg 1296w\" sizes=\"auto, (max-width: 2560px) 100vw, 2560px\" \/><div class=\"eedee-background-div__overlay\" style=\"opacity:1\"><\/div><\/div><div class=\"slide-content\"><\/div><\/div><\/div>\n\n\n\n\n<p><\/p>\n\n\n\n<h2 class=\"wp-block-heading\">Nicht vergessen: Wasser trinken!<\/h2>\n\n\n\n<p>Ausrechend Wasser zu trinken ist gerade bei hohen Temperaturen ein absolutes Muss, um nicht zu dehydrieren und den Kreislauf auch bei Hitze aufrecht zu erhalten. Eine gut gef\u00fcllte Trinkflasche ist daher ein wichtiger Begleiter an hei\u00dfen Sommertagen.<\/p>\n\n\n\n<p>Gemeinsam mit den H\u00e4usern zum Leben initiierten die PensionistInnenklubs erfolgreich die Aktion \u201e<strong>#Wasser ist ein Menschenrecht<\/strong>\u201c. Wer in Wien viel unterwegs ist, kann einfach seine Wasserflasche mitnehmen und sie \u00fcberall, wo ein Plakat mit einem Wassertropfen und der Slogan \u201eWasserquelle = Quellwasser\u201c zu sehen ist, gratis mit Wiener Hochquellwasser auff\u00fcllen. Selbstverst\u00e4ndlich nehmen all unsere Klublokale und H\u00e4user zum Leben an der kostenlosen Auff\u00fcll-Aktion teil. <\/p>\n\n\n\n<p>Ein weiterer positiver Nebeneffekt: So wird auch unn\u00f6tiger <strong>Plastikm\u00fcll vermieden<\/strong>, Wien sauberer gehalten und dadurch die <strong>Umwelt gesch\u00fctzt<\/strong>. Die verbesserte \u00d6kobilanz ist den Pensionistenklubs und den H\u00e4usern zum Leben ein ebenso gro\u00dfes Anliegen, wie das kostenlose Verteilen von Wasser.<\/p>\n\n\n\n<p>Beim Betreten der H\u00e4user und Klubs gelten die <a href=\"https:\/\/kwp.at\/pensionistenklubs\/covid-19-sicherheitskonzept\/\">aktuellen COVID-Bestimmungen<\/a>!<\/p>\n\n\n\n<a target=\"_blank\" href=\"https:\/\/kwp.at\/was-die-haeuser-zum-leben-gegen-die-hitze-tun\/\" rel=\"noopener noreferrer\" class=\"wp-block-kwp-blocks-button-block\">Was die H\u00e4user zum Leben gegen die Hitze tun<\/a>\n","protected":false},"excerpt":{"rendered":"<p>F\u00fcr diese Woche ist erneut eine Hitzewelle f\u00fcr ganz \u00d6sterreich und vor allem die dicht bebauten St\u00e4dte wie Wien angek\u00fcndigt. Um gut durch diese Hitzeperiode<\/p>\n","protected":false},"author":78,"featured_media":10245,"comment_status":"closed","ping_status":"closed","sticky":false,"template":"","format":"standard","meta":{"_acf_changed":false,"footnotes":""},"categories":[1,20,63,21,22],"tags":[],"class_list":["post-10243","post","type-post","status-publish","format-standard","has-post-thumbnail","hentry","category-allgemein","category-bewegung-im-freien","category-nachhaltigkeit","category-unterwegs-mit-den-klubs","category-willkommen-im-klub"],"acf":[],"yoast_head":"<!-- This site is optimized with the Yoast SEO plugin v27.4 - https:\/\/yoast.com\/product\/yoast-seo-wordpress\/ -->\n<title>Die Klubs sind Hitze-fit! - Pensionist*innenklubs<\/title>\n<meta name=\"robots\" content=\"index, follow, max-snippet:-1, max-image-preview:large, max-video-preview:-1\" \/>\n<link rel=\"canonical\" href=\"https:\/\/kwp.at\/pensionistenklubs\/die-klubs-sind-hitze-fit\/\" \/>\n<meta property=\"og:locale\" content=\"de_DE\" \/>\n<meta property=\"og:type\" content=\"article\" \/>\n<meta property=\"og:title\" content=\"Die Klubs sind Hitze-fit! - Pensionist*innenklubs\" \/>\n<meta property=\"og:description\" content=\"F\u00fcr diese Woche ist erneut eine Hitzewelle f\u00fcr ganz \u00d6sterreich und vor allem die dicht bebauten St\u00e4dte wie Wien angek\u00fcndigt. Um gut durch diese Hitzeperiode\" \/>\n<meta property=\"og:url\" content=\"https:\/\/kwp.at\/pensionistenklubs\/die-klubs-sind-hitze-fit\/\" \/>\n<meta property=\"og:site_name\" content=\"Pensionist*innenklubs\" \/>\n<meta property=\"article:published_time\" content=\"2022-07-19T11:33:58+00:00\" \/>\n<meta property=\"article:modified_time\" content=\"2022-07-19T13:12:02+00:00\" \/>\n<meta property=\"og:image\" content=\"https:\/\/kwp.at\/pensionistenklubs\/wp-content\/uploads\/sites\/2\/2022\/07\/Sommerball-PK-Fliederhof-2019-35-von-55-scaled-e1658226008369.jpg\" \/>\n\t<meta property=\"og:image:width\" content=\"2560\" \/>\n\t<meta property=\"og:image:height\" content=\"1248\" \/>\n\t<meta property=\"og:image:type\" content=\"image\/jpeg\" \/>\n<meta name=\"author\" content=\"jgreger\" \/>\n<meta name=\"twitter:card\" content=\"summary_large_image\" \/>\n<meta name=\"twitter:label1\" content=\"Geschrieben von\" \/>\n\t<meta name=\"twitter:data1\" content=\"jgreger\" \/>\n\t<meta name=\"twitter:label2\" content=\"Gesch\u00e4tzte Lesezeit\" \/>\n\t<meta name=\"twitter:data2\" content=\"4\u00a0Minuten\" \/>\n<script type=\"application\/ld+json\" class=\"yoast-schema-graph\">{\"@context\":\"https:\\\/\\\/schema.org\",\"@graph\":[{\"@type\":\"Article\",\"@id\":\"https:\\\/\\\/kwp.at\\\/pensionistenklubs\\\/die-klubs-sind-hitze-fit\\\/#article\",\"isPartOf\":{\"@id\":\"https:\\\/\\\/kwp.at\\\/pensionistenklubs\\\/die-klubs-sind-hitze-fit\\\/\"},\"author\":{\"name\":\"jgreger\",\"@id\":\"https:\\\/\\\/kwp.at\\\/pensionistenklubs\\\/#\\\/schema\\\/person\\\/61cf2d6446ddb6c1b29073be14a63b67\"},\"headline\":\"Die Klubs sind Hitze-fit!\",\"datePublished\":\"2022-07-19T11:33:58+00:00\",\"dateModified\":\"2022-07-19T13:12:02+00:00\",\"mainEntityOfPage\":{\"@id\":\"https:\\\/\\\/kwp.at\\\/pensionistenklubs\\\/die-klubs-sind-hitze-fit\\\/\"},\"wordCount\":511,\"publisher\":{\"@id\":\"https:\\\/\\\/kwp.at\\\/pensionistenklubs\\\/#organization\"},\"image\":{\"@id\":\"https:\\\/\\\/kwp.at\\\/pensionistenklubs\\\/die-klubs-sind-hitze-fit\\\/#primaryimage\"},\"thumbnailUrl\":\"https:\\\/\\\/kwp.at\\\/pensionistenklubs\\\/wp-content\\\/uploads\\\/sites\\\/2\\\/2022\\\/07\\\/Sommerball-PK-Fliederhof-2019-35-von-55-scaled-e1658226008369.jpg\",\"articleSection\":{\"1\":\"Bewegung im Freien\",\"2\":\"Nachhaltigkeit\",\"3\":\"Unterwegs mit den Klubs\",\"4\":\"Willkommen im Klub\"},\"inLanguage\":\"de\"},{\"@type\":\"WebPage\",\"@id\":\"https:\\\/\\\/kwp.at\\\/pensionistenklubs\\\/die-klubs-sind-hitze-fit\\\/\",\"url\":\"https:\\\/\\\/kwp.at\\\/pensionistenklubs\\\/die-klubs-sind-hitze-fit\\\/\",\"name\":\"Die Klubs sind Hitze-fit! - Pensionist*innenklubs\",\"isPartOf\":{\"@id\":\"https:\\\/\\\/kwp.at\\\/pensionistenklubs\\\/#website\"},\"primaryImageOfPage\":{\"@id\":\"https:\\\/\\\/kwp.at\\\/pensionistenklubs\\\/die-klubs-sind-hitze-fit\\\/#primaryimage\"},\"image\":{\"@id\":\"https:\\\/\\\/kwp.at\\\/pensionistenklubs\\\/die-klubs-sind-hitze-fit\\\/#primaryimage\"},\"thumbnailUrl\":\"https:\\\/\\\/kwp.at\\\/pensionistenklubs\\\/wp-content\\\/uploads\\\/sites\\\/2\\\/2022\\\/07\\\/Sommerball-PK-Fliederhof-2019-35-von-55-scaled-e1658226008369.jpg\",\"datePublished\":\"2022-07-19T11:33:58+00:00\",\"dateModified\":\"2022-07-19T13:12:02+00:00\",\"inLanguage\":\"de\",\"potentialAction\":[{\"@type\":\"ReadAction\",\"target\":[\"https:\\\/\\\/kwp.at\\\/pensionistenklubs\\\/die-klubs-sind-hitze-fit\\\/\"]}]},{\"@type\":\"ImageObject\",\"inLanguage\":\"de\",\"@id\":\"https:\\\/\\\/kwp.at\\\/pensionistenklubs\\\/die-klubs-sind-hitze-fit\\\/#primaryimage\",\"url\":\"https:\\\/\\\/kwp.at\\\/pensionistenklubs\\\/wp-content\\\/uploads\\\/sites\\\/2\\\/2022\\\/07\\\/Sommerball-PK-Fliederhof-2019-35-von-55-scaled-e1658226008369.jpg\",\"contentUrl\":\"https:\\\/\\\/kwp.at\\\/pensionistenklubs\\\/wp-content\\\/uploads\\\/sites\\\/2\\\/2022\\\/07\\\/Sommerball-PK-Fliederhof-2019-35-von-55-scaled-e1658226008369.jpg\",\"width\":2560,\"height\":1248},{\"@type\":\"WebSite\",\"@id\":\"https:\\\/\\\/kwp.at\\\/pensionistenklubs\\\/#website\",\"url\":\"https:\\\/\\\/kwp.at\\\/pensionistenklubs\\\/\",\"name\":\"Pensionist*innenklubs\",\"description\":\"F\u00fcr die Stadt Wien\",\"publisher\":{\"@id\":\"https:\\\/\\\/kwp.at\\\/pensionistenklubs\\\/#organization\"},\"potentialAction\":[{\"@type\":\"SearchAction\",\"target\":{\"@type\":\"EntryPoint\",\"urlTemplate\":\"https:\\\/\\\/kwp.at\\\/pensionistenklubs\\\/?s={search_term_string}\"},\"query-input\":{\"@type\":\"PropertyValueSpecification\",\"valueRequired\":true,\"valueName\":\"search_term_string\"}}],\"inLanguage\":\"de\"},{\"@type\":\"Organization\",\"@id\":\"https:\\\/\\\/kwp.at\\\/pensionistenklubs\\\/#organization\",\"name\":\"PensionistInnenklubs f\u00fcr die Stadt Wien\",\"url\":\"https:\\\/\\\/kwp.at\\\/pensionistenklubs\\\/\",\"logo\":{\"@type\":\"ImageObject\",\"inLanguage\":\"de\",\"@id\":\"https:\\\/\\\/kwp.at\\\/pensionistenklubs\\\/#\\\/schema\\\/logo\\\/image\\\/\",\"url\":\"https:\\\/\\\/kwp.at\\\/pensionistenklubs\\\/wp-content\\\/uploads\\\/sites\\\/2\\\/2022\\\/08\\\/Logo-Pensionistenklubs-scaled-1.jpeg\",\"contentUrl\":\"https:\\\/\\\/kwp.at\\\/pensionistenklubs\\\/wp-content\\\/uploads\\\/sites\\\/2\\\/2022\\\/08\\\/Logo-Pensionistenklubs-scaled-1.jpeg\",\"width\":2560,\"height\":610,\"caption\":\"PensionistInnenklubs f\u00fcr die Stadt Wien\"},\"image\":{\"@id\":\"https:\\\/\\\/kwp.at\\\/pensionistenklubs\\\/#\\\/schema\\\/logo\\\/image\\\/\"}},{\"@type\":\"Person\",\"@id\":\"https:\\\/\\\/kwp.at\\\/pensionistenklubs\\\/#\\\/schema\\\/person\\\/61cf2d6446ddb6c1b29073be14a63b67\",\"name\":\"jgreger\",\"image\":{\"@type\":\"ImageObject\",\"inLanguage\":\"de\",\"@id\":\"https:\\\/\\\/secure.gravatar.com\\\/avatar\\\/9684a2cbe3b4eafe5f601756fda0a28c737f31d3356c28616a94c17141dfb8c4?s=96&d=mm&r=g\",\"url\":\"https:\\\/\\\/secure.gravatar.com\\\/avatar\\\/9684a2cbe3b4eafe5f601756fda0a28c737f31d3356c28616a94c17141dfb8c4?s=96&d=mm&r=g\",\"contentUrl\":\"https:\\\/\\\/secure.gravatar.com\\\/avatar\\\/9684a2cbe3b4eafe5f601756fda0a28c737f31d3356c28616a94c17141dfb8c4?s=96&d=mm&r=g\",\"caption\":\"jgreger\"}}]}<\/script>\n<!-- \/ Yoast SEO plugin. -->","yoast_head_json":{"title":"Die Klubs sind Hitze-fit! - Pensionist*innenklubs","robots":{"index":"index","follow":"follow","max-snippet":"max-snippet:-1","max-image-preview":"max-image-preview:large","max-video-preview":"max-video-preview:-1"},"canonical":"https:\/\/kwp.at\/pensionistenklubs\/die-klubs-sind-hitze-fit\/","og_locale":"de_DE","og_type":"article","og_title":"Die Klubs sind Hitze-fit! - Pensionist*innenklubs","og_description":"F\u00fcr diese Woche ist erneut eine Hitzewelle f\u00fcr ganz \u00d6sterreich und vor allem die dicht bebauten St\u00e4dte wie Wien angek\u00fcndigt. Um gut durch diese Hitzeperiode","og_url":"https:\/\/kwp.at\/pensionistenklubs\/die-klubs-sind-hitze-fit\/","og_site_name":"Pensionist*innenklubs","article_published_time":"2022-07-19T11:33:58+00:00","article_modified_time":"2022-07-19T13:12:02+00:00","og_image":[{"width":2560,"height":1248,"url":"https:\/\/kwp.at\/pensionistenklubs\/wp-content\/uploads\/sites\/2\/2022\/07\/Sommerball-PK-Fliederhof-2019-35-von-55-scaled-e1658226008369.jpg","type":"image\/jpeg"}],"author":"jgreger","twitter_card":"summary_large_image","twitter_misc":{"Geschrieben von":"jgreger","Gesch\u00e4tzte Lesezeit":"4\u00a0Minuten"},"schema":{"@context":"https:\/\/schema.org","@graph":[{"@type":"Article","@id":"https:\/\/kwp.at\/pensionistenklubs\/die-klubs-sind-hitze-fit\/#article","isPartOf":{"@id":"https:\/\/kwp.at\/pensionistenklubs\/die-klubs-sind-hitze-fit\/"},"author":{"name":"jgreger","@id":"https:\/\/kwp.at\/pensionistenklubs\/#\/schema\/person\/61cf2d6446ddb6c1b29073be14a63b67"},"headline":"Die Klubs sind Hitze-fit!","datePublished":"2022-07-19T11:33:58+00:00","dateModified":"2022-07-19T13:12:02+00:00","mainEntityOfPage":{"@id":"https:\/\/kwp.at\/pensionistenklubs\/die-klubs-sind-hitze-fit\/"},"wordCount":511,"publisher":{"@id":"https:\/\/kwp.at\/pensionistenklubs\/#organization"},"image":{"@id":"https:\/\/kwp.at\/pensionistenklubs\/die-klubs-sind-hitze-fit\/#primaryimage"},"thumbnailUrl":"https:\/\/kwp.at\/pensionistenklubs\/wp-content\/uploads\/sites\/2\/2022\/07\/Sommerball-PK-Fliederhof-2019-35-von-55-scaled-e1658226008369.jpg","articleSection":{"1":"Bewegung im Freien","2":"Nachhaltigkeit","3":"Unterwegs mit den Klubs","4":"Willkommen im Klub"},"inLanguage":"de"},{"@type":"WebPage","@id":"https:\/\/kwp.at\/pensionistenklubs\/die-klubs-sind-hitze-fit\/","url":"https:\/\/kwp.at\/pensionistenklubs\/die-klubs-sind-hitze-fit\/","name":"Die Klubs sind Hitze-fit! - Pensionist*innenklubs","isPartOf":{"@id":"https:\/\/kwp.at\/pensionistenklubs\/#website"},"primaryImageOfPage":{"@id":"https:\/\/kwp.at\/pensionistenklubs\/die-klubs-sind-hitze-fit\/#primaryimage"},"image":{"@id":"https:\/\/kwp.at\/pensionistenklubs\/die-klubs-sind-hitze-fit\/#primaryimage"},"thumbnailUrl":"https:\/\/kwp.at\/pensionistenklubs\/wp-content\/uploads\/sites\/2\/2022\/07\/Sommerball-PK-Fliederhof-2019-35-von-55-scaled-e1658226008369.jpg","datePublished":"2022-07-19T11:33:58+00:00","dateModified":"2022-07-19T13:12:02+00:00","inLanguage":"de","potentialAction":[{"@type":"ReadAction","target":["https:\/\/kwp.at\/pensionistenklubs\/die-klubs-sind-hitze-fit\/"]}]},{"@type":"ImageObject","inLanguage":"de","@id":"https:\/\/kwp.at\/pensionistenklubs\/die-klubs-sind-hitze-fit\/#primaryimage","url":"https:\/\/kwp.at\/pensionistenklubs\/wp-content\/uploads\/sites\/2\/2022\/07\/Sommerball-PK-Fliederhof-2019-35-von-55-scaled-e1658226008369.jpg","contentUrl":"https:\/\/kwp.at\/pensionistenklubs\/wp-content\/uploads\/sites\/2\/2022\/07\/Sommerball-PK-Fliederhof-2019-35-von-55-scaled-e1658226008369.jpg","width":2560,"height":1248},{"@type":"WebSite","@id":"https:\/\/kwp.at\/pensionistenklubs\/#website","url":"https:\/\/kwp.at\/pensionistenklubs\/","name":"Pensionist*innenklubs","description":"F\u00fcr die Stadt Wien","publisher":{"@id":"https:\/\/kwp.at\/pensionistenklubs\/#organization"},"potentialAction":[{"@type":"SearchAction","target":{"@type":"EntryPoint","urlTemplate":"https:\/\/kwp.at\/pensionistenklubs\/?s={search_term_string}"},"query-input":{"@type":"PropertyValueSpecification","valueRequired":true,"valueName":"search_term_string"}}],"inLanguage":"de"},{"@type":"Organization","@id":"https:\/\/kwp.at\/pensionistenklubs\/#organization","name":"PensionistInnenklubs f\u00fcr die Stadt Wien","url":"https:\/\/kwp.at\/pensionistenklubs\/","logo":{"@type":"ImageObject","inLanguage":"de","@id":"https:\/\/kwp.at\/pensionistenklubs\/#\/schema\/logo\/image\/","url":"https:\/\/kwp.at\/pensionistenklubs\/wp-content\/uploads\/sites\/2\/2022\/08\/Logo-Pensionistenklubs-scaled-1.jpeg","contentUrl":"https:\/\/kwp.at\/pensionistenklubs\/wp-content\/uploads\/sites\/2\/2022\/08\/Logo-Pensionistenklubs-scaled-1.jpeg","width":2560,"height":610,"caption":"PensionistInnenklubs f\u00fcr die Stadt Wien"},"image":{"@id":"https:\/\/kwp.at\/pensionistenklubs\/#\/schema\/logo\/image\/"}},{"@type":"Person","@id":"https:\/\/kwp.at\/pensionistenklubs\/#\/schema\/person\/61cf2d6446ddb6c1b29073be14a63b67","name":"jgreger","image":{"@type":"ImageObject","inLanguage":"de","@id":"https:\/\/secure.gravatar.com\/avatar\/9684a2cbe3b4eafe5f601756fda0a28c737f31d3356c28616a94c17141dfb8c4?s=96&d=mm&r=g","url":"https:\/\/secure.gravatar.com\/avatar\/9684a2cbe3b4eafe5f601756fda0a28c737f31d3356c28616a94c17141dfb8c4?s=96&d=mm&r=g","contentUrl":"https:\/\/secure.gravatar.com\/avatar\/9684a2cbe3b4eafe5f601756fda0a28c737f31d3356c28616a94c17141dfb8c4?s=96&d=mm&r=g","caption":"jgreger"}}]}},"_links":{"self":[{"href":"https:\/\/kwp.at\/pensionistenklubs\/wp-json\/wp\/v2\/posts\/10243","targetHints":{"allow":["GET"]}}],"collection":[{"href":"https:\/\/kwp.at\/pensionistenklubs\/wp-json\/wp\/v2\/posts"}],"about":[{"href":"https:\/\/kwp.at\/pensionistenklubs\/wp-json\/wp\/v2\/types\/post"}],"author":[{"embeddable":true,"href":"https:\/\/kwp.at\/pensionistenklubs\/wp-json\/wp\/v2\/users\/78"}],"replies":[{"embeddable":true,"href":"https:\/\/kwp.at\/pensionistenklubs\/wp-json\/wp\/v2\/comments?post=10243"}],"version-history":[{"count":7,"href":"https:\/\/kwp.at\/pensionistenklubs\/wp-json\/wp\/v2\/posts\/10243\/revisions"}],"predecessor-version":[{"id":10253,"href":"https:\/\/kwp.at\/pensionistenklubs\/wp-json\/wp\/v2\/posts\/10243\/revisions\/10253"}],"wp:featuredmedia":[{"embeddable":true,"href":"https:\/\/kwp.at\/pensionistenklubs\/wp-json\/wp\/v2\/media\/10245"}],"wp:attachment":[{"href":"https:\/\/kwp.at\/pensionistenklubs\/wp-json\/wp\/v2\/media?parent=10243"}],"wp:term":[{"taxonomy":"category","embeddable":true,"href":"https:\/\/kwp.at\/pensionistenklubs\/wp-json\/wp\/v2\/categories?post=10243"},{"taxonomy":"post_tag","embeddable":true,"href":"https:\/\/kwp.at\/pensionistenklubs\/wp-json\/wp\/v2\/tags?post=10243"}],"curies":[{"name":"wp","href":"https:\/\/api.w.org\/{rel}","templated":true}]}}